{"id":2273,"date":"2021-03-02T22:50:28","date_gmt":"2021-03-02T21:50:28","guid":{"rendered":"https:\/\/helena.jubany.cat\/crim\/?p=2273"},"modified":"2021-03-04T09:34:05","modified_gmt":"2021-03-04T08:34:05","slug":"comunicat-de-la-familia-jubany-davant-de-la-resolucio-de-laudiencia-de-barcelona-que-revoca-la-reobertura-de-la-causa","status":"publish","type":"post","link":"https:\/\/helena.jubany.cat\/crim\/comunicat-de-la-familia-jubany-davant-de-la-resolucio-de-laudiencia-de-barcelona-que-revoca-la-reobertura-de-la-causa\/","title":{"rendered":"Comunicat de la fam\u00edlia Jubany davant de la resoluci\u00f3 de l\u2019Audi\u00e8ncia de Barcelona que revoca la reobertura de la causa"},"content":{"rendered":"\n<p>Davant de l\u2019estupefacci\u00f3 que ens provoca la decisi\u00f3 comunicada ahir 1 de mar\u00e7 de la Secci\u00f3 Tercera de l\u2019Audi\u00e8ncia de Barcelona que estima el recurs de Santiago Laiglesia contra la resoluci\u00f3 de reobertura de la causa que investiga l\u2019assassinat de l\u2019Helena Jubany volem manifestar que:<\/p>\n\n\n\n<ol type=\"1\"><li>No compartim de cap manera la decisi\u00f3 de revocaci\u00f3 de la reobertura, que ens provoca perplexitat absoluta. L\u2019Audi\u00e8ncia no pot tancar la investigaci\u00f3, no pot evitar investigar, saber la veritat \u00e9s un dret que tenim la fam\u00edlia de l&#8217;Helena i el conjunt de la societat.<\/li><li>La resoluci\u00f3 de l&#8217;Audi\u00e8ncia de Barcelona s&#8217;excedeix de les seves funcions, fa valoracions que no toquen en aquest moment tan inicial d\u2019investigaci\u00f3 perqu\u00e8 actua com si hagu\u00e9s de dictar una sent\u00e8ncia valorant all\u00f2 que \u00e9s cre\u00efble i no \u00e9s cre\u00efble i tot tipus de conjectures que no es corresponen a aquest moment processal. L\u2019Audi\u00e8ncia fa com si hagu\u00e9ssim celebrat un judici quan nosaltres nom\u00e9s demanem investigar.<\/li><li>L\u2019Audi\u00e8ncia amb la resoluci\u00f3 dictada cau en una contradicci\u00f3 que frega el rid\u00edcul perqu\u00e8 com que ha resolt amb el material que hi havia el juliol i ni tan sols ha demanat actualitzar el sumari, no t\u00e9 en compte tot all\u00f2 que ha passat en l\u2019expedient posteriorment com les dues tandes de declaracions practicades durant aquest 2021. D\u2019aquesta manera l\u2019Audi\u00e8ncia resol sense tenir en compte la realitat actual de l\u2019expedient.<\/li><\/ol>\n\n\n\n<p>En aquesta situaci\u00f3 i en la perspectiva estrictament jur\u00eddica volem anunciar que estudiarem totes les accions judicials possibles per mantenir oberta o reobrir de nou la causa de l\u2019assassinat de l\u2019Helena Jubany de manera que es pugui investigar fins al final.<\/p>\n\n\n\n<p>En la perspectiva personal, la fam\u00edlia volem expressar la indignaci\u00f3 que ens provoca tanta injust\u00edcia i la incomprensi\u00f3 d\u2019uns tribunals que no \u00e9s que no vulguin jutjar o condemnar \u00e9s que ens neguen d\u2019arrel la possibilitat d\u2019investigar l\u2019assassinat de l\u2019Helena. Volem saber la veritat, tenim dret a investigar fins al final i a portar davant dels jutjats els responsables de la mort de l\u2019Helena. I no ens aturarem fins a aconseguir-ho.<\/p>\n\n\n\n<p>Matar\u00f3, 2 de mar\u00e7 del 2021<\/p>\n\n\n\n<h4>NOT\u00cdCIES DE PREMSA:<\/h4>\n\n\n\n<ul><li>[Diari de Sabadell] <a rel=\"noreferrer noopener\" href=\"https:\/\/www.diaridesabadell.com\/2021\/03\/04\/helena-jubany-sabadell\/\" target=\"_blank\">El germ\u00e0 d&#8217;Helena Jubany: \u201cSabadell no estar\u00e0 tranquil fins que no se s\u00e0piga tota la veritat\u201d<\/a> (4\/3\/2021)<\/li><li>[Diari de Sabadell] <a rel=\"noreferrer noopener\" href=\"https:\/\/www.diaridesabadell.com\/2021\/03\/04\/advocat-helena-jubany\/\" target=\"_blank\">L&#8217;advocat de la fam\u00edlia Jubany estudia interposar un recurs per reprendre la investigaci\u00f3 del crim<\/a> (4\/3\/2021)<\/li><li>[R\u00e0dio Sabadell] <strong>\u00c0UDIO<\/strong> <a rel=\"noreferrer noopener\" href=\"https:\/\/servers.radiosabadell.fm\/cdn\/ff\/WC1n4_yYN_HUAbjCE5wdTsxMY_jQK0OaFyEGCQWD8-w\/1614761013\/public\/2021-03\/210303_elcafe_helenajubany~0.mp3\" target=\"_blank\">Joan Jubany, germ\u00e0 d&#8217;Helena Jubany: &#8220;Hi ha una colla de gent que est\u00e0 protegint el principal investigat i volem que parlin&#8221;<\/a> (3\/2\/2021)<\/li><li>[El Punt &#8211; Avui] <a rel=\"noreferrer noopener\" href=\"https:\/\/www.elpuntavui.cat\/punt-divers\/article\/4-divers\/1932563-el-sospitos-del-cas-jubany-fa-frenar-el-proces.html\" target=\"_blank\">El sospit\u00f3s del cas Jubany fa frenar el proc\u00e9s<\/a> (3\/3\/2021)<\/li><li>[R\u00e0dio Sabadell] <a rel=\"noreferrer noopener\" href=\"https:\/\/radiosabadell.fm\/noticia\/laudiencia-de-barcelona-revoca-la-reobertura-de-lassassinat-dhelena-jubany\" target=\"_blank\">L&#8217;Audi\u00e8ncia de Barcelona revoca la reobertura de l&#8217;assassinat d&#8217;Helena Jubany<\/a> (2\/3\/2021)<\/li><li>[TV3 &#8211; 324] <strong>V\u00cdDEO<\/strong> <a rel=\"noreferrer noopener\" href=\"https:\/\/www.ccma.cat\/324\/laudiencia-de-barcelona-revoca-la-reobertura-del-cas-de-lassassinat-dhelena-jubany\/noticia\/3080554\/\" target=\"_blank\">L&#8217;Audi\u00e8ncia de Barcelona revoca la reobertura del cas de l&#8217;assassinat d&#8217;Helena Jubany<\/a> (2\/3\/2021)<\/li><li>[Diari de Sabadell] <a rel=\"noreferrer noopener\" href=\"https:\/\/www.diaridesabadell.com\/2021\/03\/02\/assassinat-helena-jubany-sabadell\/\" target=\"_blank\">La fam\u00edlia d&#8217;Helena Jubany acusa l&#8217;Audi\u00e8ncia de Barcelona d'&#8221;impedir&#8221; la investigaci\u00f3 d&#8217;un assassinat<\/a> (2\/3\/2021)<\/li><li>[el Punt &#8211; Avui] <a rel=\"noreferrer noopener\" href=\"https:\/\/www.elpuntavui.cat\/societat\/article\/5-societat\/1932245-la-familia-d-helena-jubany-acusa-l-audiencia-de-barcelona-d-impedir-la-investigacio-d-un-assassinat.html\" target=\"_blank\">La fam\u00edlia d\u2019Helena Jubany acusa l\u2019Audi\u00e8ncia de Barcelona d\u2019\u201cimpedir\u201d la investigaci\u00f3 d\u2019un assassinat<\/a> (2\/3\/2021)<\/li><li>[RAC1] <a rel=\"noreferrer noopener\" href=\"https:\/\/www.rac1.cat\/societat\/20210302\/492391951711\/familia-helena-jubany-advocat-benet-salellas-cas-investigacio.html\" target=\"_blank\">La fam\u00edlia d\u2019Helena Jubany avisa que anir\u00e0 fins al final per aclarir la seva mort<\/a> (2\/3\/2021)<\/li><li>[El Pa\u00eds] <a rel=\"noreferrer noopener\" href=\"https:\/\/elpais.com\/espana\/catalunya\/2021-03-02\/la-audiencia-de-barcelona-revoca-la-reapertura-del-asesinato-de-helena-jubany.html\" target=\"_blank\">La Audiencia de Barcelona revoca la reapertura del asesinato de Helena Jubany<\/a> (2\/3\/2021)<\/li><li>[Matar\u00f3 Audiovisual] <a rel=\"noreferrer noopener\" href=\"https:\/\/mataroaudiovisual.cat\/noticia\/societat\/revocada-la-reobertura-del-cas-de-lhelena-jubany\" target=\"_blank\">Revocada la reobertura del cas de l&#8217;Helena Jubany<\/a> (2\/3\/2021)<\/li><li>[Capgr\u00f2s] <a rel=\"noreferrer noopener\" href=\"https:\/\/www.capgros.com\/actualitat\/audiencia-revoca-reobertura-cas-helena-jubany_802163_102.html\" target=\"_blank\">L\u2019Audi\u00e8ncia revoca la reobertura del cas Helena Jubany<\/a> (2\/3\/2021)<\/li><li>[CatalunyaPress] <a rel=\"noreferrer noopener\" href=\"https:\/\/www.catalunyapress.cat\/texto-diario\/mostrar\/2767460\/familia-dhelena-jubany-decebuda-despres-decisio-laudincia\" target=\"_blank\">La fam\u00edlia d&#8217;Helena Jubany, decebuda despr\u00e9s de la decisi\u00f3 de l&#8217;Audi\u00e8ncia<\/a> (2\/3\/2021)<\/li><li>[El Caso.cat] <a rel=\"noreferrer noopener\" href=\"https:\/\/elcaso.elnacional.cat\/ca\/noticies\/helena-jubany-audiencia-barcelona-comunicat-familia_46652_102.html\" target=\"_blank\">Indignaci\u00f3 a la fam\u00edlia d&#8217;Helena Jubany despr\u00e9s del rev\u00e9s judicial<\/a> (2\/3\/2021)<\/li><li>[RAC1] <a rel=\"noreferrer noopener\" href=\"https:\/\/www.rac1.cat\/societat\/20210302\/492382491160\/helena-jubany-audiencia-de-barcelona-justicia-assassinat-investigacio-judici.html\" target=\"_blank\">Cas Helena Jubany: l\u2019Audi\u00e8ncia de Barcelona no veu prou motius per reobrir la investigaci\u00f3<\/a> (2\/3\/2021)<\/li><li>[Vilaweb] <a rel=\"noreferrer noopener\" href=\"https:\/\/www.vilaweb.cat\/noticies\/audiencia-barcelona-reobertura-cas-helena-jubany\/\" target=\"_blank\">L\u2019Audi\u00e8ncia de Barcelona frena la reobertura del cas d\u2019Helena Jubany<\/a> (2\/3\/2021)<\/li><li>[La Vanguardia] <a rel=\"noreferrer noopener\" href=\"https:\/\/www.lavanguardia.com\/local\/gran-valles\/20210302\/6262222\/audiencia-barcelona-reapertura-asesinato-helena-jubany.html\" target=\"_blank\">La Audiencia de Barcelona revoca la reapertura del asesinato de Helena Jubany<\/a> (2\/3\/2021)<\/li><li>[El Peri\u00f3dico] <a rel=\"noreferrer noopener\" href=\"https:\/\/www.elperiodico.cat\/ca\/societat\/20210302\/audiencia-barcelona-revoca-reobertura-cas-assassinat-helena-jubany-11552712?utm_source=twitter-dogtrack&amp;utm_medium=social&amp;utm_campaign=cm-locales-EP_mataro\" target=\"_blank\">L\u2019Audi\u00e8ncia de Barcelona revoca la reobertura del cas de l\u2019assassinat d\u2019Helena Jubany<\/a> (2\/3\/2021)<\/li><\/ul>\n\n\n\n<p><\/p>\n","protected":false},"excerpt":{"rendered":"<p>Davant de l\u2019estupefacci\u00f3 que ens provoca la decisi\u00f3 comunicada ahir 1 de mar\u00e7 de la Secci\u00f3 Tercera de l\u2019Audi\u00e8ncia de Barcelona que estima el recurs de Santiago Laiglesia contra la resoluci\u00f3 de reobertura de la causa que investiga l\u2019assassinat de l\u2019Helena Jubany volem manifestar que: No compartim de cap manera la decisi\u00f3 de revocaci\u00f3 de [&hellip;]<\/p>\n","protected":false},"author":1,"featured_media":2274,"comment_status":"open","ping_status":"open","sticky":false,"template":"","format":"standard","meta":{"_et_pb_use_builder":"","_et_pb_old_content":"","_et_gb_content_width":""},"categories":[27],"tags":[],"_links":{"self":[{"href":"https:\/\/helena.jubany.cat\/crim\/wp-json\/wp\/v2\/posts\/2273"}],"collection":[{"href":"https:\/\/helena.jubany.cat\/crim\/wp-json\/wp\/v2\/posts"}],"about":[{"href":"https:\/\/helena.jubany.cat\/crim\/wp-json\/wp\/v2\/types\/post"}],"author":[{"embeddable":true,"href":"https:\/\/helena.jubany.cat\/crim\/wp-json\/wp\/v2\/users\/1"}],"replies":[{"embeddable":true,"href":"https:\/\/helena.jubany.cat\/crim\/wp-json\/wp\/v2\/comments?post=2273"}],"version-history":[{"count":21,"href":"https:\/\/helena.jubany.cat\/crim\/wp-json\/wp\/v2\/posts\/2273\/revisions"}],"predecessor-version":[{"id":2305,"href":"https:\/\/helena.jubany.cat\/crim\/wp-json\/wp\/v2\/posts\/2273\/revisions\/2305"}],"wp:featuredmedia":[{"embeddable":true,"href":"https:\/\/helena.jubany.cat\/crim\/wp-json\/wp\/v2\/media\/2274"}],"wp:attachment":[{"href":"https:\/\/helena.jubany.cat\/crim\/wp-json\/wp\/v2\/media?parent=2273"}],"wp:term":[{"taxonomy":"category","embeddable":true,"href":"https:\/\/helena.jubany.cat\/crim\/wp-json\/wp\/v2\/categories?post=2273"},{"taxonomy":"post_tag","embeddable":true,"href":"https:\/\/helena.jubany.cat\/crim\/wp-json\/wp\/v2\/tags?post=2273"}],"curies":[{"name":"wp","href":"https:\/\/api.w.org\/{rel}","templated":true}]}}