{"id":2233,"date":"2021-01-19T14:21:30","date_gmt":"2021-01-19T13:21:30","guid":{"rendered":"https:\/\/helena.jubany.cat\/crim\/?p=2233"},"modified":"2021-01-19T14:23:49","modified_gmt":"2021-01-19T13:23:49","slug":"la-familia-jubany-demana-que-el-jutge-designi-mossos-desquadra-per-investigar-el-crim-de-lhelena","status":"publish","type":"post","link":"https:\/\/helena.jubany.cat\/crim\/la-familia-jubany-demana-que-el-jutge-designi-mossos-desquadra-per-investigar-el-crim-de-lhelena\/","title":{"rendered":"La fam\u00edlia Jubany demana al jutge que designi Mossos d&#8217;Esquadra per investigar el crim de l&#8217;Helena"},"content":{"rendered":"\n<p>Dilluns 18 de gener l&#8217;advocat dela fam\u00edlia Jubany, Benet Salellas, ha demanat formalment al jutge instructor que designi al cos de Mossos d&#8217;Esquadra com a Policia Judicial per investigar l&#8217;assassinat de l&#8217;Helena Jubany.<\/p>\n\n\n\n<p>Salellas ha presentat l&#8217;escrit al Jutjat de 1a inst\u00e0ncia n\u00fam. 2 de Sabadell i demana que s&#8217;encarregui la investigaci\u00f3 a la Unitat Central d&#8217;Homicidis de Mossos, especialitzada precisament en investigar expedients de mort violenta pr\u00e8viament arxivats de qui \u00e9s notori i conegut l\u2019\u00e8xit obtingut en els darrers temps (el crim de la sabateria de Sabadell, esdevingut el 2007 i resolt el 2019, o el crim hom\u00f2fob de Montgat, esdevingut el 2000 i resolt el 2018, per citar dos exemples).<\/p>\n\n\n\n<p>Altres arguments a favor de la designaci\u00f3 de Mossos en el cas de l&#8217;Helena Jubany s\u00f3n:<\/p>\n\n\n\n<ul><li>Proximitat geogr\u00e0fica, la UCH de Mossos es troba al complex Egara a escassos kil\u00f2metres de Sabadell, a difer\u00e8ncia de la UDEF de CNP que es troba a 600 kil\u00f2metres.<\/li><li>Coneixement directe de la realitat social del context del crim incl\u00f2s coneixement de la llengua catalana, que \u00e9s la utilitzada per la v\u00edctima i pels principals investigats fins al dia d\u2019avui.<\/li><li>Desplegament del cos al territori en altres \u00e0mbits com seguretat ciutadana i informaci\u00f3 que permeten la utilitzaci\u00f3 de recursos sobre el terreny i d\u2019informaci\u00f3 generada de forma \u00f2ptima.<\/li><\/ul>\n\n\n\n<p>L&#8217;escrit conclou que &#8220;per tot aix\u00f2 entenem que la designaci\u00f3 de Policia Judicial per part d\u2019aquest Jutjat ha de ser feta a la Unitat de policia judicial indicada de Mossos d\u2019Esquadra de forma \u00fanica o, en tot cas, de forma coordinada en la creaci\u00f3 d\u2019un equip conjunt liderat per Mossos d\u2019Esquadra que inclogui els antics investigadors del CNP per tal d\u2019incorporar el seu coneixement i experi\u00e8ncia en la investigaci\u00f3 del cas&#8221;.<\/p>\n\n\n\n<p class=\"has-text-align-right\">Matar\u00f3\/Sabadell, 19 de gener de 2021<\/p>\n","protected":false},"excerpt":{"rendered":"<p>Dilluns 18 de gener l&#8217;advocat dela fam\u00edlia Jubany, Benet Salellas, ha demanat formalment al jutge instructor que designi al cos de Mossos d&#8217;Esquadra com a Policia Judicial per investigar l&#8217;assassinat de l&#8217;Helena Jubany. Salellas ha presentat l&#8217;escrit al Jutjat de 1a inst\u00e0ncia n\u00fam. 2 de Sabadell i demana que s&#8217;encarregui la investigaci\u00f3 a la Unitat [&hellip;]<\/p>\n","protected":false},"author":1,"featured_media":2234,"comment_status":"open","ping_status":"open","sticky":false,"template":"","format":"standard","meta":{"_et_pb_use_builder":"","_et_pb_old_content":"","_et_gb_content_width":""},"categories":[27],"tags":[],"_links":{"self":[{"href":"https:\/\/helena.jubany.cat\/crim\/wp-json\/wp\/v2\/posts\/2233"}],"collection":[{"href":"https:\/\/helena.jubany.cat\/crim\/wp-json\/wp\/v2\/posts"}],"about":[{"href":"https:\/\/helena.jubany.cat\/crim\/wp-json\/wp\/v2\/types\/post"}],"author":[{"embeddable":true,"href":"https:\/\/helena.jubany.cat\/crim\/wp-json\/wp\/v2\/users\/1"}],"replies":[{"embeddable":true,"href":"https:\/\/helena.jubany.cat\/crim\/wp-json\/wp\/v2\/comments?post=2233"}],"version-history":[{"count":2,"href":"https:\/\/helena.jubany.cat\/crim\/wp-json\/wp\/v2\/posts\/2233\/revisions"}],"predecessor-version":[{"id":2236,"href":"https:\/\/helena.jubany.cat\/crim\/wp-json\/wp\/v2\/posts\/2233\/revisions\/2236"}],"wp:featuredmedia":[{"embeddable":true,"href":"https:\/\/helena.jubany.cat\/crim\/wp-json\/wp\/v2\/media\/2234"}],"wp:attachment":[{"href":"https:\/\/helena.jubany.cat\/crim\/wp-json\/wp\/v2\/media?parent=2233"}],"wp:term":[{"taxonomy":"category","embeddable":true,"href":"https:\/\/helena.jubany.cat\/crim\/wp-json\/wp\/v2\/categories?post=2233"},{"taxonomy":"post_tag","embeddable":true,"href":"https:\/\/helena.jubany.cat\/crim\/wp-json\/wp\/v2\/tags?post=2233"}],"curies":[{"name":"wp","href":"https:\/\/api.w.org\/{rel}","templated":true}]}}