{"id":2217,"date":"2021-01-16T17:55:25","date_gmt":"2021-01-16T16:55:25","guid":{"rendered":"https:\/\/helena.jubany.cat\/crim\/?p=2217"},"modified":"2021-01-16T17:58:50","modified_gmt":"2021-01-16T16:58:50","slug":"els-testimonis-declaren-davant-el-jutge-i-situen-el-sospitos-a-lescenari-del-crim","status":"publish","type":"post","link":"https:\/\/helena.jubany.cat\/crim\/els-testimonis-declaren-davant-el-jutge-i-situen-el-sospitos-a-lescenari-del-crim\/","title":{"rendered":"Els testimonis declaren davant el jutge i situen el sospit\u00f3s a l&#8217;escenari del crim"},"content":{"rendered":"\n<p>Divendres 15 de gener han declarat als jutjats de Sabadell els primers testimonis que van facilitar la reobertura, ara fa mig any, de la causa de l&#8217;assassinat de l&#8217;Helena Jubany.<\/p>\n\n\n\n<p>El nou jutge instructor ha escoltat en seu judicial tres testimonis que desmunten les coartades del principal sospit\u00f3s. Aquestes declaracions estaven convocades el 4 de novembre per\u00f2 es van ajornar un mes i mig per un problema inform\u00e0tic als jutjats.<\/p>\n\n\n\n<p>Un ve\u00ed del carrer Calvet d&#8217;Estrella ha confirmat davant el jutge que Santi Laiglesia convivia amb Montserrat Careta al 3r 2a de l&#8217;immoble on van matar l&#8217;Helena. Aquest testimoni tomba la coartada del principal sospit\u00f3s, que havia declarat que ell no vivia al domicili els dies dels fets.<\/p>\n\n\n\n<p>Un activista ecologista ha certificat que l&#8217;investigat no va assistir a una concentraci\u00f3 a Torrebonica el diumenge 2 de setembre de 2001. Laiglesia havia declarat que hi va participar, per\u00f2 el testimoni ho ha desmentit de manera molt clara.<\/p>\n\n\n\n<p>El tercer testimoni que ha declarat davant el jutge \u00e9s la Imma Careta, germana de la Montse Careta, que ha aportat dades i documents que situen en Santiago Laiglesia a l&#8217;escenari del crim.<\/p>\n\n\n\n<p>Un altre ve\u00ed de l&#8217;edifici havia de declarar, per\u00f2 per error burocr\u00e0tic dels jutjats s&#8217;havia citat el fill enlloc del pare. Tots dos tenen el mateix nom i cognom. Aquest testimoni ser\u00e0 citat m\u00e9s endavant.<\/p>\n\n\n\n<p>L&#8217;advocat <strong>Benet Salellas<\/strong> ha avan\u00e7at que, un cop fetes aquestes declaracions, dilluns demanarem formalment al jutge que encarregui una nova investigaci\u00f3 policial a fons que permeti aclarir l&#8217;autoria del crim, incloses totes les persones implicades en diversos graus. Considerem que qui millor pot fer aquesta investigaci\u00f3 \u00e9s la Unitat Central d&#8217;Homicidis dels Mossos d&#8217;Esquadra, atesa la seva especialitzaci\u00f3 en tancar casos no resolts com aquest.<\/p>\n\n\n\n<h4>Not\u00edcies de premsa:<\/h4>\n\n\n\n<ul><li>[El Punt Avui] <a href=\"https:\/\/www.elpuntavui.cat\/punt-divers\/article\/4-divers\/1908876-situen-el-sospitos-del-cas-jubany-a-l-escenari-del-crim.html\" target=\"_blank\" rel=\"noreferrer noopener\">Situen el sospit\u00f3s del cas Jubany a l\u2019escenari del crim<\/a> (16\/1\/2021)<\/li><li>[tekdeeps.com] <a href=\"https:\/\/tekdeeps.com\/new-clues-to-the-murder-of-jubany-the-young-librarian-murdered-in-2001\/\" target=\"_blank\" rel=\"noreferrer noopener\">New clues to the murder of Jubany, the young librarian murdered in 2001<\/a> (16\/1\/2021)<\/li><li>[La Informaci\u00f3n] <a href=\"https:\/\/www.lainformacion.com\/asuntos-sociales\/asesinato-helena-jubany-nuevas-pistas\/2826518\/\" target=\"_blank\" rel=\"noreferrer noopener\">Nuevas pistas del asesinato de Jubany, la joven bibliotecaria asesinada en 2001<\/a> (16\/1\/2021)<\/li><li>[ABC] <a href=\"https:\/\/www.abc.es\/espana\/abci-helena-jubany-caso-reabierto-202101160204_noticia.html\" target=\"_blank\" rel=\"noreferrer noopener\">Helena Jubany: caso reabierto<\/a> (16\/1\/2021)<\/li><\/ul>\n\n\n\n<ul><li>[TV3 \u2013 Telenot\u00edcies VIDEO] <a rel=\"noreferrer noopener\" href=\"https:\/\/www.ccma.cat\/tv3\/alacarta\/telenoticies\/cas-jubany-mes-testimonis-posen-en-el-punt-de-mira-el-principal-sospitos-del-crim\/video\/6079136\/\" target=\"_blank\">Cas Jubany: m\u00e9s testimonis posen en el punt de mira el principal sospit\u00f3s del crim<\/a> (15\/1\/2021)<\/li><\/ul>\n\n\n\n<ul><li>[R\u00e0dio Sabadell \u00c0UDIO]\u00a0<a rel=\"noreferrer noopener\" href=\"https:\/\/radiosabadell.fm\/noticia\/la-familia-dhelena-jubany-reclama-la-investigacio-immediata-de-lassassinat-part-dels-mossos\" target=\"_blank\">La fam\u00edlia d\u2019Helena Jubany reclama la investigaci\u00f3 \u201cimmediata\u201d de l\u2019assassinat per part dels Mossos<\/a> (15\/1\/2021)<\/li><\/ul>\n\n\n\n<ul><li>[TV Sabadell Vall\u00e8s VIDEO] <a rel=\"noreferrer noopener\" href=\"https:\/\/www.youtube.com\/watch?v=j-MnEZVYYGY\" target=\"_blank\">Testifiquen als Jutjats de Sabadell tres testimonis del cas Helena Jubany<\/a> (15\/1\/2021)<\/li><\/ul>\n\n\n\n<ul><li>[Diari de Sabadell] <a href=\"https:\/\/www.diaridesabadell.com\/2021\/01\/15\/assassinat-helena-jubany-santi-laiglesia\/\" target=\"_blank\" rel=\"noreferrer noopener\">Crim d\u2019Helena Jubany: demanen una nova investigaci\u00f3 judicial per trobar l\u2019assass\u00ed i els c\u00f2mplices<\/a> (15\/1\/2021)<\/li><li>[iSabadell] <a href=\"https:\/\/www.isabadell.cat\/tribunals\/cas-jubany-homicidis-mossos-desquadra\/\" target=\"_blank\" rel=\"noreferrer noopener\">Un testimoni indica que el principal sospit\u00f3s residia al pis on van assassinar Helena Jubany<\/a> (15\/1\/2021)<\/li><li>[Ara] <a href=\"https:\/\/www.ara.cat\/societat\/assassinat-crim-Helena-Jubany-testimonis-declaren-jutjat-coartada-Santi-Laiglesia_0_2600740129.html\" target=\"_blank\" rel=\"noreferrer noopener\">Desmunten la coartada del crim d\u2019Helena Jubany<\/a> (15\/1\/2021)<\/li><li>[El Punt Avui] <a href=\"https:\/\/www.elpuntavui.cat\/societat\/article\/5-societat\/1908555-la-familia-d-helena-jubany-demana-una-investigacio-policial-sobre-la-seva-mort-i-proposa-que-l-assumeixi-els-mossos.html\" target=\"_blank\" rel=\"noreferrer noopener\">La fam\u00edlia d\u2019Helena Jubany demana una investigaci\u00f3 policial sobre la seva mort i proposa que l\u2019assumeixi els Mossos<\/a> (15\/1\/2021)<\/li><li>[El Peri\u00f3dico] <a href=\"https:\/\/www.elperiodico.cat\/ca\/sabadell\/20210115\/caso-helena-jubany-investigacioacute-profunda-11457485\" target=\"_blank\" rel=\"noreferrer noopener\">La fam\u00edlia d\u2019Helena Jubany demanar\u00e0 a la policia judicial una investigaci\u00f3 profunda<\/a> (15\/1\/2021)<\/li><li>[La Vanguardia] <a href=\"https:\/\/www.lavanguardia.com\/local\/gran-valles\/20210115\/6183266\/familia-helena-jubany-investigacion-policial-joven-muerta-sabadell.html\" target=\"_blank\" rel=\"noreferrer noopener\">Declaran los primeros testigos tras la reapertura del caso de la muerte de Helena Jubany en Sabadell<\/a> (15\/1\/2021)<\/li><li>[Estrella Digital] <a href=\"https:\/\/www.estrelladigital.es\/articulo\/sucesos-humor\/familia-bibliotecaria-asesinada-urge-policia-reactivar-caso\/20210115204940445510.html\" target=\"_blank\" rel=\"noreferrer noopener\">La familia de la bibliotecaria asesinada urge a la polic\u00eda a reactivar el caso<\/a> (15\/1\/2021)<\/li><\/ul>\n","protected":false},"excerpt":{"rendered":"<p>Divendres 15 de gener han declarat als jutjats de Sabadell els primers testimonis que van facilitar la reobertura, ara fa mig any, de la causa de l&#8217;assassinat de l&#8217;Helena Jubany. El nou jutge instructor ha escoltat en seu judicial tres testimonis que desmunten les coartades del principal sospit\u00f3s. Aquestes declaracions estaven convocades el 4 de [&hellip;]<\/p>\n","protected":false},"author":1,"featured_media":2218,"comment_status":"open","ping_status":"open","sticky":false,"template":"","format":"standard","meta":{"_et_pb_use_builder":"","_et_pb_old_content":"","_et_gb_content_width":""},"categories":[27,28],"tags":[],"_links":{"self":[{"href":"https:\/\/helena.jubany.cat\/crim\/wp-json\/wp\/v2\/posts\/2217"}],"collection":[{"href":"https:\/\/helena.jubany.cat\/crim\/wp-json\/wp\/v2\/posts"}],"about":[{"href":"https:\/\/helena.jubany.cat\/crim\/wp-json\/wp\/v2\/types\/post"}],"author":[{"embeddable":true,"href":"https:\/\/helena.jubany.cat\/crim\/wp-json\/wp\/v2\/users\/1"}],"replies":[{"embeddable":true,"href":"https:\/\/helena.jubany.cat\/crim\/wp-json\/wp\/v2\/comments?post=2217"}],"version-history":[{"count":3,"href":"https:\/\/helena.jubany.cat\/crim\/wp-json\/wp\/v2\/posts\/2217\/revisions"}],"predecessor-version":[{"id":2221,"href":"https:\/\/helena.jubany.cat\/crim\/wp-json\/wp\/v2\/posts\/2217\/revisions\/2221"}],"wp:featuredmedia":[{"embeddable":true,"href":"https:\/\/helena.jubany.cat\/crim\/wp-json\/wp\/v2\/media\/2218"}],"wp:attachment":[{"href":"https:\/\/helena.jubany.cat\/crim\/wp-json\/wp\/v2\/media?parent=2217"}],"wp:term":[{"taxonomy":"category","embeddable":true,"href":"https:\/\/helena.jubany.cat\/crim\/wp-json\/wp\/v2\/categories?post=2217"},{"taxonomy":"post_tag","embeddable":true,"href":"https:\/\/helena.jubany.cat\/crim\/wp-json\/wp\/v2\/tags?post=2217"}],"curies":[{"name":"wp","href":"https:\/\/api.w.org\/{rel}","templated":true}]}}