{"id":2158,"date":"2020-11-23T17:38:26","date_gmt":"2020-11-23T16:38:26","guid":{"rendered":"https:\/\/helena.jubany.cat\/crim\/?p=2158"},"modified":"2021-01-14T20:24:34","modified_gmt":"2021-01-14T19:24:34","slug":"des-de-la-reobertura-ni-els-tribunals-ni-la-policia-han-avancat-per-resoldre-el-crim-de-lhelena-jubany","status":"publish","type":"post","link":"https:\/\/helena.jubany.cat\/crim\/des-de-la-reobertura-ni-els-tribunals-ni-la-policia-han-avancat-per-resoldre-el-crim-de-lhelena-jubany\/","title":{"rendered":"Des de la reobertura, ni els tribunals ni la policia han avan\u00e7at per resoldre el crim de l&#8217;Helena Jubany"},"content":{"rendered":"\n<p><\/p>\n\n\n\n<blockquote class=\"wp-block-quote\"><p>&#8220;<strong>No volem que per deixadesa judicial i policial al final triomfin la burocr\u00e0cia i la impunitat en aquest cas d\u2019assassinat<\/strong>&#8220;<\/p><cite>Benet Salellas, advocat de la fam\u00edlia Jubany<\/cite><\/blockquote>\n\n\n\n<p>La fam\u00edlia de l\u2019Helena Jubany ha denunciat p\u00fablicament en roda de premsa que, quatre mesos despr\u00e9s de la reobertura de la causa judicial, ni el jutjat d\u2019instrucci\u00f3 ni la Policia Nacional no han iniciat cap investigaci\u00f3 a fons per resoldre l\u2019assassinat.<\/p>\n\n\n\n<p><strong>Joan Jubany<\/strong>, germ\u00e0 de l\u2019Helena ha explicat que a la fam\u00edlia ens va esperan\u00e7ar la reobertura de la causa judical, a finals de juliol, i que confi\u00e0vem que a partir d\u2019aqu\u00ed la polici obriria una investigaci\u00f3 a fons que permeti resoldre el cas, arxivat des de l\u2019any 2005. Durant l\u2019agost els organismes oficials van fer vacances i el fins el mes de setembre el Cuerpo Nacional de Pol\u00edcia no va definir quina unitat actuar\u00e0 com a policia jucicial en la investigaci\u00f3 del crim. El 18 de setembre ens hi vam adre\u00e7ar per aportar-los informacions noves que creiem que poden ajudar a fer una investigaci\u00f3 a fons, per\u00f2 la policia ens va dir que si tenim noves proves les aportem als jutjats. El germ\u00e0 de l\u2019Helena ha explicat que \u201cla veritat \u00e9s que vam sortir d\u2019all\u00e0 molt decebuts perqu\u00e8 ens vam trobar amb una actitud molt burocr\u00e0tica i gens proactiva quan la policia ens va dir que no tenen previst fer una investigaci\u00f3 a fons i que es limitaran a fer nom\u00e9s les dilig\u00e8ncies concretes que els hi ordeni el jutge\u201d.<\/p>\n\n\n\n<p><strong>Benet Salellas<\/strong>, advocat de la fam\u00edlia, ha denunciat que \u201cno s\u2019estan posant els mitjans ni per la part judicial ni per la part policial. Per deixadesa d\u2019uns i altres tenim la impressi\u00f3 que ning\u00fa posa cap mena d\u2019inter\u00e8s ni d\u00f3na prioritat a investigar aquest cas\u201d.<\/p>\n\n\n\n<p>\u201cConsiderem molt greu que quatre mesos despr\u00e9s que es reobri una investigaci\u00f3 judicial per assassinat el jutge no hagi acordat ni tansols la data per citar els primers testimonis que nosaltres haviem proposat\u201d, i encara menys el que vindria immediatament despr\u00e9s: \u201cque s\u2019orden\u00e9s l\u2019ampliaci\u00f3 de la investigaci\u00f3 amb un atestat recopilatori nou despr\u00e9s de tots aquests anys\u201d, tal com vam demanar l\u2019Acusaci\u00f3 Particular i tamb\u00e9 la Fiscalia.<\/p>\n\n\n\n<p><strong>Risc de prescripci\u00f3 del crim<\/strong><\/p>\n\n\n\n<p>Aquesta inacci\u00f3 judicial \u00e9s molt greu perqu\u00e8, m\u00e9s enll\u00e0 del principal encausat, \u201chi ha altres persones que podrien ser corresponsables de l\u2019assassinat de l\u2019Helena Jubany i la possibilitat de dur a judici aquestes persones prescriur\u00e0 el desembre de 2021\u201d. L\u2019advocat de la fam\u00edlia ha advertit que \u201cen aquest cas, de la rapidesa o lentitud de la pr\u00e0ctica d\u2019aquestes dilig\u00e8ncies en podr\u00e0 dependre que en el seu moment poguem formular investigaci\u00f3 i acusaci\u00f3 contra altres persones diferents del principal investigat\u201d.<\/p>\n\n\n\n<p>Salellas ha afrimat que \u201c\u00e9s especialment urgent que el Jutjat comenci a fer alguna cosa en el cas de l\u2019Helena Jubany perqu\u00e8, malauradament, m\u00e9s enll\u00e0 de la reobertura avui encara no ha fet res\u201d. \u201cSi hi ha un problema amb el sistema inform\u00e0tic, que es posin els mitjans per solventar-lo, i si hi ha problema d\u2019agenda que es busquin les solucions necess\u00e0ries. Per\u00f2 \u00e9s evident que el cas de l\u2019Helena Jubany no pot passar ni un dia m\u00e9s esperant sense data, sense horitz\u00f3 i sense cap mena de perspectiva\u201d.<\/p>\n\n\n\n<p><strong>Que porti el cas un cos policial que vulgui investigar<\/strong><\/p>\n\n\n\n<p>Despr\u00e9s del que hem vist fins ara, \u201cvolem que se n\u2019ocupi un cos policial que tingui ganes d\u2019investigar, recopilar totes les dades que hem tingut despr\u00e9s de la investigaci\u00f3 inicial, que puguin utuilitzar tecnologia que no hi havia l\u2019any 2001\u201d \u201cPensem que a Catalunya hi ha cossos policials que tenen aquesta capacitat i que a m\u00e9s tenen la voluntat de fer aquesta investigaci\u00f3, i si qui ho t\u00e9 encaregat no mostra cap inter\u00e8s, nosaltres demanem que hi hagi un relleu\u201d<\/p>\n\n\n\n<p>Demanem, doncs, \u201cque la policia que vulgui investigar sigui la que porti el cas\u201d.<\/p>\n\n\n\n<p>Salellas ha concl\u00f2s que \u201cel que no pot ser \u00e9s que per deixadesa judicial i policial al final triomfin la burocr\u00e0cia i la impunitat en relaci\u00f3 al crim de l\u2019Helena Jubany\u201d.<\/p>\n\n\n\n<p>Recordem que el Jutjat d\u2019Instrucci\u00f3 n\u00famero 2 de Sabadell, que porta la causa, va acordar-ne la reobetura el mes de juliol de 2020 i que, evidentment no es tractava nom\u00e9s de reobrir-la sin\u00f3 d\u2019iniciar una investigaci\u00f3 a fons. Les primeres dilig\u00e8ncies que va ordenar el jutge despr\u00e9s de la reobertura foren citar a declarar davant seu el conjunt de testimonis que nosaltres haviem aportat amb declaracions davant notari. Aquestes citacions s\u2019havien de fer el 4 de novembre per\u00f2 \u201cper un problema inform\u00e0tic en el jutjat es van suspendre les declaracions\u201d no s\u2019hi ha tornat a posar data.<\/p>\n\n\n\n<p><strong>Properes mobilitzacions<\/strong><\/p>\n\n\n\n<p>D\u2019altra banda, us avancem que aquest dimecres dia 25, Dia internacional per l\u2019eliminaci\u00f3 de la viol\u00e8ncia contra les dones,&nbsp; a l\u2019acte Sabadell a les 19h es retr\u00e0 un petit homenatge a l\u2019Helena Jubany i es realitzaran un seguit d\u2019accions de den\u00fancia<\/p>\n\n\n\n<p class=\"has-text-align-right\">Sabadell, 23 de novembre de 2020<\/p>\n\n\n\n<p class=\"has-text-align-right\">Fam\u00edlia de l\u2019Helena Jubany<\/p>\n","protected":false},"excerpt":{"rendered":"<p>&#8220;No volem que per deixadesa judicial i policial al final triomfin la burocr\u00e0cia i la impunitat en aquest cas d\u2019assassinat&#8220; Benet Salellas, advocat de la fam\u00edlia Jubany La fam\u00edlia de l\u2019Helena Jubany ha denunciat p\u00fablicament en roda de premsa que, quatre mesos despr\u00e9s de la reobertura de la causa judicial, ni el jutjat d\u2019instrucci\u00f3 ni [&hellip;]<\/p>\n","protected":false},"author":1,"featured_media":2159,"comment_status":"open","ping_status":"open","sticky":false,"template":"","format":"standard","meta":{"_et_pb_use_builder":"","_et_pb_old_content":"","_et_gb_content_width":""},"categories":[27],"tags":[],"_links":{"self":[{"href":"https:\/\/helena.jubany.cat\/crim\/wp-json\/wp\/v2\/posts\/2158"}],"collection":[{"href":"https:\/\/helena.jubany.cat\/crim\/wp-json\/wp\/v2\/posts"}],"about":[{"href":"https:\/\/helena.jubany.cat\/crim\/wp-json\/wp\/v2\/types\/post"}],"author":[{"embeddable":true,"href":"https:\/\/helena.jubany.cat\/crim\/wp-json\/wp\/v2\/users\/1"}],"replies":[{"embeddable":true,"href":"https:\/\/helena.jubany.cat\/crim\/wp-json\/wp\/v2\/comments?post=2158"}],"version-history":[{"count":2,"href":"https:\/\/helena.jubany.cat\/crim\/wp-json\/wp\/v2\/posts\/2158\/revisions"}],"predecessor-version":[{"id":2171,"href":"https:\/\/helena.jubany.cat\/crim\/wp-json\/wp\/v2\/posts\/2158\/revisions\/2171"}],"wp:featuredmedia":[{"embeddable":true,"href":"https:\/\/helena.jubany.cat\/crim\/wp-json\/wp\/v2\/media\/2159"}],"wp:attachment":[{"href":"https:\/\/helena.jubany.cat\/crim\/wp-json\/wp\/v2\/media?parent=2158"}],"wp:term":[{"taxonomy":"category","embeddable":true,"href":"https:\/\/helena.jubany.cat\/crim\/wp-json\/wp\/v2\/categories?post=2158"},{"taxonomy":"post_tag","embeddable":true,"href":"https:\/\/helena.jubany.cat\/crim\/wp-json\/wp\/v2\/tags?post=2158"}],"curies":[{"name":"wp","href":"https:\/\/api.w.org\/{rel}","templated":true}]}}