{"id":2122,"date":"2020-08-05T10:13:57","date_gmt":"2020-08-05T09:13:57","guid":{"rendered":"https:\/\/helena.jubany.cat\/crim\/?p=2122"},"modified":"2020-08-05T10:15:30","modified_gmt":"2020-08-05T09:15:30","slug":"aconseguida-la-reobertura-de-la-causa-helena-jubany","status":"publish","type":"post","link":"https:\/\/helena.jubany.cat\/crim\/aconseguida-la-reobertura-de-la-causa-helena-jubany\/","title":{"rendered":"Aconseguida la reobertura de la causa per l\u2019assassinat de l\u2019Helena Jubany"},"content":{"rendered":"\n<h3><strong>Ara confiem que, m\u00e9s enll\u00e0 de les noves proves que hem aportat, es faci una investigaci\u00f3 a fons fins arribar a la veritat<\/strong><\/h3>\n\n\n\n<p>Aquest dilluns dia 3 d\u2019agost de 2020, se\u2019ns ha notificat la reobertura de la causa judicial per l\u2019assassinat de l\u2019Helena Jubany per part del Jutjat d\u2019Instrucci\u00f3 n\u00famero 3 de Sabadell, despr\u00e9s que la Fiscalia s\u2019adher\u00eds a la sol\u00b7licitud presentada el 5 de juny per l\u2019advocat Benet Salellas en representaci\u00f3 de la fam\u00edlia de l\u2019Helena.&nbsp;<\/p>\n\n\n\n<p>Quinze anys despr\u00e9s del sobrese\u00efment de la causa, <strong>la reobertura ens anima i ens reconforta<\/strong> enormement. \u00c9s una fita important per\u00f2 som conscients que el cam\u00ed fins a saber la veritat encara ser\u00e0 dur i llarg.<\/p>\n\n\n\n<p>Primer de tot, volem <strong>agrair el suport popular<\/strong> rebut per part de persones de tot el territori catal\u00e0 i en especial el de la ciutat de Sabadell, aut\u00e8ntics motors de la reobertura. La implicaci\u00f3 popular ha facilitat que es posessin en contacte amb la fam\u00edlia, ja sigui de forma directa o an\u00f2nima, diverses persones que han pogut aportar elements nous sobre el cas. Al mateix temps volem agrair a totes aquelles persones que es van adherir al manifest i tamb\u00e9 a tothom que va participar a la campanya de recollida de fons del TotSuma. La <strong>col\u00b7laboraci\u00f3 de cadasc\u00fa<\/strong> <strong>que hi ha participat ha estat imprescindible<\/strong> per emp\u00e8nyer la reobertura.<\/p>\n\n\n\n<p>En aquest sentit tamb\u00e9 volem agrair la gran tasca de l\u2019advocat Benet Salellas i el seu equip, sense oblidar-nos de tota la gent que durant anys ens ha fet costat.<\/p>\n\n\n\n<p>En segon lloc, manifestem la nostra <strong>esperan\u00e7a i confian\u00e7a en qu\u00e8 aquesta vegada el sistema judicial podr\u00e0 esclarir els fets<\/strong> ocorreguts al voltant del feminicidi de l\u2019Helena. Esperem que aquest cop <strong>es faci una investigaci\u00f3 policial i judicial a fons m\u00e9s enll\u00e0 de les noves proves que hem aportat<\/strong> i que han perm\u00e8s reobrir la causa. Per aix\u00f2 <strong>exigim celeritat, dilig\u00e8ncia i la fi de la impunitat<\/strong>. Esperem que, malgrat els anys transcorreguts, el crim es resolgui i <strong>es faci just\u00edcia, que la veritat surti finalment a la llum<\/strong> a tots &nbsp;els nivells (executors, col\u00b7laboradors, instigadors o encobridors) permetent aix\u00ed que la fam\u00edlia i els amics de l\u2019Helena puguem tancar el proc\u00e9s de dol en pau.<\/p>\n\n\n\n<p>Tanmateix, com a fam\u00edlia, volem reafirmar que tenim la intenci\u00f3 d\u2019<strong>arribar fins a la darrera inst\u00e0ncia en aquesta lluita<\/strong>. I no ho farem sols ni estem sols, els m\u00e9s de 20.000 euros aportats per gaireb\u00e9 800 persones serviran per posar tots els recursos que calguin al servei de la just\u00edcia i la veritat.<\/p>\n\n\n\n<p>Per tot aix\u00f2, creiem que no nom\u00e9s es tracta de resoldre el cas de l\u2019Helena, un cas mal instru\u00eft i mal investigat des de l\u2019inici, sin\u00f3 que <strong>es tracta d\u2019un crim amb tints masclistes, d\u2019un feminicidi<\/strong>, de viol\u00e8ncia sexual i f\u00edsica contra les dones. El feminicidi \u00e9s una \u00ednfima part visible de la viol\u00e8ncia contra nenes i dones. Davant d\u2019aix\u00f2, no podem estar callats ni mirar cap a un altre cant\u00f3.<\/p>\n\n\n\n<p>En tercer lloc, continuem animant a tothom qui pugui tenir informaci\u00f3 potencialment rellevant, que faci un pas endavant i es comuniqui amb nosaltres a trav\u00e9s del nostre web <a target=\"_blank\" href=\"https:\/\/helena.jubany.cat\/crim\/\" rel=\"noreferrer noopener\"><u>helena.jubany.cat\/crim\/<\/u><\/a><\/p>\n","protected":false},"excerpt":{"rendered":"<p>Ara confiem que, m\u00e9s enll\u00e0 de les noves proves que hem aportat, es faci una investigaci\u00f3 a fons fins arribar a la veritat Aquest dilluns dia 3 d\u2019agost de 2020, se\u2019ns ha notificat la reobertura de la causa judicial per l\u2019assassinat de l\u2019Helena Jubany per part del Jutjat d\u2019Instrucci\u00f3 n\u00famero 3 de Sabadell, despr\u00e9s que [&hellip;]<\/p>\n","protected":false},"author":1,"featured_media":2123,"comment_status":"open","ping_status":"open","sticky":false,"template":"","format":"standard","meta":{"_et_pb_use_builder":"","_et_pb_old_content":"","_et_gb_content_width":""},"categories":[27,28],"tags":[],"_links":{"self":[{"href":"https:\/\/helena.jubany.cat\/crim\/wp-json\/wp\/v2\/posts\/2122"}],"collection":[{"href":"https:\/\/helena.jubany.cat\/crim\/wp-json\/wp\/v2\/posts"}],"about":[{"href":"https:\/\/helena.jubany.cat\/crim\/wp-json\/wp\/v2\/types\/post"}],"author":[{"embeddable":true,"href":"https:\/\/helena.jubany.cat\/crim\/wp-json\/wp\/v2\/users\/1"}],"replies":[{"embeddable":true,"href":"https:\/\/helena.jubany.cat\/crim\/wp-json\/wp\/v2\/comments?post=2122"}],"version-history":[{"count":1,"href":"https:\/\/helena.jubany.cat\/crim\/wp-json\/wp\/v2\/posts\/2122\/revisions"}],"predecessor-version":[{"id":2124,"href":"https:\/\/helena.jubany.cat\/crim\/wp-json\/wp\/v2\/posts\/2122\/revisions\/2124"}],"wp:featuredmedia":[{"embeddable":true,"href":"https:\/\/helena.jubany.cat\/crim\/wp-json\/wp\/v2\/media\/2123"}],"wp:attachment":[{"href":"https:\/\/helena.jubany.cat\/crim\/wp-json\/wp\/v2\/media?parent=2122"}],"wp:term":[{"taxonomy":"category","embeddable":true,"href":"https:\/\/helena.jubany.cat\/crim\/wp-json\/wp\/v2\/categories?post=2122"},{"taxonomy":"post_tag","embeddable":true,"href":"https:\/\/helena.jubany.cat\/crim\/wp-json\/wp\/v2\/tags?post=2122"}],"curies":[{"name":"wp","href":"https:\/\/api.w.org\/{rel}","templated":true}]}}