{"id":2036,"date":"2020-07-07T20:34:39","date_gmt":"2020-07-07T19:34:39","guid":{"rendered":"https:\/\/helena.jubany.cat\/crim\/?p=2036"},"modified":"2020-07-07T20:43:17","modified_gmt":"2020-07-07T19:43:17","slug":"la-familia-de-lhelena-jubany-aporta-noves-proves-i-demana-la-reobertura-de-la-causa-dassassinat","status":"publish","type":"post","link":"https:\/\/helena.jubany.cat\/crim\/la-familia-de-lhelena-jubany-aporta-noves-proves-i-demana-la-reobertura-de-la-causa-dassassinat\/","title":{"rendered":"La fam\u00edlia de l\u2019Helena Jubany aporta noves proves i demana la reobertura de la causa d\u2019assassinat"},"content":{"rendered":"\n<p><\/p>\n\n\n\n<p><strong>Hem aportat nous indicis, proves i testimonis que q\u00fcestionen les coartades d\u2019un dels principals sospitosos<\/strong><\/p>\n\n\n\n<p>La fam\u00edlia de l\u2019<strong>Helena Jubany<\/strong> ha aportat nous indicis, proves pericials i testimonis per sol\u00b7licitar formalment al Jutjat n\u00famero 2 de Sabadell la reobertura de la causa d\u2019assassinat amb la convicci\u00f3 que, aquest cop s\u00ed, es far\u00e0 just\u00edcia. Ho hem explicat dimarts 7 de juliol en una roda de premsa davant els Jutjats de Sabadell on han intervingut en Joan Jubany (germ\u00e0 de l\u2019Helena), en Benet Salellas (advocat de la fam\u00edlia) i la Maria Argudo (portaveu del \u201cmanifest sabadellenc per la just\u00edcia i la veritat\u201d).<\/p>\n\n\n\n<figure class=\"wp-block-image size-large\"><img loading=\"lazy\" width=\"1024\" height=\"683\" src=\"https:\/\/helena.jubany.cat\/crim\/wp-content\/uploads\/2020\/07\/acn-JordiPujolar-01-1024x683.jpg\" alt=\"\" class=\"wp-image-2039\" srcset=\"https:\/\/helena.jubany.cat\/crim\/wp-content\/uploads\/2020\/07\/acn-JordiPujolar-01-1024x683.jpg 1024w, https:\/\/helena.jubany.cat\/crim\/wp-content\/uploads\/2020\/07\/acn-JordiPujolar-01-300x200.jpg 300w, https:\/\/helena.jubany.cat\/crim\/wp-content\/uploads\/2020\/07\/acn-JordiPujolar-01-768x512.jpg 768w, https:\/\/helena.jubany.cat\/crim\/wp-content\/uploads\/2020\/07\/acn-JordiPujolar-01.jpg 1200w\" sizes=\"(max-width: 1024px) 100vw, 1024px\" \/><figcaption>Foto: ACN \/ Jordi Pujolar<\/figcaption><\/figure>\n\n\n\n<p>En <strong>Joan Jubany<\/strong>, germ\u00e0 de l\u2019Helena, ha explicat que a l\u2019escrit presentat el 5 de juny aportem nous indicis, proves i testimonis que desmunten les coartades d\u2019un dels principals sospitosos de l\u2019assassinat. Jubany ja explicat que despr\u00e9s d\u2019una llarga travessa del desert \u201cS\u2019ha trencat el silenci. Molta gent de Sabadell ha perdut la por i ha empatitzat amb la fam\u00edlia. Molta gent indignada s\u2019ha posat en contacte amb nosaltres\u201d per facilitar noves pistes, testimonis i proves que hem aportat als Jutjats. Jubany ha insistit que, si alg\u00fa t\u00e9 informaci\u00f3 rellevant encara la pot fer arribar a trav\u00e9s del web helena.jubany.cat\/crim. El germ\u00e0 de l\u2019Helena ha assegurat que \u201chi ha molts fils per estirar\u201d i est\u00e0 conven\u00e7ut que aquest cop s\u00ed que s\u2019arribar\u00e0 fins al final i acabarem sabent la veritat.<\/p>\n\n\n\n<p>Des de la fam\u00edlia no hem demanat que s\u2019emprenguin accions contra Ana Echaguibel, que en el seu dia va ser investigada pel llavors jutge instructor. \u201cA risc d\u2019equivocar-nos, no creiem que aquesta persona tingui cap vinculaci\u00f3 amb el crim de l\u2019Helena\u201d, ha volgut aclarir Jubany.<\/p>\n\n\n\n<figure class=\"wp-block-image size-large is-resized\"><img loading=\"lazy\" src=\"https:\/\/helena.jubany.cat\/crim\/wp-content\/uploads\/2020\/07\/Diari_Ara-Cristina_Calderer-1024x683.jpg\" alt=\"\" class=\"wp-image-2040\" width=\"580\" height=\"386\" srcset=\"https:\/\/helena.jubany.cat\/crim\/wp-content\/uploads\/2020\/07\/Diari_Ara-Cristina_Calderer-1024x683.jpg 1024w, https:\/\/helena.jubany.cat\/crim\/wp-content\/uploads\/2020\/07\/Diari_Ara-Cristina_Calderer-300x200.jpg 300w, https:\/\/helena.jubany.cat\/crim\/wp-content\/uploads\/2020\/07\/Diari_Ara-Cristina_Calderer-768x512.jpg 768w, https:\/\/helena.jubany.cat\/crim\/wp-content\/uploads\/2020\/07\/Diari_Ara-Cristina_Calderer.jpg 1500w\" sizes=\"(max-width: 580px) 100vw, 580px\" \/><figcaption>Foto: Diari Ara \/ Cristina Calderer<\/figcaption><\/figure>\n\n\n\n<p>En <strong>Benet Salellas<\/strong>, advocat de la fam\u00edlia, ha explicat que l\u2019escrit presentat per sol\u00b7licitar la reobertura del cas no intenta \u201cfer una reinterpretaci\u00f3 de la investigaci\u00f3, sin\u00f3 aportar nous elements de qu\u00e8 el jutjat no disposava\u201d i ha detallat que \u201cels nous elements de prova aportats q\u00fcestionen d\u2019arrel les declaracions que els intervinents van tenir a la fase d\u2019investigaci\u00f3 i enderroquen les coartades dels principals sospitosos\u201d. Ha concl\u00f2s que \u201chem anat fins al l\u00edmit d\u2019on pot arribar una fam\u00edlia per\u00f2 ara \u00e9s el jutjat qui ha de reobrir la causa i tirar endavant una investigaci\u00f3 que pugui arribar a judici. Ara necessitem la complicitat del sistema judicial\u201d.<\/p>\n\n\n\n<p>Salellas ha expllicat que hem proposat al jutge que siguin els Mossos d\u2019Esquadra els qui liderin la investigaci\u00f3 policial com a policia judicial.<\/p>\n\n\n\n<figure class=\"wp-block-image size-large\"><img loading=\"lazy\" width=\"768\" height=\"512\" src=\"https:\/\/helena.jubany.cat\/crim\/wp-content\/uploads\/2020\/07\/DiariSabadell-Victoria_Rovira.jpg\" alt=\"\" class=\"wp-image-2041\" srcset=\"https:\/\/helena.jubany.cat\/crim\/wp-content\/uploads\/2020\/07\/DiariSabadell-Victoria_Rovira.jpg 768w, https:\/\/helena.jubany.cat\/crim\/wp-content\/uploads\/2020\/07\/DiariSabadell-Victoria_Rovira-300x200.jpg 300w\" sizes=\"(max-width: 768px) 100vw, 768px\" \/><figcaption>Foto: Diari Sabadell \/ Vict\u00f2ria Rovira<\/figcaption><\/figure>\n\n\n\n<p>La <strong>Maria Argudo<\/strong>, portaveu del \u201cmanifest sabadellenc\u201d ha explicat que \u201cDespr\u00e9s del ress\u00f2 medi\u00e0tic del programa Crims ens vam indignar perqu\u00e8 no pod\u00edem entendre per qu\u00e8 un feminicidi de fa 20 anys estava impune i qui l\u2019havia assasinat podia fer vida normal, ni tampoc com una ciutat com Sabadell no havia fet cap condemna ni homenatge a l\u2019Helena ni havia acompanyat la fam\u00edlia durant aquests anys de patiment\u201d. Argudo ha argumentat que \u201cLa causa de l\u2019Helena Jubany ja no \u00e9s nom\u00e9s una causa de la seva fam\u00edlia sin\u00f3 la causa d\u2019un poble\u201d i ha concl\u00f2s que \u201cLa gent ja no es planteja que un feminicidi pugui quedar impune\u201d.<\/p>\n\n\n\n<p class=\"has-text-align-right\">Sabadell, 7 de juliol de 2020<\/p>\n\n\n\n<figure class=\"wp-block-gallery columns-3 is-cropped\"><ul class=\"blocks-gallery-grid\"><li class=\"blocks-gallery-item\"><figure><img loading=\"lazy\" width=\"1024\" height=\"768\" src=\"https:\/\/helena.jubany.cat\/crim\/wp-content\/uploads\/2020\/07\/86f6a5a6-f3b7-4b9f-8d1a-d4f1b3084176.jpg\" alt=\"\" data-id=\"2042\" data-full-url=\"https:\/\/helena.jubany.cat\/crim\/wp-content\/uploads\/2020\/07\/86f6a5a6-f3b7-4b9f-8d1a-d4f1b3084176.jpg\" data-link=\"https:\/\/helena.jubany.cat\/crim\/la-familia-de-lhelena-jubany-aporta-noves-proves-i-demana-la-reobertura-de-la-causa-dassassinat\/86f6a5a6-f3b7-4b9f-8d1a-d4f1b3084176\/\" class=\"wp-image-2042\" srcset=\"https:\/\/helena.jubany.cat\/crim\/wp-content\/uploads\/2020\/07\/86f6a5a6-f3b7-4b9f-8d1a-d4f1b3084176.jpg 1024w, https:\/\/helena.jubany.cat\/crim\/wp-content\/uploads\/2020\/07\/86f6a5a6-f3b7-4b9f-8d1a-d4f1b3084176-300x225.jpg 300w, https:\/\/helena.jubany.cat\/crim\/wp-content\/uploads\/2020\/07\/86f6a5a6-f3b7-4b9f-8d1a-d4f1b3084176-768x576.jpg 768w, https:\/\/helena.jubany.cat\/crim\/wp-content\/uploads\/2020\/07\/86f6a5a6-f3b7-4b9f-8d1a-d4f1b3084176-600x450.jpg 600w\" sizes=\"(max-width: 1024px) 100vw, 1024px\" \/><\/figure><\/li><li class=\"blocks-gallery-item\"><figure><img loading=\"lazy\" width=\"1024\" height=\"768\" src=\"https:\/\/helena.jubany.cat\/crim\/wp-content\/uploads\/2020\/07\/7495f33f-8149-4ef7-83e6-68d3c76bda75.jpg\" alt=\"\" data-id=\"2043\" data-full-url=\"https:\/\/helena.jubany.cat\/crim\/wp-content\/uploads\/2020\/07\/7495f33f-8149-4ef7-83e6-68d3c76bda75.jpg\" data-link=\"https:\/\/helena.jubany.cat\/crim\/la-familia-de-lhelena-jubany-aporta-noves-proves-i-demana-la-reobertura-de-la-causa-dassassinat\/7495f33f-8149-4ef7-83e6-68d3c76bda75\/\" class=\"wp-image-2043\" srcset=\"https:\/\/helena.jubany.cat\/crim\/wp-content\/uploads\/2020\/07\/7495f33f-8149-4ef7-83e6-68d3c76bda75.jpg 1024w, https:\/\/helena.jubany.cat\/crim\/wp-content\/uploads\/2020\/07\/7495f33f-8149-4ef7-83e6-68d3c76bda75-300x225.jpg 300w, https:\/\/helena.jubany.cat\/crim\/wp-content\/uploads\/2020\/07\/7495f33f-8149-4ef7-83e6-68d3c76bda75-768x576.jpg 768w, https:\/\/helena.jubany.cat\/crim\/wp-content\/uploads\/2020\/07\/7495f33f-8149-4ef7-83e6-68d3c76bda75-600x450.jpg 600w\" sizes=\"(max-width: 1024px) 100vw, 1024px\" \/><\/figure><\/li><li class=\"blocks-gallery-item\"><figure><img loading=\"lazy\" width=\"1024\" height=\"683\" src=\"https:\/\/helena.jubany.cat\/crim\/wp-content\/uploads\/2020\/07\/acn-JordiPujolar-01-1-1024x683.jpg\" alt=\"\" data-id=\"2044\" data-full-url=\"https:\/\/helena.jubany.cat\/crim\/wp-content\/uploads\/2020\/07\/acn-JordiPujolar-01-1.jpg\" data-link=\"https:\/\/helena.jubany.cat\/crim\/la-familia-de-lhelena-jubany-aporta-noves-proves-i-demana-la-reobertura-de-la-causa-dassassinat\/acn-jordipujolar-01-1\/\" class=\"wp-image-2044\" srcset=\"https:\/\/helena.jubany.cat\/crim\/wp-content\/uploads\/2020\/07\/acn-JordiPujolar-01-1-1024x683.jpg 1024w, https:\/\/helena.jubany.cat\/crim\/wp-content\/uploads\/2020\/07\/acn-JordiPujolar-01-1-300x200.jpg 300w, https:\/\/helena.jubany.cat\/crim\/wp-content\/uploads\/2020\/07\/acn-JordiPujolar-01-1-768x512.jpg 768w, https:\/\/helena.jubany.cat\/crim\/wp-content\/uploads\/2020\/07\/acn-JordiPujolar-01-1.jpg 1200w\" sizes=\"(max-width: 1024px) 100vw, 1024px\" \/><\/figure><\/li><li class=\"blocks-gallery-item\"><figure><img loading=\"lazy\" width=\"1024\" height=\"683\" src=\"https:\/\/helena.jubany.cat\/crim\/wp-content\/uploads\/2020\/07\/Diari_Ara-Cristina_Calderer-1-1024x683.jpg\" alt=\"\" data-id=\"2045\" data-full-url=\"https:\/\/helena.jubany.cat\/crim\/wp-content\/uploads\/2020\/07\/Diari_Ara-Cristina_Calderer-1.jpg\" data-link=\"https:\/\/helena.jubany.cat\/crim\/la-familia-de-lhelena-jubany-aporta-noves-proves-i-demana-la-reobertura-de-la-causa-dassassinat\/diari_ara-cristina_calderer-1\/\" class=\"wp-image-2045\" srcset=\"https:\/\/helena.jubany.cat\/crim\/wp-content\/uploads\/2020\/07\/Diari_Ara-Cristina_Calderer-1-1024x683.jpg 1024w, https:\/\/helena.jubany.cat\/crim\/wp-content\/uploads\/2020\/07\/Diari_Ara-Cristina_Calderer-1-300x200.jpg 300w, https:\/\/helena.jubany.cat\/crim\/wp-content\/uploads\/2020\/07\/Diari_Ara-Cristina_Calderer-1-768x512.jpg 768w, https:\/\/helena.jubany.cat\/crim\/wp-content\/uploads\/2020\/07\/Diari_Ara-Cristina_Calderer-1.jpg 1500w\" sizes=\"(max-width: 1024px) 100vw, 1024px\" \/><\/figure><\/li><li class=\"blocks-gallery-item\"><figure><img loading=\"lazy\" width=\"768\" height=\"512\" src=\"https:\/\/helena.jubany.cat\/crim\/wp-content\/uploads\/2020\/07\/DiariSabadell-Victoria_Rovira-1.jpg\" alt=\"\" data-id=\"2046\" data-full-url=\"https:\/\/helena.jubany.cat\/crim\/wp-content\/uploads\/2020\/07\/DiariSabadell-Victoria_Rovira-1.jpg\" data-link=\"https:\/\/helena.jubany.cat\/crim\/la-familia-de-lhelena-jubany-aporta-noves-proves-i-demana-la-reobertura-de-la-causa-dassassinat\/diarisabadell-victoria_rovira-1\/\" class=\"wp-image-2046\" srcset=\"https:\/\/helena.jubany.cat\/crim\/wp-content\/uploads\/2020\/07\/DiariSabadell-Victoria_Rovira-1.jpg 768w, https:\/\/helena.jubany.cat\/crim\/wp-content\/uploads\/2020\/07\/DiariSabadell-Victoria_Rovira-1-300x200.jpg 300w\" sizes=\"(max-width: 768px) 100vw, 768px\" \/><\/figure><\/li><li class=\"blocks-gallery-item\"><figure><img loading=\"lazy\" width=\"1000\" height=\"750\" src=\"https:\/\/helena.jubany.cat\/crim\/wp-content\/uploads\/2020\/07\/IMG_5107-1.jpg\" alt=\"\" data-id=\"2047\" data-full-url=\"https:\/\/helena.jubany.cat\/crim\/wp-content\/uploads\/2020\/07\/IMG_5107-1.jpg\" data-link=\"https:\/\/helena.jubany.cat\/crim\/la-familia-de-lhelena-jubany-aporta-noves-proves-i-demana-la-reobertura-de-la-causa-dassassinat\/img_5107-1\/\" class=\"wp-image-2047\" srcset=\"https:\/\/helena.jubany.cat\/crim\/wp-content\/uploads\/2020\/07\/IMG_5107-1.jpg 1000w, https:\/\/helena.jubany.cat\/crim\/wp-content\/uploads\/2020\/07\/IMG_5107-1-300x225.jpg 300w, https:\/\/helena.jubany.cat\/crim\/wp-content\/uploads\/2020\/07\/IMG_5107-1-768x576.jpg 768w, https:\/\/helena.jubany.cat\/crim\/wp-content\/uploads\/2020\/07\/IMG_5107-1-600x450.jpg 600w\" sizes=\"(max-width: 1000px) 100vw, 1000px\" \/><\/figure><\/li><li class=\"blocks-gallery-item\"><figure><img loading=\"lazy\" width=\"1000\" height=\"750\" src=\"https:\/\/helena.jubany.cat\/crim\/wp-content\/uploads\/2020\/07\/IMG_5109.jpg\" alt=\"\" data-id=\"2048\" data-full-url=\"https:\/\/helena.jubany.cat\/crim\/wp-content\/uploads\/2020\/07\/IMG_5109.jpg\" data-link=\"https:\/\/helena.jubany.cat\/crim\/la-familia-de-lhelena-jubany-aporta-noves-proves-i-demana-la-reobertura-de-la-causa-dassassinat\/img_5109\/\" class=\"wp-image-2048\" srcset=\"https:\/\/helena.jubany.cat\/crim\/wp-content\/uploads\/2020\/07\/IMG_5109.jpg 1000w, https:\/\/helena.jubany.cat\/crim\/wp-content\/uploads\/2020\/07\/IMG_5109-300x225.jpg 300w, https:\/\/helena.jubany.cat\/crim\/wp-content\/uploads\/2020\/07\/IMG_5109-768x576.jpg 768w, https:\/\/helena.jubany.cat\/crim\/wp-content\/uploads\/2020\/07\/IMG_5109-600x450.jpg 600w\" sizes=\"(max-width: 1000px) 100vw, 1000px\" \/><\/figure><\/li><li class=\"blocks-gallery-item\"><figure><img loading=\"lazy\" width=\"1000\" height=\"750\" src=\"https:\/\/helena.jubany.cat\/crim\/wp-content\/uploads\/2020\/07\/IMG_5113.jpg\" alt=\"\" data-id=\"2049\" data-full-url=\"https:\/\/helena.jubany.cat\/crim\/wp-content\/uploads\/2020\/07\/IMG_5113.jpg\" data-link=\"https:\/\/helena.jubany.cat\/crim\/la-familia-de-lhelena-jubany-aporta-noves-proves-i-demana-la-reobertura-de-la-causa-dassassinat\/img_5113\/\" class=\"wp-image-2049\" srcset=\"https:\/\/helena.jubany.cat\/crim\/wp-content\/uploads\/2020\/07\/IMG_5113.jpg 1000w, https:\/\/helena.jubany.cat\/crim\/wp-content\/uploads\/2020\/07\/IMG_5113-300x225.jpg 300w, https:\/\/helena.jubany.cat\/crim\/wp-content\/uploads\/2020\/07\/IMG_5113-768x576.jpg 768w, https:\/\/helena.jubany.cat\/crim\/wp-content\/uploads\/2020\/07\/IMG_5113-600x450.jpg 600w\" sizes=\"(max-width: 1000px) 100vw, 1000px\" \/><\/figure><\/li><li class=\"blocks-gallery-item\"><figure><img loading=\"lazy\" width=\"1000\" height=\"750\" src=\"https:\/\/helena.jubany.cat\/crim\/wp-content\/uploads\/2020\/07\/IMG_5115.jpg\" alt=\"\" data-id=\"2050\" data-full-url=\"https:\/\/helena.jubany.cat\/crim\/wp-content\/uploads\/2020\/07\/IMG_5115.jpg\" data-link=\"https:\/\/helena.jubany.cat\/crim\/la-familia-de-lhelena-jubany-aporta-noves-proves-i-demana-la-reobertura-de-la-causa-dassassinat\/img_5115\/\" class=\"wp-image-2050\" srcset=\"https:\/\/helena.jubany.cat\/crim\/wp-content\/uploads\/2020\/07\/IMG_5115.jpg 1000w, https:\/\/helena.jubany.cat\/crim\/wp-content\/uploads\/2020\/07\/IMG_5115-300x225.jpg 300w, https:\/\/helena.jubany.cat\/crim\/wp-content\/uploads\/2020\/07\/IMG_5115-768x576.jpg 768w, https:\/\/helena.jubany.cat\/crim\/wp-content\/uploads\/2020\/07\/IMG_5115-600x450.jpg 600w\" sizes=\"(max-width: 1000px) 100vw, 1000px\" \/><\/figure><\/li><li class=\"blocks-gallery-item\"><figure><img loading=\"lazy\" width=\"1000\" height=\"750\" src=\"https:\/\/helena.jubany.cat\/crim\/wp-content\/uploads\/2020\/07\/IMG_5118.jpg\" alt=\"\" data-id=\"2051\" data-full-url=\"https:\/\/helena.jubany.cat\/crim\/wp-content\/uploads\/2020\/07\/IMG_5118.jpg\" data-link=\"https:\/\/helena.jubany.cat\/crim\/la-familia-de-lhelena-jubany-aporta-noves-proves-i-demana-la-reobertura-de-la-causa-dassassinat\/img_5118\/\" class=\"wp-image-2051\" srcset=\"https:\/\/helena.jubany.cat\/crim\/wp-content\/uploads\/2020\/07\/IMG_5118.jpg 1000w, https:\/\/helena.jubany.cat\/crim\/wp-content\/uploads\/2020\/07\/IMG_5118-300x225.jpg 300w, https:\/\/helena.jubany.cat\/crim\/wp-content\/uploads\/2020\/07\/IMG_5118-768x576.jpg 768w, https:\/\/helena.jubany.cat\/crim\/wp-content\/uploads\/2020\/07\/IMG_5118-600x450.jpg 600w\" sizes=\"(max-width: 1000px) 100vw, 1000px\" \/><\/figure><\/li><li class=\"blocks-gallery-item\"><figure><img loading=\"lazy\" width=\"1000\" height=\"750\" src=\"https:\/\/helena.jubany.cat\/crim\/wp-content\/uploads\/2020\/07\/IMG_5122.jpg\" alt=\"\" data-id=\"2052\" data-full-url=\"https:\/\/helena.jubany.cat\/crim\/wp-content\/uploads\/2020\/07\/IMG_5122.jpg\" data-link=\"https:\/\/helena.jubany.cat\/crim\/la-familia-de-lhelena-jubany-aporta-noves-proves-i-demana-la-reobertura-de-la-causa-dassassinat\/img_5122\/\" class=\"wp-image-2052\" srcset=\"https:\/\/helena.jubany.cat\/crim\/wp-content\/uploads\/2020\/07\/IMG_5122.jpg 1000w, https:\/\/helena.jubany.cat\/crim\/wp-content\/uploads\/2020\/07\/IMG_5122-300x225.jpg 300w, https:\/\/helena.jubany.cat\/crim\/wp-content\/uploads\/2020\/07\/IMG_5122-768x576.jpg 768w, https:\/\/helena.jubany.cat\/crim\/wp-content\/uploads\/2020\/07\/IMG_5122-600x450.jpg 600w\" sizes=\"(max-width: 1000px) 100vw, 1000px\" \/><\/figure><\/li><li class=\"blocks-gallery-item\"><figure><img loading=\"lazy\" width=\"1000\" height=\"750\" src=\"https:\/\/helena.jubany.cat\/crim\/wp-content\/uploads\/2020\/07\/IMG_5125.jpg\" alt=\"\" data-id=\"2053\" data-full-url=\"https:\/\/helena.jubany.cat\/crim\/wp-content\/uploads\/2020\/07\/IMG_5125.jpg\" data-link=\"https:\/\/helena.jubany.cat\/crim\/la-familia-de-lhelena-jubany-aporta-noves-proves-i-demana-la-reobertura-de-la-causa-dassassinat\/img_5125\/\" class=\"wp-image-2053\" srcset=\"https:\/\/helena.jubany.cat\/crim\/wp-content\/uploads\/2020\/07\/IMG_5125.jpg 1000w, https:\/\/helena.jubany.cat\/crim\/wp-content\/uploads\/2020\/07\/IMG_5125-300x225.jpg 300w, https:\/\/helena.jubany.cat\/crim\/wp-content\/uploads\/2020\/07\/IMG_5125-768x576.jpg 768w, https:\/\/helena.jubany.cat\/crim\/wp-content\/uploads\/2020\/07\/IMG_5125-600x450.jpg 600w\" sizes=\"(max-width: 1000px) 100vw, 1000px\" \/><\/figure><\/li><li class=\"blocks-gallery-item\"><figure><img loading=\"lazy\" width=\"1000\" height=\"750\" src=\"https:\/\/helena.jubany.cat\/crim\/wp-content\/uploads\/2020\/07\/IMG_5126.jpg\" alt=\"\" data-id=\"2054\" data-full-url=\"https:\/\/helena.jubany.cat\/crim\/wp-content\/uploads\/2020\/07\/IMG_5126.jpg\" data-link=\"https:\/\/helena.jubany.cat\/crim\/la-familia-de-lhelena-jubany-aporta-noves-proves-i-demana-la-reobertura-de-la-causa-dassassinat\/img_5126\/\" class=\"wp-image-2054\" srcset=\"https:\/\/helena.jubany.cat\/crim\/wp-content\/uploads\/2020\/07\/IMG_5126.jpg 1000w, https:\/\/helena.jubany.cat\/crim\/wp-content\/uploads\/2020\/07\/IMG_5126-300x225.jpg 300w, https:\/\/helena.jubany.cat\/crim\/wp-content\/uploads\/2020\/07\/IMG_5126-768x576.jpg 768w, https:\/\/helena.jubany.cat\/crim\/wp-content\/uploads\/2020\/07\/IMG_5126-600x450.jpg 600w\" sizes=\"(max-width: 1000px) 100vw, 1000px\" \/><\/figure><\/li><li class=\"blocks-gallery-item\"><figure><img loading=\"lazy\" width=\"750\" height=\"1000\" src=\"https:\/\/helena.jubany.cat\/crim\/wp-content\/uploads\/2020\/07\/IMG_5128.jpg\" alt=\"\" data-id=\"2055\" data-full-url=\"https:\/\/helena.jubany.cat\/crim\/wp-content\/uploads\/2020\/07\/IMG_5128.jpg\" data-link=\"https:\/\/helena.jubany.cat\/crim\/la-familia-de-lhelena-jubany-aporta-noves-proves-i-demana-la-reobertura-de-la-causa-dassassinat\/img_5128\/\" class=\"wp-image-2055\" srcset=\"https:\/\/helena.jubany.cat\/crim\/wp-content\/uploads\/2020\/07\/IMG_5128.jpg 750w, https:\/\/helena.jubany.cat\/crim\/wp-content\/uploads\/2020\/07\/IMG_5128-225x300.jpg 225w\" sizes=\"(max-width: 750px) 100vw, 750px\" \/><\/figure><\/li><li class=\"blocks-gallery-item\"><figure><img loading=\"lazy\" width=\"750\" height=\"1000\" src=\"https:\/\/helena.jubany.cat\/crim\/wp-content\/uploads\/2020\/07\/IMG_5131.jpg\" alt=\"\" data-id=\"2056\" data-full-url=\"https:\/\/helena.jubany.cat\/crim\/wp-content\/uploads\/2020\/07\/IMG_5131.jpg\" data-link=\"https:\/\/helena.jubany.cat\/crim\/la-familia-de-lhelena-jubany-aporta-noves-proves-i-demana-la-reobertura-de-la-causa-dassassinat\/img_5131\/\" class=\"wp-image-2056\" srcset=\"https:\/\/helena.jubany.cat\/crim\/wp-content\/uploads\/2020\/07\/IMG_5131.jpg 750w, https:\/\/helena.jubany.cat\/crim\/wp-content\/uploads\/2020\/07\/IMG_5131-225x300.jpg 225w\" sizes=\"(max-width: 750px) 100vw, 750px\" \/><\/figure><\/li><li class=\"blocks-gallery-item\"><figure><img loading=\"lazy\" width=\"1000\" height=\"750\" src=\"https:\/\/helena.jubany.cat\/crim\/wp-content\/uploads\/2020\/07\/IMG_5133.jpg\" alt=\"\" data-id=\"2057\" data-full-url=\"https:\/\/helena.jubany.cat\/crim\/wp-content\/uploads\/2020\/07\/IMG_5133.jpg\" data-link=\"https:\/\/helena.jubany.cat\/crim\/la-familia-de-lhelena-jubany-aporta-noves-proves-i-demana-la-reobertura-de-la-causa-dassassinat\/img_5133\/\" class=\"wp-image-2057\" srcset=\"https:\/\/helena.jubany.cat\/crim\/wp-content\/uploads\/2020\/07\/IMG_5133.jpg 1000w, https:\/\/helena.jubany.cat\/crim\/wp-content\/uploads\/2020\/07\/IMG_5133-300x225.jpg 300w, https:\/\/helena.jubany.cat\/crim\/wp-content\/uploads\/2020\/07\/IMG_5133-768x576.jpg 768w, https:\/\/helena.jubany.cat\/crim\/wp-content\/uploads\/2020\/07\/IMG_5133-600x450.jpg 600w\" sizes=\"(max-width: 1000px) 100vw, 1000px\" \/><\/figure><\/li><li class=\"blocks-gallery-item\"><figure><img loading=\"lazy\" width=\"1000\" height=\"750\" src=\"https:\/\/helena.jubany.cat\/crim\/wp-content\/uploads\/2020\/07\/IMG_5139.jpg\" alt=\"\" data-id=\"2058\" data-full-url=\"https:\/\/helena.jubany.cat\/crim\/wp-content\/uploads\/2020\/07\/IMG_5139.jpg\" data-link=\"https:\/\/helena.jubany.cat\/crim\/la-familia-de-lhelena-jubany-aporta-noves-proves-i-demana-la-reobertura-de-la-causa-dassassinat\/img_5139\/\" class=\"wp-image-2058\" srcset=\"https:\/\/helena.jubany.cat\/crim\/wp-content\/uploads\/2020\/07\/IMG_5139.jpg 1000w, https:\/\/helena.jubany.cat\/crim\/wp-content\/uploads\/2020\/07\/IMG_5139-300x225.jpg 300w, https:\/\/helena.jubany.cat\/crim\/wp-content\/uploads\/2020\/07\/IMG_5139-768x576.jpg 768w, https:\/\/helena.jubany.cat\/crim\/wp-content\/uploads\/2020\/07\/IMG_5139-600x450.jpg 600w\" sizes=\"(max-width: 1000px) 100vw, 1000px\" \/><\/figure><\/li><li class=\"blocks-gallery-item\"><figure><img loading=\"lazy\" width=\"750\" height=\"1000\" src=\"https:\/\/helena.jubany.cat\/crim\/wp-content\/uploads\/2020\/07\/IMG_5140.jpg\" alt=\"\" data-id=\"2059\" data-full-url=\"https:\/\/helena.jubany.cat\/crim\/wp-content\/uploads\/2020\/07\/IMG_5140.jpg\" data-link=\"https:\/\/helena.jubany.cat\/crim\/la-familia-de-lhelena-jubany-aporta-noves-proves-i-demana-la-reobertura-de-la-causa-dassassinat\/img_5140\/\" class=\"wp-image-2059\" srcset=\"https:\/\/helena.jubany.cat\/crim\/wp-content\/uploads\/2020\/07\/IMG_5140.jpg 750w, https:\/\/helena.jubany.cat\/crim\/wp-content\/uploads\/2020\/07\/IMG_5140-225x300.jpg 225w\" sizes=\"(max-width: 750px) 100vw, 750px\" \/><\/figure><\/li><li class=\"blocks-gallery-item\"><figure><img loading=\"lazy\" width=\"1000\" height=\"750\" src=\"https:\/\/helena.jubany.cat\/crim\/wp-content\/uploads\/2020\/07\/IMG_5147.jpg\" alt=\"\" data-id=\"2060\" data-full-url=\"https:\/\/helena.jubany.cat\/crim\/wp-content\/uploads\/2020\/07\/IMG_5147.jpg\" data-link=\"https:\/\/helena.jubany.cat\/crim\/la-familia-de-lhelena-jubany-aporta-noves-proves-i-demana-la-reobertura-de-la-causa-dassassinat\/img_5147\/\" class=\"wp-image-2060\" srcset=\"https:\/\/helena.jubany.cat\/crim\/wp-content\/uploads\/2020\/07\/IMG_5147.jpg 1000w, https:\/\/helena.jubany.cat\/crim\/wp-content\/uploads\/2020\/07\/IMG_5147-300x225.jpg 300w, https:\/\/helena.jubany.cat\/crim\/wp-content\/uploads\/2020\/07\/IMG_5147-768x576.jpg 768w, https:\/\/helena.jubany.cat\/crim\/wp-content\/uploads\/2020\/07\/IMG_5147-600x450.jpg 600w\" sizes=\"(max-width: 1000px) 100vw, 1000px\" \/><\/figure><\/li><li class=\"blocks-gallery-item\"><figure><img loading=\"lazy\" width=\"1000\" height=\"750\" src=\"https:\/\/helena.jubany.cat\/crim\/wp-content\/uploads\/2020\/07\/IMG_5148.jpg\" alt=\"\" data-id=\"2061\" data-full-url=\"https:\/\/helena.jubany.cat\/crim\/wp-content\/uploads\/2020\/07\/IMG_5148.jpg\" data-link=\"https:\/\/helena.jubany.cat\/crim\/la-familia-de-lhelena-jubany-aporta-noves-proves-i-demana-la-reobertura-de-la-causa-dassassinat\/img_5148\/\" class=\"wp-image-2061\" srcset=\"https:\/\/helena.jubany.cat\/crim\/wp-content\/uploads\/2020\/07\/IMG_5148.jpg 1000w, https:\/\/helena.jubany.cat\/crim\/wp-content\/uploads\/2020\/07\/IMG_5148-300x225.jpg 300w, https:\/\/helena.jubany.cat\/crim\/wp-content\/uploads\/2020\/07\/IMG_5148-768x576.jpg 768w, https:\/\/helena.jubany.cat\/crim\/wp-content\/uploads\/2020\/07\/IMG_5148-600x450.jpg 600w\" sizes=\"(max-width: 1000px) 100vw, 1000px\" \/><\/figure><\/li><li class=\"blocks-gallery-item\"><figure><img loading=\"lazy\" width=\"1000\" height=\"750\" src=\"https:\/\/helena.jubany.cat\/crim\/wp-content\/uploads\/2020\/07\/IMG_5151.jpg\" alt=\"\" data-id=\"2062\" data-full-url=\"https:\/\/helena.jubany.cat\/crim\/wp-content\/uploads\/2020\/07\/IMG_5151.jpg\" data-link=\"https:\/\/helena.jubany.cat\/crim\/la-familia-de-lhelena-jubany-aporta-noves-proves-i-demana-la-reobertura-de-la-causa-dassassinat\/img_5151\/\" class=\"wp-image-2062\" srcset=\"https:\/\/helena.jubany.cat\/crim\/wp-content\/uploads\/2020\/07\/IMG_5151.jpg 1000w, https:\/\/helena.jubany.cat\/crim\/wp-content\/uploads\/2020\/07\/IMG_5151-300x225.jpg 300w, https:\/\/helena.jubany.cat\/crim\/wp-content\/uploads\/2020\/07\/IMG_5151-768x576.jpg 768w, https:\/\/helena.jubany.cat\/crim\/wp-content\/uploads\/2020\/07\/IMG_5151-600x450.jpg 600w\" sizes=\"(max-width: 1000px) 100vw, 1000px\" \/><\/figure><\/li><li class=\"blocks-gallery-item\"><figure><img loading=\"lazy\" width=\"1000\" height=\"750\" src=\"https:\/\/helena.jubany.cat\/crim\/wp-content\/uploads\/2020\/07\/IMG_5153.jpg\" alt=\"\" data-id=\"2063\" data-full-url=\"https:\/\/helena.jubany.cat\/crim\/wp-content\/uploads\/2020\/07\/IMG_5153.jpg\" data-link=\"https:\/\/helena.jubany.cat\/crim\/la-familia-de-lhelena-jubany-aporta-noves-proves-i-demana-la-reobertura-de-la-causa-dassassinat\/img_5153\/\" class=\"wp-image-2063\" srcset=\"https:\/\/helena.jubany.cat\/crim\/wp-content\/uploads\/2020\/07\/IMG_5153.jpg 1000w, https:\/\/helena.jubany.cat\/crim\/wp-content\/uploads\/2020\/07\/IMG_5153-300x225.jpg 300w, https:\/\/helena.jubany.cat\/crim\/wp-content\/uploads\/2020\/07\/IMG_5153-768x576.jpg 768w, https:\/\/helena.jubany.cat\/crim\/wp-content\/uploads\/2020\/07\/IMG_5153-600x450.jpg 600w\" sizes=\"(max-width: 1000px) 100vw, 1000px\" \/><\/figure><\/li><li class=\"blocks-gallery-item\"><figure><img loading=\"lazy\" width=\"1000\" height=\"750\" src=\"https:\/\/helena.jubany.cat\/crim\/wp-content\/uploads\/2020\/07\/IMG_5155.jpg\" alt=\"\" data-id=\"2064\" data-full-url=\"https:\/\/helena.jubany.cat\/crim\/wp-content\/uploads\/2020\/07\/IMG_5155.jpg\" data-link=\"https:\/\/helena.jubany.cat\/crim\/la-familia-de-lhelena-jubany-aporta-noves-proves-i-demana-la-reobertura-de-la-causa-dassassinat\/img_5155\/\" class=\"wp-image-2064\" srcset=\"https:\/\/helena.jubany.cat\/crim\/wp-content\/uploads\/2020\/07\/IMG_5155.jpg 1000w, https:\/\/helena.jubany.cat\/crim\/wp-content\/uploads\/2020\/07\/IMG_5155-300x225.jpg 300w, https:\/\/helena.jubany.cat\/crim\/wp-content\/uploads\/2020\/07\/IMG_5155-768x576.jpg 768w, https:\/\/helena.jubany.cat\/crim\/wp-content\/uploads\/2020\/07\/IMG_5155-600x450.jpg 600w\" sizes=\"(max-width: 1000px) 100vw, 1000px\" \/><\/figure><\/li><li class=\"blocks-gallery-item\"><figure><img loading=\"lazy\" width=\"750\" height=\"1000\" src=\"https:\/\/helena.jubany.cat\/crim\/wp-content\/uploads\/2020\/07\/IMG_5156.jpg\" alt=\"\" data-id=\"2065\" data-full-url=\"https:\/\/helena.jubany.cat\/crim\/wp-content\/uploads\/2020\/07\/IMG_5156.jpg\" data-link=\"https:\/\/helena.jubany.cat\/crim\/la-familia-de-lhelena-jubany-aporta-noves-proves-i-demana-la-reobertura-de-la-causa-dassassinat\/img_5156\/\" class=\"wp-image-2065\" srcset=\"https:\/\/helena.jubany.cat\/crim\/wp-content\/uploads\/2020\/07\/IMG_5156.jpg 750w, https:\/\/helena.jubany.cat\/crim\/wp-content\/uploads\/2020\/07\/IMG_5156-225x300.jpg 225w\" sizes=\"(max-width: 750px) 100vw, 750px\" \/><\/figure><\/li><li class=\"blocks-gallery-item\"><figure><img loading=\"lazy\" width=\"1000\" height=\"750\" src=\"https:\/\/helena.jubany.cat\/crim\/wp-content\/uploads\/2020\/07\/IMG_5158.jpg\" alt=\"\" data-id=\"2066\" data-full-url=\"https:\/\/helena.jubany.cat\/crim\/wp-content\/uploads\/2020\/07\/IMG_5158.jpg\" data-link=\"https:\/\/helena.jubany.cat\/crim\/la-familia-de-lhelena-jubany-aporta-noves-proves-i-demana-la-reobertura-de-la-causa-dassassinat\/img_5158\/\" class=\"wp-image-2066\" srcset=\"https:\/\/helena.jubany.cat\/crim\/wp-content\/uploads\/2020\/07\/IMG_5158.jpg 1000w, https:\/\/helena.jubany.cat\/crim\/wp-content\/uploads\/2020\/07\/IMG_5158-300x225.jpg 300w, https:\/\/helena.jubany.cat\/crim\/wp-content\/uploads\/2020\/07\/IMG_5158-768x576.jpg 768w, https:\/\/helena.jubany.cat\/crim\/wp-content\/uploads\/2020\/07\/IMG_5158-600x450.jpg 600w\" sizes=\"(max-width: 1000px) 100vw, 1000px\" \/><\/figure><\/li><li class=\"blocks-gallery-item\"><figure><img loading=\"lazy\" width=\"1024\" height=\"679\" src=\"https:\/\/helena.jubany.cat\/crim\/wp-content\/uploads\/2020\/07\/IMG_5169-1024x679.jpg\" alt=\"\" data-id=\"2068\" data-full-url=\"https:\/\/helena.jubany.cat\/crim\/wp-content\/uploads\/2020\/07\/IMG_5169.jpg\" data-link=\"https:\/\/helena.jubany.cat\/crim\/la-familia-de-lhelena-jubany-aporta-noves-proves-i-demana-la-reobertura-de-la-causa-dassassinat\/img_5169\/\" class=\"wp-image-2068\" srcset=\"https:\/\/helena.jubany.cat\/crim\/wp-content\/uploads\/2020\/07\/IMG_5169-1024x679.jpg 1024w, https:\/\/helena.jubany.cat\/crim\/wp-content\/uploads\/2020\/07\/IMG_5169-300x199.jpg 300w, https:\/\/helena.jubany.cat\/crim\/wp-content\/uploads\/2020\/07\/IMG_5169-768x509.jpg 768w, https:\/\/helena.jubany.cat\/crim\/wp-content\/uploads\/2020\/07\/IMG_5169-1536x1018.jpg 1536w, https:\/\/helena.jubany.cat\/crim\/wp-content\/uploads\/2020\/07\/IMG_5169.jpg 2048w\" sizes=\"(max-width: 1024px) 100vw, 1024px\" \/><\/figure><\/li><li class=\"blocks-gallery-item\"><figure><img loading=\"lazy\" width=\"1024\" height=\"679\" src=\"https:\/\/helena.jubany.cat\/crim\/wp-content\/uploads\/2020\/07\/IMG_5170-1024x679.jpg\" alt=\"\" data-id=\"2069\" data-full-url=\"https:\/\/helena.jubany.cat\/crim\/wp-content\/uploads\/2020\/07\/IMG_5170.jpg\" data-link=\"https:\/\/helena.jubany.cat\/crim\/la-familia-de-lhelena-jubany-aporta-noves-proves-i-demana-la-reobertura-de-la-causa-dassassinat\/img_5170\/\" class=\"wp-image-2069\" srcset=\"https:\/\/helena.jubany.cat\/crim\/wp-content\/uploads\/2020\/07\/IMG_5170-1024x679.jpg 1024w, https:\/\/helena.jubany.cat\/crim\/wp-content\/uploads\/2020\/07\/IMG_5170-300x199.jpg 300w, https:\/\/helena.jubany.cat\/crim\/wp-content\/uploads\/2020\/07\/IMG_5170-768x509.jpg 768w, https:\/\/helena.jubany.cat\/crim\/wp-content\/uploads\/2020\/07\/IMG_5170-1536x1018.jpg 1536w, https:\/\/helena.jubany.cat\/crim\/wp-content\/uploads\/2020\/07\/IMG_5170.jpg 2048w\" sizes=\"(max-width: 1024px) 100vw, 1024px\" \/><\/figure><\/li><li class=\"blocks-gallery-item\"><figure><img loading=\"lazy\" width=\"1024\" height=\"768\" src=\"https:\/\/helena.jubany.cat\/crim\/wp-content\/uploads\/2020\/07\/IMG_5171-1024x768.jpg\" alt=\"\" data-id=\"2070\" data-full-url=\"https:\/\/helena.jubany.cat\/crim\/wp-content\/uploads\/2020\/07\/IMG_5171.jpg\" data-link=\"https:\/\/helena.jubany.cat\/crim\/la-familia-de-lhelena-jubany-aporta-noves-proves-i-demana-la-reobertura-de-la-causa-dassassinat\/img_5171\/\" class=\"wp-image-2070\" srcset=\"https:\/\/helena.jubany.cat\/crim\/wp-content\/uploads\/2020\/07\/IMG_5171-1024x768.jpg 1024w, https:\/\/helena.jubany.cat\/crim\/wp-content\/uploads\/2020\/07\/IMG_5171-300x225.jpg 300w, https:\/\/helena.jubany.cat\/crim\/wp-content\/uploads\/2020\/07\/IMG_5171-768x576.jpg 768w, https:\/\/helena.jubany.cat\/crim\/wp-content\/uploads\/2020\/07\/IMG_5171-1536x1152.jpg 1536w, https:\/\/helena.jubany.cat\/crim\/wp-content\/uploads\/2020\/07\/IMG_5171-600x450.jpg 600w, https:\/\/helena.jubany.cat\/crim\/wp-content\/uploads\/2020\/07\/IMG_5171.jpg 1600w\" sizes=\"(max-width: 1024px) 100vw, 1024px\" \/><\/figure><\/li><li class=\"blocks-gallery-item\"><figure><img loading=\"lazy\" width=\"1000\" height=\"456\" src=\"https:\/\/helena.jubany.cat\/crim\/wp-content\/uploads\/2020\/07\/isabadell-David_B-00.jpg\" alt=\"\" data-id=\"2071\" data-full-url=\"https:\/\/helena.jubany.cat\/crim\/wp-content\/uploads\/2020\/07\/isabadell-David_B-00.jpg\" data-link=\"https:\/\/helena.jubany.cat\/crim\/la-familia-de-lhelena-jubany-aporta-noves-proves-i-demana-la-reobertura-de-la-causa-dassassinat\/isabadell-david_b-00\/\" class=\"wp-image-2071\" srcset=\"https:\/\/helena.jubany.cat\/crim\/wp-content\/uploads\/2020\/07\/isabadell-David_B-00.jpg 1000w, https:\/\/helena.jubany.cat\/crim\/wp-content\/uploads\/2020\/07\/isabadell-David_B-00-300x137.jpg 300w, https:\/\/helena.jubany.cat\/crim\/wp-content\/uploads\/2020\/07\/isabadell-David_B-00-768x350.jpg 768w\" sizes=\"(max-width: 1000px) 100vw, 1000px\" \/><\/figure><\/li><li class=\"blocks-gallery-item\"><figure><img loading=\"lazy\" width=\"1000\" height=\"456\" src=\"https:\/\/helena.jubany.cat\/crim\/wp-content\/uploads\/2020\/07\/isabadell-David_B-01.jpg\" alt=\"\" data-id=\"2072\" data-full-url=\"https:\/\/helena.jubany.cat\/crim\/wp-content\/uploads\/2020\/07\/isabadell-David_B-01.jpg\" data-link=\"https:\/\/helena.jubany.cat\/crim\/la-familia-de-lhelena-jubany-aporta-noves-proves-i-demana-la-reobertura-de-la-causa-dassassinat\/isabadell-david_b-01\/\" class=\"wp-image-2072\" srcset=\"https:\/\/helena.jubany.cat\/crim\/wp-content\/uploads\/2020\/07\/isabadell-David_B-01.jpg 1000w, https:\/\/helena.jubany.cat\/crim\/wp-content\/uploads\/2020\/07\/isabadell-David_B-01-300x137.jpg 300w, https:\/\/helena.jubany.cat\/crim\/wp-content\/uploads\/2020\/07\/isabadell-David_B-01-768x350.jpg 768w\" sizes=\"(max-width: 1000px) 100vw, 1000px\" \/><\/figure><\/li><\/ul><\/figure>\n\n\n\n<p class=\"has-text-align-right\">Fam\u00edlia de l\u2019Helena Jubany<\/p>\n","protected":false},"excerpt":{"rendered":"<p>Hem aportat nous indicis, proves i testimonis que q\u00fcestionen les coartades d\u2019un dels principals sospitosos La fam\u00edlia de l\u2019Helena Jubany ha aportat nous indicis, proves pericials i testimonis per sol\u00b7licitar formalment al Jutjat n\u00famero 2 de Sabadell la reobertura de la causa d\u2019assassinat amb la convicci\u00f3 que, aquest cop s\u00ed, es far\u00e0 just\u00edcia. Ho hem [&hellip;]<\/p>\n","protected":false},"author":1,"featured_media":2037,"comment_status":"open","ping_status":"open","sticky":false,"template":"","format":"standard","meta":{"_et_pb_use_builder":"","_et_pb_old_content":"","_et_gb_content_width":""},"categories":[27,28],"tags":[],"_links":{"self":[{"href":"https:\/\/helena.jubany.cat\/crim\/wp-json\/wp\/v2\/posts\/2036"}],"collection":[{"href":"https:\/\/helena.jubany.cat\/crim\/wp-json\/wp\/v2\/posts"}],"about":[{"href":"https:\/\/helena.jubany.cat\/crim\/wp-json\/wp\/v2\/types\/post"}],"author":[{"embeddable":true,"href":"https:\/\/helena.jubany.cat\/crim\/wp-json\/wp\/v2\/users\/1"}],"replies":[{"embeddable":true,"href":"https:\/\/helena.jubany.cat\/crim\/wp-json\/wp\/v2\/comments?post=2036"}],"version-history":[{"count":3,"href":"https:\/\/helena.jubany.cat\/crim\/wp-json\/wp\/v2\/posts\/2036\/revisions"}],"predecessor-version":[{"id":2074,"href":"https:\/\/helena.jubany.cat\/crim\/wp-json\/wp\/v2\/posts\/2036\/revisions\/2074"}],"wp:featuredmedia":[{"embeddable":true,"href":"https:\/\/helena.jubany.cat\/crim\/wp-json\/wp\/v2\/media\/2037"}],"wp:attachment":[{"href":"https:\/\/helena.jubany.cat\/crim\/wp-json\/wp\/v2\/media?parent=2036"}],"wp:term":[{"taxonomy":"category","embeddable":true,"href":"https:\/\/helena.jubany.cat\/crim\/wp-json\/wp\/v2\/categories?post=2036"},{"taxonomy":"post_tag","embeddable":true,"href":"https:\/\/helena.jubany.cat\/crim\/wp-json\/wp\/v2\/tags?post=2036"}],"curies":[{"name":"wp","href":"https:\/\/api.w.org\/{rel}","templated":true}]}}