{"id":2015,"date":"2020-06-21T16:57:07","date_gmt":"2020-06-21T15:57:07","guid":{"rendered":"https:\/\/helena.jubany.cat\/crim\/?p=2015"},"modified":"2020-06-23T07:48:14","modified_gmt":"2020-06-23T06:48:14","slug":"exit-desbordant-de-la-campanya-de-mecenatge-795-persones-han-aportat-20-815e","status":"publish","type":"post","link":"https:\/\/helena.jubany.cat\/crim\/exit-desbordant-de-la-campanya-de-mecenatge-795-persones-han-aportat-20-815e\/","title":{"rendered":"\u00c8xit desbordant de la campanya de mecenatge: 795 persones han aportat 20.815\u20ac"},"content":{"rendered":"\n<p>En les primeres 24 hores ja s\u2019havia superat l\u2019objectiu de 9.000 euros, i les aportacions han doblat l&#8217;import que ens haviem proposat.<\/p>\n\n\n\n<p>Avui ens complau anunciar-vos que en 20 dies la campanya de recaptaci\u00f3 de diners per reobrir el cas de l&#8217;Helena Jubany ha comptat amb la participaci\u00f3 de 795 persones i ha assolit el 231% de l&#8217;objectiu inicial. \u00c9s a dir a trav\u00e9s de la campanya <a rel=\"noreferrer noopener\" href=\"https:\/\/www.totsuma.cat\/projecte\/1800\/reobrim-la-causa-helena-jubany\" target=\"_blank\">TotSuma<\/a>, s&#8217;hi han aportat 20.815 euros.<\/p>\n\n\n\n<p>Gr\u00e0cies a totes i cadascuna de les persones que han posat el seu granet de sorra podrem contractar les millors professionals per reclamar la reobertura de la causa de l&#8217;assassinat de l&#8217;Helena.<\/p>\n\n\n\n<p>De fet, gr\u00e0cies a les aportacions, ja tenim l&#8217;advocat Benet Salellas treballant en l&#8217;escrit de sol\u00b7licitud de reobertura de la causa i tamb\u00e9 hem contractat un especialista crimin\u00f2leg que est\u00e0 elaborant dict\u00e0mens pericials de les noves proves que aportarem.<\/p>\n\n\n\n<p>Si el jutge accedeix a reobrir el cas, podrem afrontar el judici amb totes les garanties i for\u00e7a necess\u00e0ria.<\/p>\n\n\n\n<p>Aquesta nova onada solid\u00e0ria de tanta gent ha fet que ens sentim m\u00e9s acompanyats i m\u00e9s forts que mai per reclamar just\u00edcia. Si al final del proc\u00e9s hi ha m\u00e9s diners dels que calguin per la causa judicial, els destinarem \u00edntegrament a garantir la contiu\u00eftat de l&#8217;<a href=\"https:\/\/helena.jubany.cat\/associacio\/\">Associaci\u00f3 Cultural Helena Jubany i Lorente<\/a>.<\/p>\n\n\n\n<p>Sabem que el cam\u00ed ser\u00e0 llarg, per\u00f2 ens d\u00f3na molta energia saber que podem comptar amb tu.<\/p>\n\n\n\n<p>Aquesta causa \u00e9s de tots i totes.<\/p>\n\n\n\n<p>Seguirem informant-te de qualsevol novetat.<\/p>\n\n\n\n<p>Que cap feminicidi quedi impune!<\/p>\n\n\n\n<p>No defallim!<\/p>\n\n\n\n<h4>#FemJusticiaHelenaJubany<\/h4>\n","protected":false},"excerpt":{"rendered":"<p>En les primeres 24 hores ja s\u2019havia superat l\u2019objectiu de 9.000 euros, i les aportacions han doblat l&#8217;import que ens haviem proposat. Avui ens complau anunciar-vos que en 20 dies la campanya de recaptaci\u00f3 de diners per reobrir el cas de l&#8217;Helena Jubany ha comptat amb la participaci\u00f3 de 795 persones i ha assolit el [&hellip;]<\/p>\n","protected":false},"author":1,"featured_media":2018,"comment_status":"open","ping_status":"open","sticky":false,"template":"","format":"standard","meta":{"_et_pb_use_builder":"","_et_pb_old_content":"","_et_gb_content_width":""},"categories":[27,28],"tags":[],"_links":{"self":[{"href":"https:\/\/helena.jubany.cat\/crim\/wp-json\/wp\/v2\/posts\/2015"}],"collection":[{"href":"https:\/\/helena.jubany.cat\/crim\/wp-json\/wp\/v2\/posts"}],"about":[{"href":"https:\/\/helena.jubany.cat\/crim\/wp-json\/wp\/v2\/types\/post"}],"author":[{"embeddable":true,"href":"https:\/\/helena.jubany.cat\/crim\/wp-json\/wp\/v2\/users\/1"}],"replies":[{"embeddable":true,"href":"https:\/\/helena.jubany.cat\/crim\/wp-json\/wp\/v2\/comments?post=2015"}],"version-history":[{"count":5,"href":"https:\/\/helena.jubany.cat\/crim\/wp-json\/wp\/v2\/posts\/2015\/revisions"}],"predecessor-version":[{"id":2022,"href":"https:\/\/helena.jubany.cat\/crim\/wp-json\/wp\/v2\/posts\/2015\/revisions\/2022"}],"wp:featuredmedia":[{"embeddable":true,"href":"https:\/\/helena.jubany.cat\/crim\/wp-json\/wp\/v2\/media\/2018"}],"wp:attachment":[{"href":"https:\/\/helena.jubany.cat\/crim\/wp-json\/wp\/v2\/media?parent=2015"}],"wp:term":[{"taxonomy":"category","embeddable":true,"href":"https:\/\/helena.jubany.cat\/crim\/wp-json\/wp\/v2\/categories?post=2015"},{"taxonomy":"post_tag","embeddable":true,"href":"https:\/\/helena.jubany.cat\/crim\/wp-json\/wp\/v2\/tags?post=2015"}],"curies":[{"name":"wp","href":"https:\/\/api.w.org\/{rel}","templated":true}]}}