{"id":2007,"date":"2020-06-03T10:22:07","date_gmt":"2020-06-03T09:22:07","guid":{"rendered":"https:\/\/helena.jubany.cat\/crim\/?p=2007"},"modified":"2020-06-03T10:30:33","modified_gmt":"2020-06-03T09:30:33","slug":"exit-inicial-de-la-campanya-de-recollida-de-fons-per-reobrir-la-causa-helena-jubany","status":"publish","type":"post","link":"https:\/\/helena.jubany.cat\/crim\/exit-inicial-de-la-campanya-de-recollida-de-fons-per-reobrir-la-causa-helena-jubany\/","title":{"rendered":"\u00c8xit inicial de la campanya de recollida de fons per reobrir la causa Helena Jubany"},"content":{"rendered":"\n<p>En 24 hores, la campanya de recaptaci\u00f3 de fons per reobrir el cas de l&#8217;Helena Jubany ja ha superat el seu objectiu: 9.000 euros.<\/p>\n\n\n\n<p>En poc m\u00e9s d\u2019un dia s\u2019ha assolit l\u2019objectiu i les donacions continuen. <\/p>\n\n\n\n<p>Amb l\u2019onada solid\u00e0ria de tantes aportacions avui ens sentim acompanyats i amb m\u00e9s for\u00e7a que mai per reclamar just\u00edcia. Que cap feminicidi quedi impune! No defallim!<\/p>\n\n\n<p><a class=\"fasc-button fasc-size-medium fasc-type-flat\" style=\"background-color: #3a9e33; color: #ffffff;\" target=\"_blank\" rel=\"noopener noreferrer\" href=\"https:\/\/www.totsuma.cat\/projecte\/1800\/reobrim-la-causa-helena-jubany\">Pots fer la teva aportaci\u00f3 al TotSuma Helena Jubany fins el 20 de juny<\/a><\/p>\n\n\n<p><a href=\"https:\/\/www.totsuma.cat\/projecte\/1800\/reobrim-la-causa-helena-jubany\">https:\/\/www.totsuma.cat\/projecte\/1800\/reobrim-la-causa-helena-jubany<\/a><\/p>\n\n\n\n<p>Unes 400 persones han posat el seu granet de sorra que servir\u00e0 per pagar les despeses i aconseguir la reobertura de la causa judicial del crim no resolt. Com m\u00e9s forts siguem m\u00e9s podrem garantir un proc\u00e9s judicial just i la continu\u00eftat de l&#8217;<a href=\"https:\/\/helena.jubany.cat\/associacio\/\">Associaci\u00f3 Cultural Helena Jubany i Lorente<\/a>.<\/p>\n\n\n\n<p>#FemJusticiaHelenaJubany<\/p>\n","protected":false},"excerpt":{"rendered":"<p>En 24 hores, la campanya de recaptaci\u00f3 de fons per reobrir el cas de l&#8217;Helena Jubany ja ha superat el seu objectiu: 9.000 euros. En poc m\u00e9s d\u2019un dia s\u2019ha assolit l\u2019objectiu i les donacions continuen. Amb l\u2019onada solid\u00e0ria de tantes aportacions avui ens sentim acompanyats i amb m\u00e9s for\u00e7a que mai per reclamar just\u00edcia. [&hellip;]<\/p>\n","protected":false},"author":1,"featured_media":2008,"comment_status":"open","ping_status":"open","sticky":false,"template":"","format":"standard","meta":{"_et_pb_use_builder":"","_et_pb_old_content":"","_et_gb_content_width":""},"categories":[27,28],"tags":[],"_links":{"self":[{"href":"https:\/\/helena.jubany.cat\/crim\/wp-json\/wp\/v2\/posts\/2007"}],"collection":[{"href":"https:\/\/helena.jubany.cat\/crim\/wp-json\/wp\/v2\/posts"}],"about":[{"href":"https:\/\/helena.jubany.cat\/crim\/wp-json\/wp\/v2\/types\/post"}],"author":[{"embeddable":true,"href":"https:\/\/helena.jubany.cat\/crim\/wp-json\/wp\/v2\/users\/1"}],"replies":[{"embeddable":true,"href":"https:\/\/helena.jubany.cat\/crim\/wp-json\/wp\/v2\/comments?post=2007"}],"version-history":[{"count":3,"href":"https:\/\/helena.jubany.cat\/crim\/wp-json\/wp\/v2\/posts\/2007\/revisions"}],"predecessor-version":[{"id":2013,"href":"https:\/\/helena.jubany.cat\/crim\/wp-json\/wp\/v2\/posts\/2007\/revisions\/2013"}],"wp:featuredmedia":[{"embeddable":true,"href":"https:\/\/helena.jubany.cat\/crim\/wp-json\/wp\/v2\/media\/2008"}],"wp:attachment":[{"href":"https:\/\/helena.jubany.cat\/crim\/wp-json\/wp\/v2\/media?parent=2007"}],"wp:term":[{"taxonomy":"category","embeddable":true,"href":"https:\/\/helena.jubany.cat\/crim\/wp-json\/wp\/v2\/categories?post=2007"},{"taxonomy":"post_tag","embeddable":true,"href":"https:\/\/helena.jubany.cat\/crim\/wp-json\/wp\/v2\/tags?post=2007"}],"curies":[{"name":"wp","href":"https:\/\/api.w.org\/{rel}","templated":true}]}}