{"id":818,"date":"2020-12-02T22:47:41","date_gmt":"2020-12-02T22:47:41","guid":{"rendered":"https:\/\/helena.jubany.cat\/associacio\/?p=818"},"modified":"2023-12-06T19:09:52","modified_gmt":"2023-12-06T19:09:52","slug":"manuel-roig-13-premi-helena-jubany","status":"publish","type":"post","link":"https:\/\/helena.jubany.cat\/associacio\/manuel-roig-13-premi-helena-jubany\/","title":{"rendered":"Manuel Roig guanya el XIII Premi Helena Jubany amb l&#8217;obra &#8220;Anserall&#8221;"},"content":{"rendered":"[et_pb_section admin_label=&#8221;section&#8221;]\n\t\t\t[et_pb_row admin_label=&#8221;row&#8221;]\n\t\t\t\t[et_pb_column type=&#8221;4_4&#8243;][et_pb_text admin_label=&#8221;Text&#8221;]\n<p>El m\u00fasic i escriptor <strong>Manuel Roig Abad<\/strong> ha guanyat el XIII Premi Helena Jubany amb l&#8217;obra <em>Anserall<\/em>. L&#8217;obra tracta de la retirada d\u2019un grup de soldats republicans cap a Fran\u00e7a l\u2019any 1939 passant per Anserall, un poblet de Les Valls de Valira, a la comarca de l\u2019Alt Urgell, on per cert l&#8217;autor no ha estat mai. El guardonat Manuel Roig \u00e9s nascut l&#8217;any 1976 a la Vall d&#8217;Uix\u00f3, comarca de La Plana, i ve\u00ed d&#8217;Ibi, comarca de l&#8217;Alcoi\u00e0, on fa de professor de m\u00fasica. Aquest autor del Pa\u00eds Valenci\u00e0 ja t\u00e9 publicades algunes obres seves: <em>Despatxeu a la ninyera<\/em> (recull de contes)&nbsp; i els poemaris <em>Mem\u00f2ries d\u2019un gat verd<\/em>, <em>Atac de temps<\/em>, <em>Terra sagrada<\/em>, <em>Meduses<\/em>, <em>La nostra casa oberta<\/em> i, aquest any, <em>Totes les m\u00fasiques del m\u00f3n<\/em>.<\/p>\n\n\n\n<p>Enguany l&#8217;acte de lliurament del Premi Helena Jubany no s&#8217;ha pogut fer amb un acte p\u00fablic a causa de les restriccions amb motiu de la COVID-19 i s&#8217;ha pogut seguir en directe retransm\u00e8s per Matar\u00f3 Televisi\u00f3 i per YouTube (enlla\u00e7 permanent: <a href=\"https:\/\/youtu.be\/JK_Ficiii8E\">https:\/\/youtu.be\/JK_Ficiii8E<\/a>), gr\u00e0cies a la col\u00b7laboraci\u00f3 de Matar\u00f3 Audiovisual i l&#8217;Ajuntament de Matar\u00f3. L&#8217;acte l&#8217;ha presentat en <strong>Pep Andreu<\/strong>, que fou company de feina de l&#8217;Helena a Televisi\u00f3 de Matar\u00f3 i que fa de conductor de l&#8217;acte des de la primera edici\u00f3 del premi.<\/p>\n\n\n<p><iframe loading=\"lazy\" width=\"560\" height=\"315\" src=\"https:\/\/www.youtube.com\/embed\/JK_Ficiii8E\" frameborder=\"0\" allow=\"accelerometer; autoplay; clipboard-write; encrypted-media; gyroscope; picture-in-picture\" allowfullscreen=\"\"><\/iframe><\/p>\n\n\n<h4 class=\"wp-block-heading\">El Premi Helena Jubany, una flama encesa<\/h4>\n\n\n<p><strong data-rich-text-format-boundary=\"true\"><a href=\"https:\/\/helena.jubany.cat\/associacio\/wp-content\/uploads\/2020\/12\/IMG_0168-scaled.jpeg\"><img loading=\"lazy\" decoding=\"async\" class=\"size-medium wp-image-819 alignright\" src=\"https:\/\/helena.jubany.cat\/associacio\/wp-content\/uploads\/2020\/12\/IMG_0168-300x225.jpeg\" alt=\"\" width=\"300\" height=\"225\" srcset=\"https:\/\/helena.jubany.cat\/associacio\/wp-content\/uploads\/2020\/12\/IMG_0168-300x225.jpeg 300w, https:\/\/helena.jubany.cat\/associacio\/wp-content\/uploads\/2020\/12\/IMG_0168-1024x768.jpeg 1024w, https:\/\/helena.jubany.cat\/associacio\/wp-content\/uploads\/2020\/12\/IMG_0168-768x576.jpeg 768w, https:\/\/helena.jubany.cat\/associacio\/wp-content\/uploads\/2020\/12\/IMG_0168-1536x1152.jpeg 1536w, https:\/\/helena.jubany.cat\/associacio\/wp-content\/uploads\/2020\/12\/IMG_0168-2048x1536.jpeg 2048w\" sizes=\"(max-width: 300px) 100vw, 300px\" \/><\/a>Joan Jubany i Itxart<\/strong>, president de l&#8217;associaci\u00f3 Helena Jubany ha explicat que la seva filla Helena &#8220;havia iniciat la seva producci\u00f3 pr\u00f2pia de contes i narraccions, una producci\u00f3 prometedora que, per\u00f2, va quedar estroncada pels seus assassins&#8221; i per aix\u00f2 en volem mantenir viu el record.<\/p>\n\n\n<p>&#8220;Mireu el logo de l\u2019Associaci\u00f3. \u00c9s una torxa. Una torxa de les que es passen de m\u00e0 en m\u00e0 en una cursa de relleus. En aquesta torxa la flama \u00e9s la signatura de l\u2019Helena, el seu foc per la literatura, i tamb\u00e9 per con\u00e8ixer noves coses, nova gent, noves experi\u00e8ncies&#8230;&#8221;, ha recordat en Jubany. I ha afegit que la voluntat del Premi Helena Jubany \u00e9s &#8220;transmetre la seva passi\u00f3 per la lectura i la creaci\u00f3 liter\u00e0ria, mirant de descobrir noves veus, noves idees, noves experi\u00e8ncies en el m\u00f3n de la literatura. I el seu gust per explicar contes&#8221;.<\/p>\n\n\n\n<p>El premi est\u00e0 dotat amb 3.000 euros i la publicaci\u00f3 de l\u2019obra, que es repartir\u00e0 gratu\u00eftament amb el <strong>diari Ara<\/strong> en una data encara per determinar entre Nadal i Reis.<\/p>\n\n\n\n<h4 class=\"wp-block-heading\">L&#8217;obra premiada<\/h4>\n\n\n<p><strong data-rich-text-format-boundary=\"true\"><a href=\"https:\/\/helena.jubany.cat\/associacio\/wp-content\/uploads\/2020\/12\/IMG_0169-scaled.jpeg\"><img loading=\"lazy\" decoding=\"async\" class=\"alignright size-medium wp-image-827\" src=\"https:\/\/helena.jubany.cat\/associacio\/wp-content\/uploads\/2020\/12\/IMG_0169-225x300.jpeg\" alt=\"\" width=\"225\" height=\"300\" srcset=\"https:\/\/helena.jubany.cat\/associacio\/wp-content\/uploads\/2020\/12\/IMG_0169-225x300.jpeg 225w, https:\/\/helena.jubany.cat\/associacio\/wp-content\/uploads\/2020\/12\/IMG_0169-768x1024.jpeg 768w, https:\/\/helena.jubany.cat\/associacio\/wp-content\/uploads\/2020\/12\/IMG_0169-1152x1536.jpeg 1152w, https:\/\/helena.jubany.cat\/associacio\/wp-content\/uploads\/2020\/12\/IMG_0169-1536x2048.jpeg 1536w, https:\/\/helena.jubany.cat\/associacio\/wp-content\/uploads\/2020\/12\/IMG_0169-scaled.jpeg 1920w\" sizes=\"(max-width: 225px) 100vw, 225px\" \/><\/a>Maria Ardel de Lete<\/strong>, portaveu del jurat del 13\u00e8 Premi Helena Jubany i guanyadora de la 12a edici\u00f3, ha explicat que el jurat del qual forma part ha acordat per unanimitat premiar l\u2019obra <em>Anserall<\/em> per les raons seg\u00fcents:<\/p>\n\n\n<p><strong>Maria Ardel de Lete<\/strong>, portaveu del jurat del 13\u00e8 Premi Helena Jubany i guanyadora de la 12a edici\u00f3,  ha explicat que el jurat del qual forma part ha acordat per unanimitat premiar l\u2019obra <em>Anserall<\/em> per les raons seg\u00fcents:<\/p>\n\n\n\n<ul class=\"wp-block-list\"><li>Perqu\u00e8 la narraci\u00f3 transcorre de manera \u00edntegra dins els par\u00e0metres de l\u2019oralitat, la qual cosa fa que el lector tingui en tot moment la sensaci\u00f3 que el narrador li est\u00e0 parlant.<\/li><li>Perqu\u00e8 es tracta d\u2019un text volgudament col\u00b7loquial, que llisca molt b\u00e9 a trav\u00e9s dels diferents registres que s\u2019hi acoblen. El text flueix amb gr\u00e0cia i amb tota la vitalitat de la llengua en la tria del l\u00e8xic, la inclusi\u00f3 de dialectalismes, les expressions genu\u00efnes i les formes gramaticals ajustades a l\u2019entorn i als personatges al llarg de l\u2019obra.<\/li><li>Per la progressi\u00f3 del relat combinada amb regressions indu\u00efdes per lapsus de mem\u00f2ria propis de la gent gran, les quals accentuen la versemblan\u00e7a de la hist\u00f2ria, que resulta molt ben travada mentre es va construint de manera recurrent.<\/li><li>Perqu\u00e8, si b\u00e9 tracta d\u2019uns fets tr\u00e0gics, el narrador els conta amb senzillesa, sense angoixa ni \u00e8pica, com si formessin part de la quotidianitat.<\/li><li>Pels tocs d\u2019humor, ironia i tendresa que es van desgranant al llarg del relat.<\/li><li>Per les reflexions ling\u00fc\u00edstiques que el text intercala sobre la unitat de la llengua.<\/li><\/ul>\n\n\n\n<h4 class=\"wp-block-heading\">La UOC s&#8217;implica amb el Premi Helena Jubany<\/h4>\n\n\n\n<p><strong>Pastora Mart\u00ednez Samper<\/strong>, vicerectora de Globalitzaci\u00f3 i Cooperaci\u00f3 de la Universitat Oberta de Catalunya ha intevingut virtualment en l&#8217;acte tot recordant que l&#8217;Helena Jubany era estudiant de la UOC quan la van matar, i ha anunciat que la instituci\u00f3 s&#8217;implicar\u00e0 a partir d&#8217;ara com a coorganitzadora del Premi. Ha explicat que la UOC i l&#8217;Associaci\u00f3 Helena Jubany estan ultimant detalls d&#8217;un acord de col\u00b7laboraci\u00f3 mitjan\u00e7ant el qual es crear\u00e0 un arxiu sonor titulat &#8220;La maleta de l&#8217;Helena&#8221;, que far\u00e0 accessibles via podcast els \u00e0udios del l&#8217;obra de la pr\u00f2pia Helena Jubany, de les obres guanyadores del premi, i de la selecci\u00f3 de contes que l&#8217;Helena tenia a la seva maleta de contacontes.<\/p>\n\n\n\n<h4 class=\"wp-block-heading\">L&#8217;Ajuntament mant\u00e9 la seva col\u00b7laboraci\u00f3<\/h4>\n\n\n\n<p>L&#8217;acte tamb\u00e9 ha comptat amb la pres\u00e8ncia&nbsp;<strong>Xesco Gomar<\/strong>, regidor de Cultura de l\u2019Ajuntament de Matar\u00f3 que ha clos l\u2019acte encoratjant l\u2019Associaci\u00f3 Helena Jubany i Lorente a perseverar en els seus objectius.<\/p>\n\n\n\n<h4 class=\"wp-block-heading\">Novetats en la causa judicial<\/h4>\n\n\n\n<p><strong>Joan Jubany i Lorente<\/strong>, germ\u00e0 de l&#8217;Helena i portaveu de la fam\u00edlia ha explicat que enguany hi ha hagut novetats a nivell social i judicial: &#8220;l&#8217;emissi\u00f3 del programa Crims, dirigit per Carles Porta, a TV3 ha remogut i despertat consci\u00e8ncies&#8221; fins al punt que &#8220;ara, la causa de l&#8217;Helena Jubany ja no \u00e9s nom\u00e9s la cusa de la seva fam\u00edlia perqu\u00e8 molta gent l&#8217;ha fet seva i ara ja podem dir que \u00e9s una causa popular per la just\u00edcia i contra la impunitat d&#8217;aquest feminicidi&#8221;.<\/p>\n\n\n\n<p>El germ\u00e0 de l&#8217;Helena ha explicat que haver aconseguit la reobertura de la causa va generar molta esperan\u00e7a, per\u00f2 han passat quatre mesos i ni la judicatura ni la policia no han fet res per avan\u00e7ar en la resoluci\u00f3 del crim. &#8220;Ni la policia ni el jutge no han fet res&#8221;, s&#8217;ha lamentat. Per\u00f2 ha concl\u00f2s que &#8220;no defallirem fins que es faci just\u00edcia&#8221;.<\/p>\n\n\n\n<h4 class=\"wp-block-heading\">Un premi amb traject\u00f2ria<\/h4>\n\n\n\n<p>Fins ara, han guanyat el Premi Helena Jubany els autors i autores seg\u00fcents:<\/p>\n\n\n\n<ul class=\"wp-block-list\"><li><strong><a href=\"https:\/\/helena.jubany.cat\/associacio\/xavier-cabus-ha-obtingut-el-i-premi-helena-jubany\/\" data-type=\"post\" data-id=\"22\">Xavier Cab\u00fas<\/a><\/strong>, de Barcelona, amb&nbsp;<strong><em>El karma del carnisser<\/em><\/strong>, 2008<\/li><li><strong><a href=\"https:\/\/helena.jubany.cat\/associacio\/joan-lluis-moreno-i-congost-ha-obtingut-el-ii-premi-helena-jubany\/\" data-type=\"post\" data-id=\"48\">Joan Moreno i Congost<\/a><\/strong>, d\u2019Alacant, amb&nbsp;<strong><em>Compta comptes<\/em><\/strong>, 2009<\/li><li><strong><a href=\"https:\/\/helena.jubany.cat\/associacio\/jordi-sole-i-comas-guanya-el-iii-premi-helena-jubany-64932070\/\" data-type=\"post\" data-id=\"76\">Jordi Sol\u00e9 i Comas<\/a><\/strong>, de Sabadell, amb&nbsp;<strong><em>Blanc<\/em><\/strong>, 2010<\/li><li><strong><a href=\"https:\/\/helena.jubany.cat\/associacio\/marina-guardiola-i-bufi-ha-obtingut-el-iv-premi-helena-jubany-2011\/\" data-type=\"post\" data-id=\"100\">Marina Guardiola<\/a><\/strong>, de Matar\u00f3\/Par\u00eds, amb&nbsp;<strong><em><a href=\"https:\/\/jubany.us8.list-manage.com\/track\/click?u=7e03619af41d11dc5dd0de60b&amp;id=97d1890aae&amp;e=c0cbaf5bcc\">Amunt<\/a><\/em><\/strong>, 2011<\/li><li><strong><a href=\"https:\/\/helena.jubany.cat\/associacio\/alfred-quintana-ha-guanyat-el-v-premi-helena-jubany\/\" data-type=\"post\" data-id=\"132\">Alfred Quintana<\/a><\/strong>, de Barcelona, amb&nbsp;<strong><em><a href=\"https:\/\/jubany.us8.list-manage.com\/track\/click?u=7e03619af41d11dc5dd0de60b&amp;id=70c77bf68d&amp;e=c0cbaf5bcc\">L\u2019alemany \u00e9s f\u00e0cil<\/a><\/em><\/strong>, 2012<\/li><li><strong><a href=\"https:\/\/helena.jubany.cat\/associacio\/imma-cabre-i-homet-ha-guanyat-el-vi-premi-helena-jubany\/\" data-type=\"post\" data-id=\"151\">Imma Cabr\u00e9<\/a><\/strong>, de Sabadell, amb&nbsp;<strong><em><a href=\"https:\/\/jubany.us8.list-manage.com\/track\/click?u=7e03619af41d11dc5dd0de60b&amp;id=c05aa06604&amp;e=c0cbaf5bcc\">Gotes que vessen gots<\/a><\/em><\/strong>, 2013<\/li><li><strong><a href=\"https:\/\/helena.jubany.cat\/associacio\/montse-maestre-i-casadesus-guanya-el-vii-premi-helena-jubany\/\" data-type=\"post\" data-id=\"177\">Montse Maestre<\/a><\/strong>, de Ripoll, amb&nbsp;<strong><em><a href=\"https:\/\/jubany.us8.list-manage.com\/track\/click?u=7e03619af41d11dc5dd0de60b&amp;id=469e9c7555&amp;e=c0cbaf5bcc\">Tot plegat no \u00e9s el que sembla<\/a><\/em><\/strong>, 2014<\/li><li><strong><a href=\"https:\/\/helena.jubany.cat\/associacio\/didac-micalo-guanya-el-viii-premi-helena-jubany\/\" data-type=\"post\" data-id=\"181\">D\u00eddac Mical\u00f3<\/a><\/strong>, de Barcelona, amb&nbsp;<strong><em><a href=\"https:\/\/jubany.us8.list-manage.com\/track\/click?u=7e03619af41d11dc5dd0de60b&amp;id=1dc7f2cca8&amp;e=c0cbaf5bcc\">La nit que gaireb\u00e9 em converteixo en tiberi\u2026<\/a><\/em><\/strong>, 2015<\/li><li><strong><a href=\"https:\/\/helena.jubany.cat\/associacio\/xavier-vidal-i-alemany-guanya-el-ix-premi-helena-jubany\/\" data-type=\"post\" data-id=\"294\">Xavier Vidal<\/a><\/strong>, d\u2019Alginet, amb&nbsp;<strong><em><a href=\"https:\/\/jubany.us8.list-manage.com\/track\/click?u=7e03619af41d11dc5dd0de60b&amp;id=8f3e16c2c1&amp;e=c0cbaf5bcc\">L\u2019escriptor i l\u2019escombriaire<\/a><\/em><\/strong>, 2016<\/li><li><strong><a href=\"https:\/\/helena.jubany.cat\/associacio\/387\/\" data-type=\"post\" data-id=\"387\">Carles Torres<\/a><\/strong>, de les illes Pitiusses, amb&nbsp;<strong><em><a href=\"https:\/\/jubany.us8.list-manage.com\/track\/click?u=7e03619af41d11dc5dd0de60b&amp;id=96b99e2302&amp;e=c0cbaf5bcc\">El desconcert d\u2019en Boyle<\/a><\/em><\/strong>, 2017<\/li><li><strong><a href=\"https:\/\/helena.jubany.cat\/associacio\/abel-julien-guanya-lxi-premi-helena-jubany-amb-lobra-locell-de-brinkley-arkansas\/\" data-type=\"post\" data-id=\"514\">Abel Julien<\/a><\/strong>, de Barcelona, amb&nbsp;<strong><em><a href=\"https:\/\/jubany.us8.list-manage.com\/track\/click?u=7e03619af41d11dc5dd0de60b&amp;id=afd69f4feb&amp;e=c0cbaf5bcc\">L&#8217;ocell de Brinkley, Arkansas<\/a><\/em><\/strong>, 2018<\/li><li><strong><a href=\"https:\/\/helena.jubany.cat\/associacio\/maria-ardel-de-lete-guanya-el-xii-premi-helena-jubany-amb-lobra-paper-destrelles\/\" data-type=\"post\" data-id=\"613\">Maria Ardel de Lete<\/a><\/strong>, de Collbat\u00f3, amb&nbsp;<strong><em><a href=\"https:\/\/jubany.us8.list-manage.com\/track\/click?u=7e03619af41d11dc5dd0de60b&amp;id=08c81f824f&amp;e=c0cbaf5bcc\">Paper d\u2019estrelles<\/a><\/em><\/strong>, 2019<\/li><li><strong>Manuel Roig Abad<\/strong>, d&#8217;Ibi, amb <em>Anserall<\/em>, 2020<\/li><\/ul>\n[\/et_pb_text][\/et_pb_column]\n\t\t\t[\/et_pb_row]\n\t\t[\/et_pb_section]","protected":false},"excerpt":{"rendered":"<p>El m\u00fasic i escriptor Manuel Roig Abad ha guanyat el XIII Premi Helena Jubany amb l&#8217;obra Anserall. L&#8217;obra tracta de la retirada d\u2019un grup de soldats republicans cap a Fran\u00e7a l\u2019any 1939 passant per Anserall, un poblet de Les Valls de Valira, a la comarca de l\u2019Alt Urgell, on per cert l&#8217;autor no ha estat [&hellip;]<\/p>\n","protected":false},"author":1,"featured_media":821,"comment_status":"open","ping_status":"open","sticky":false,"template":"","format":"standard","meta":{"_et_pb_use_builder":"on","_et_pb_old_content":"<!-- wp:paragraph -->\n<p>El m\u00fasic i escriptor <strong>Manuel Roig Abad<\/strong> ha guanyat el XIII Premi Helena Jubany amb l'obra <em>Anserall<\/em>. L'obra tracta de la retirada d\u2019un grup de soldats republicans cap a Fran\u00e7a l\u2019any 1939 passant per Anserall, un poblet de Les Valls de Valira, a la comarca de l\u2019Alt Urgell, on per cert l'autor no ha estat mai. El guardonat Manuel Roig \u00e9s nascut l'any 1976 a la Vall d'Uix\u00f3, comarca de La Plana, i ve\u00ed d'Ibi, comarca de l'Alcoi\u00e0, on fa de professor de m\u00fasica. Aquest autor del Pa\u00eds Valenci\u00e0 ja t\u00e9 publicades algunes obres seves: <em>Despatxeu a la ninyera<\/em> (recull de contes)&nbsp; i els poemaris <em>Mem\u00f2ries d\u2019un gat verd<\/em>, <em>Atac de temps<\/em>, <em>Terra sagrada<\/em>, <em>Meduses<\/em>, <em>La nostra casa oberta<\/em> i, aquest any, <em>Totes les m\u00fasiques del m\u00f3n<\/em>.<\/p>\n<!-- \/wp:paragraph -->\n\n<!-- wp:paragraph -->\n<p>Enguany l'acte de lliurament del Premi Helena Jubany no s'ha pogut fer amb un acte p\u00fablic a causa de les restriccions amb motiu de la COVID-19 i s'ha pogut seguir en directe retransm\u00e8s per Matar\u00f3 Televisi\u00f3 i per YouTube (enlla\u00e7 permanent: <a href=\"https:\/\/youtu.be\/JK_Ficiii8E\">https:\/\/youtu.be\/JK_Ficiii8E<\/a>), gr\u00e0cies a la col\u00b7laboraci\u00f3 de Matar\u00f3 Audiovisual i l'Ajuntament de Matar\u00f3. L'acte l'ha presentat en <strong>Pep Andreu<\/strong>, que fou company de feina de l'Helena a Televisi\u00f3 de Matar\u00f3 i que fa de conductor de l'acte des de la primera edici\u00f3 del premi.<\/p>\n<!-- \/wp:paragraph -->\n\n<p><iframe width=\"560\" height=\"315\" src=\"https:\/\/www.youtube.com\/embed\/JK_Ficiii8E\" frameborder=\"0\" allow=\"accelerometer; autoplay; clipboard-write; encrypted-media; gyroscope; picture-in-picture\" allowfullscreen=\"\"><\/iframe><\/p>\n\n<!-- wp:heading {\"level\":4} -->\n<h4>El Premi Helena Jubany, una flama encesa<\/h4>\n<!-- \/wp:heading -->\n\n<p><strong data-rich-text-format-boundary=\"true\"><a href=\"https:\/\/helena.jubany.cat\/associacio\/wp-content\/uploads\/2020\/12\/IMG_0168-scaled.jpeg\"><img class=\"size-medium wp-image-819 alignright\" src=\"https:\/\/helena.jubany.cat\/associacio\/wp-content\/uploads\/2020\/12\/IMG_0168-300x225.jpeg\" alt=\"\" width=\"300\" height=\"225\"><\/a>Joan Jubany i Itxart<\/strong>, president de l'associaci\u00f3 Helena Jubany ha explicat que la seva filla Helena \"havia iniciat la seva producci\u00f3 pr\u00f2pia de contes i narraccions, una producci\u00f3 prometedora que, per\u00f2, va quedar estroncada pels seus assassins\" i per aix\u00f2 en volem mantenir viu el record.<\/p>\n\n<!-- wp:paragraph -->\n<p>\"Mireu el logo de l\u2019Associaci\u00f3. \u00c9s una torxa. Una torxa de les que es passen de m\u00e0 en m\u00e0 en una cursa de relleus. En aquesta torxa la flama \u00e9s la signatura de l\u2019Helena, el seu foc per la literatura, i tamb\u00e9 per con\u00e8ixer noves coses, nova gent, noves experi\u00e8ncies...\", ha recordat en Jubany. I ha afegit que la voluntat del Premi Helena Jubany \u00e9s \"transmetre la seva passi\u00f3 per la lectura i la creaci\u00f3 liter\u00e0ria, mirant de descobrir noves veus, noves idees, noves experi\u00e8ncies en el m\u00f3n de la literatura. I el seu gust per explicar contes\".<\/p>\n<!-- \/wp:paragraph -->\n\n<!-- wp:paragraph -->\n<p>El premi est\u00e0 dotat amb 3.000 euros i la publicaci\u00f3 de l\u2019obra, que es repartir\u00e0 gratu\u00eftament amb el <strong>diari Ara<\/strong> en una data encara per determinar entre Nadal i Reis.<\/p>\n<!-- \/wp:paragraph -->\n\n<!-- wp:heading {\"level\":4} -->\n<h4>L'obra premiada<\/h4>\n<!-- \/wp:heading -->\n\n<p><strong data-rich-text-format-boundary=\"true\"><a href=\"https:\/\/helena.jubany.cat\/associacio\/wp-content\/uploads\/2020\/12\/IMG_0169-scaled.jpeg\"><img class=\"alignright size-medium wp-image-827\" src=\"https:\/\/helena.jubany.cat\/associacio\/wp-content\/uploads\/2020\/12\/IMG_0169-225x300.jpeg\" alt=\"\" width=\"225\" height=\"300\"><\/a>Maria Ardel de Lete<\/strong>, portaveu del jurat del 13\u00e8 Premi Helena Jubany i guanyadora de la 12a edici\u00f3, ha explicat que el jurat del qual forma part ha acordat per unanimitat premiar l\u2019obra <em>Anserall<\/em> per les raons seg\u00fcents:<\/p>\n\n<!-- wp:paragraph -->\n<p><strong>Maria Ardel de Lete<\/strong>, portaveu del jurat del 13\u00e8 Premi Helena Jubany i guanyadora de la 12a edici\u00f3,  ha explicat que el jurat del qual forma part ha acordat per unanimitat premiar l\u2019obra <em>Anserall<\/em> per les raons seg\u00fcents:<\/p>\n<!-- \/wp:paragraph -->\n\n<!-- wp:list -->\n<ul><li>Perqu\u00e8 la narraci\u00f3 transcorre de manera \u00edntegra dins els par\u00e0metres de l\u2019oralitat, la qual cosa fa que el lector tingui en tot moment la sensaci\u00f3 que el narrador li est\u00e0 parlant.<\/li><li>Perqu\u00e8 es tracta d\u2019un text volgudament col\u00b7loquial, que llisca molt b\u00e9 a trav\u00e9s dels diferents registres que s\u2019hi acoblen. El text flueix amb gr\u00e0cia i amb tota la vitalitat de la llengua en la tria del l\u00e8xic, la inclusi\u00f3 de dialectalismes, les expressions genu\u00efnes i les formes gramaticals ajustades a l\u2019entorn i als personatges al llarg de l\u2019obra.<\/li><li>Per la progressi\u00f3 del relat combinada amb regressions indu\u00efdes per lapsus de mem\u00f2ria propis de la gent gran, les quals accentuen la versemblan\u00e7a de la hist\u00f2ria, que resulta molt ben travada mentre es va construint de manera recurrent.<\/li><li>Perqu\u00e8, si b\u00e9 tracta d\u2019uns fets tr\u00e0gics, el narrador els conta amb senzillesa, sense angoixa ni \u00e8pica, com si formessin part de la quotidianitat.<\/li><li>Pels tocs d\u2019humor, ironia i tendresa que es van desgranant al llarg del relat.<\/li><li>Per les reflexions ling\u00fc\u00edstiques que el text intercala sobre la unitat de la llengua.<\/li><\/ul>\n<!-- \/wp:list -->\n\n<!-- wp:heading {\"level\":4} -->\n<h4>La UOC s'implica amb el Premi Helena Jubany<\/h4>\n<!-- \/wp:heading -->\n\n<!-- wp:paragraph -->\n<p><strong>Pastora Mart\u00ednez Samper<\/strong>, vicerectora de Globalitzaci\u00f3 i Cooperaci\u00f3 de la Universitat Oberta de Catalunya ha intevingut virtualment en l'acte tot recordant que l'Helena Jubany era estudiant de la UOC quan la van matar, i ha anunciat que la instituci\u00f3 s'implicar\u00e0 a partir d'ara com a coorganitzadora del Premi. Ha explicat que la UOC i l'Associaci\u00f3 Helena Jubany estan ultimant detalls d'un acord de col\u00b7laboraci\u00f3 mitjan\u00e7ant el qual es crear\u00e0 un arxiu sonor titulat \"La maleta de l'Helena\", que far\u00e0 accessibles via podcast els \u00e0udios del l'obra de la pr\u00f2pia Helena Jubany, de les obres guanyadores del premi, i de la selecci\u00f3 de contes que l'Helena tenia a la seva maleta de contacontes.<\/p>\n<!-- \/wp:paragraph -->\n\n<!-- wp:heading {\"level\":4} -->\n<h4>L'Ajuntament mant\u00e9 la seva col\u00b7laboraci\u00f3<\/h4>\n<!-- \/wp:heading -->\n\n<!-- wp:paragraph -->\n<p>L'acte tamb\u00e9 ha comptat amb la pres\u00e8ncia&nbsp;<strong>Xesco Gomar<\/strong>, regidor de Cultura de l\u2019Ajuntament de Matar\u00f3 que ha clos l\u2019acte encoratjant l\u2019Associaci\u00f3 Helena Jubany i Lorente a perseverar en els seus objectius.<\/p>\n<!-- \/wp:paragraph -->\n\n<!-- wp:heading {\"level\":4} -->\n<h4>Novetats en la causa judicial<\/h4>\n<!-- \/wp:heading -->\n\n<!-- wp:paragraph -->\n<p><strong>Joan Jubany i Lorente<\/strong>, germ\u00e0 de l'Helena i portaveu de la fam\u00edlia ha explicat que enguany hi ha hagut novetats a nivell social i judicial: \"l'emissi\u00f3 del programa Crims, dirigit per Carles Porta, a TV3 ha remogut i despertat consci\u00e8ncies\" fins al punt que \"ara, la causa de l'Helena Jubany ja no \u00e9s nom\u00e9s la cusa de la seva fam\u00edlia perqu\u00e8 molta gent l'ha fet seva i ara ja podem dir que \u00e9s una causa popular per la just\u00edcia i contra la impunitat d'aquest feminicidi\".<\/p>\n<!-- \/wp:paragraph -->\n\n<!-- wp:paragraph -->\n<p>El germ\u00e0 de l'Helena ha explicat que haver aconseguit la reobertura de la causa va generar molta esperan\u00e7a, per\u00f2 han passat quatre mesos i ni la judicatura ni la policia no han fet res per avan\u00e7ar en la resoluci\u00f3 del crim. \"Ni la policia ni el jutge no han fet res\", s'ha lamentat. Per\u00f2 ha concl\u00f2s que \"no defallirem fins que es faci just\u00edcia\".<\/p>\n<!-- \/wp:paragraph -->\n\n<!-- wp:heading {\"level\":4} -->\n<h4>Un premi amb traject\u00f2ria<\/h4>\n<!-- \/wp:heading -->\n\n<!-- wp:paragraph -->\n<p>Fins ara, han guanyat el Premi Helena Jubany els autors i autores seg\u00fcents:<\/p>\n<!-- \/wp:paragraph -->\n\n<!-- wp:list -->\n<ul><li><strong><a href=\"https:\/\/helena.jubany.cat\/associacio\/xavier-cabus-ha-obtingut-el-i-premi-helena-jubany\/\" data-type=\"post\" data-id=\"22\">Xavier Cab\u00fas<\/a><\/strong>, de Barcelona, amb&nbsp;<strong><em>El karma del carnisser<\/em><\/strong>, 2008<\/li><li><strong><a href=\"https:\/\/helena.jubany.cat\/associacio\/joan-lluis-moreno-i-congost-ha-obtingut-el-ii-premi-helena-jubany\/\" data-type=\"post\" data-id=\"48\">Joan Moreno i Congost<\/a><\/strong>, d\u2019Alacant, amb&nbsp;<strong><em>Compta comptes<\/em><\/strong>, 2009<\/li><li><strong><a href=\"https:\/\/helena.jubany.cat\/associacio\/jordi-sole-i-comas-guanya-el-iii-premi-helena-jubany-64932070\/\" data-type=\"post\" data-id=\"76\">Jordi Sol\u00e9 i Comas<\/a><\/strong>, de Sabadell, amb&nbsp;<strong><em>Blanc<\/em><\/strong>, 2010<\/li><li><strong><a href=\"https:\/\/helena.jubany.cat\/associacio\/marina-guardiola-i-bufi-ha-obtingut-el-iv-premi-helena-jubany-2011\/\" data-type=\"post\" data-id=\"100\">Marina Guardiola<\/a><\/strong>, de Matar\u00f3\/Par\u00eds, amb&nbsp;<strong><em><a href=\"https:\/\/jubany.us8.list-manage.com\/track\/click?u=7e03619af41d11dc5dd0de60b&amp;id=97d1890aae&amp;e=c0cbaf5bcc\">Amunt<\/a><\/em><\/strong>, 2011<\/li><li><strong><a href=\"https:\/\/helena.jubany.cat\/associacio\/alfred-quintana-ha-guanyat-el-v-premi-helena-jubany\/\" data-type=\"post\" data-id=\"132\">Alfred Quintana<\/a><\/strong>, de Barcelona, amb&nbsp;<strong><em><a href=\"https:\/\/jubany.us8.list-manage.com\/track\/click?u=7e03619af41d11dc5dd0de60b&amp;id=70c77bf68d&amp;e=c0cbaf5bcc\">L\u2019alemany \u00e9s f\u00e0cil<\/a><\/em><\/strong>, 2012<\/li><li><strong><a href=\"https:\/\/helena.jubany.cat\/associacio\/imma-cabre-i-homet-ha-guanyat-el-vi-premi-helena-jubany\/\" data-type=\"post\" data-id=\"151\">Imma Cabr\u00e9<\/a><\/strong>, de Sabadell, amb&nbsp;<strong><em><a href=\"https:\/\/jubany.us8.list-manage.com\/track\/click?u=7e03619af41d11dc5dd0de60b&amp;id=c05aa06604&amp;e=c0cbaf5bcc\">Gotes que vessen gots<\/a><\/em><\/strong>, 2013<\/li><li><strong><a href=\"https:\/\/helena.jubany.cat\/associacio\/montse-maestre-i-casadesus-guanya-el-vii-premi-helena-jubany\/\" data-type=\"post\" data-id=\"177\">Montse Maestre<\/a><\/strong>, de Ripoll, amb&nbsp;<strong><em><a href=\"https:\/\/jubany.us8.list-manage.com\/track\/click?u=7e03619af41d11dc5dd0de60b&amp;id=469e9c7555&amp;e=c0cbaf5bcc\">Tot plegat no \u00e9s el que sembla<\/a><\/em><\/strong>, 2014<\/li><li><strong><a href=\"https:\/\/helena.jubany.cat\/associacio\/didac-micalo-guanya-el-viii-premi-helena-jubany\/\" data-type=\"post\" data-id=\"181\">D\u00eddac Mical\u00f3<\/a><\/strong>, de Barcelona, amb&nbsp;<strong><em><a href=\"https:\/\/jubany.us8.list-manage.com\/track\/click?u=7e03619af41d11dc5dd0de60b&amp;id=1dc7f2cca8&amp;e=c0cbaf5bcc\">La nit que gaireb\u00e9 em converteixo en tiberi\u2026<\/a><\/em><\/strong>, 2015<\/li><li><strong><a href=\"https:\/\/helena.jubany.cat\/associacio\/xavier-vidal-i-alemany-guanya-el-ix-premi-helena-jubany\/\" data-type=\"post\" data-id=\"294\">Xavier Vidal<\/a><\/strong>, d\u2019Alginet, amb&nbsp;<strong><em><a href=\"https:\/\/jubany.us8.list-manage.com\/track\/click?u=7e03619af41d11dc5dd0de60b&amp;id=8f3e16c2c1&amp;e=c0cbaf5bcc\">L\u2019escriptor i l\u2019escombriaire<\/a><\/em><\/strong>, 2016<\/li><li><strong><a href=\"https:\/\/helena.jubany.cat\/associacio\/387\/\" data-type=\"post\" data-id=\"387\">Carles Torres<\/a><\/strong>, de les illes Pitiusses, amb&nbsp;<strong><em><a href=\"https:\/\/jubany.us8.list-manage.com\/track\/click?u=7e03619af41d11dc5dd0de60b&amp;id=96b99e2302&amp;e=c0cbaf5bcc\">El desconcert d\u2019en Boyle<\/a><\/em><\/strong>, 2017<\/li><li><strong><a href=\"https:\/\/helena.jubany.cat\/associacio\/abel-julien-guanya-lxi-premi-helena-jubany-amb-lobra-locell-de-brinkley-arkansas\/\" data-type=\"post\" data-id=\"514\">Abel Julien<\/a><\/strong>, de Barcelona, amb&nbsp;<strong><em><a href=\"https:\/\/jubany.us8.list-manage.com\/track\/click?u=7e03619af41d11dc5dd0de60b&amp;id=afd69f4feb&amp;e=c0cbaf5bcc\">L'ocell de Brinkley, Arkansas<\/a><\/em><\/strong>, 2018<\/li><li><strong><a href=\"https:\/\/helena.jubany.cat\/associacio\/maria-ardel-de-lete-guanya-el-xii-premi-helena-jubany-amb-lobra-paper-destrelles\/\" data-type=\"post\" data-id=\"613\">Maria Ardel de Lete<\/a><\/strong>, de Collbat\u00f3, amb&nbsp;<strong><em><a href=\"https:\/\/jubany.us8.list-manage.com\/track\/click?u=7e03619af41d11dc5dd0de60b&amp;id=08c81f824f&amp;e=c0cbaf5bcc\">Paper d\u2019estrelles<\/a><\/em><\/strong>, 2019<\/li><li><strong>Manuel Roig Abad<\/strong>, d'Ibi, amb <em>Anserall<\/em>, 2020<\/li><\/ul>\n<!-- \/wp:list -->","_et_gb_content_width":"","footnotes":""},"categories":[17,34],"tags":[26],"class_list":["post-818","post","type-post","status-publish","format-standard","has-post-thumbnail","hentry","category-premi-helena-jubany","category-premi-2020","tag-obres-guanyadores","et-has-post-format-content","et_post_format-et-post-format-standard"],"_links":{"self":[{"href":"https:\/\/helena.jubany.cat\/associacio\/wp-json\/wp\/v2\/posts\/818","targetHints":{"allow":["GET"]}}],"collection":[{"href":"https:\/\/helena.jubany.cat\/associacio\/wp-json\/wp\/v2\/posts"}],"about":[{"href":"https:\/\/helena.jubany.cat\/associacio\/wp-json\/wp\/v2\/types\/post"}],"author":[{"embeddable":true,"href":"https:\/\/helena.jubany.cat\/associacio\/wp-json\/wp\/v2\/users\/1"}],"replies":[{"embeddable":true,"href":"https:\/\/helena.jubany.cat\/associacio\/wp-json\/wp\/v2\/comments?post=818"}],"version-history":[{"count":15,"href":"https:\/\/helena.jubany.cat\/associacio\/wp-json\/wp\/v2\/posts\/818\/revisions"}],"predecessor-version":[{"id":4470,"href":"https:\/\/helena.jubany.cat\/associacio\/wp-json\/wp\/v2\/posts\/818\/revisions\/4470"}],"wp:featuredmedia":[{"embeddable":true,"href":"https:\/\/helena.jubany.cat\/associacio\/wp-json\/wp\/v2\/media\/821"}],"wp:attachment":[{"href":"https:\/\/helena.jubany.cat\/associacio\/wp-json\/wp\/v2\/media?parent=818"}],"wp:term":[{"taxonomy":"category","embeddable":true,"href":"https:\/\/helena.jubany.cat\/associacio\/wp-json\/wp\/v2\/categories?post=818"},{"taxonomy":"post_tag","embeddable":true,"href":"https:\/\/helena.jubany.cat\/associacio\/wp-json\/wp\/v2\/tags?post=818"}],"curies":[{"name":"wp","href":"https:\/\/api.w.org\/{rel}","templated":true}]}}