{"id":76,"date":"2010-12-03T22:41:18","date_gmt":"2010-12-03T22:41:18","guid":{"rendered":"http:\/\/www.jubanywp.cat.mialias.net\/associacio\/2010\/12\/03\/jordi-sole-i-comas-guanya-el-iii-premi-helena-jubany-64932070\/"},"modified":"2023-12-06T19:00:24","modified_gmt":"2023-12-06T19:00:24","slug":"jordi-sole-i-comas-3-premi-helena-jubany","status":"publish","type":"post","link":"https:\/\/helena.jubany.cat\/associacio\/jordi-sole-i-comas-3-premi-helena-jubany\/","title":{"rendered":"Jordi Sol\u00e9 i Comas guanya el III Premi Helena Jubany amb l&#8217;obra &#8220;Blanc&#8221;"},"content":{"rendered":"<p><span style=\"font-family: Arial,sans-serif;\">El periodista sabadellenc <strong>Jordi Sol\u00e9 i Comas<\/strong> ha estat guardonat aquest vespre amb el <strong>III Premi Helena Jubany<\/strong> de narraci\u00f3 curta o recull de contes per a ser explicats, \u00fanic premi existent d\u2019aquestes caracter\u00edstiques, per la seva obra <\/span><strong><span style=\"font-family: Arial,sans-serif;\"><em>Blanc<\/em><\/span><\/strong><span style=\"font-family: Arial,sans-serif;\">. <\/span><\/p>\n<p><span style=\"font-family: Arial,sans-serif;\">El tamb\u00e9 periodista <strong>Pep Andreu<\/strong> ha condu\u00eft l\u2019acte de lliurament del premi, que s\u2019ha celebrat a la Sala d\u2019Actes de Can Palauet de Matar\u00f3 amb la pres\u00e8ncia de prop d\u2019un centenar de persones, que omplien la sala.<\/span><\/p>\n<p><span style=\"font-family: Arial,sans-serif;\">Hi han intervingut <\/span><strong><span style=\"font-family: Arial,sans-serif;\">S\u00edlvia Sebasti\u00e1n<\/span><\/strong><span style=\"font-family: Arial,sans-serif;\">, directora de la Biblioteca Pompeu Fabra de Matar\u00f3, en representaci\u00f3 de l\u2019IMAC de l\u2019Ajuntament de Matar\u00f3, <\/span><strong><span style=\"font-family: Arial,sans-serif;\">Joan Jubany<\/span><\/strong><span style=\"font-family: Arial,sans-serif;\">, president de l\u2019<\/span><span style=\"font-family: Arial,sans-serif;\">Associaci\u00f3 Cultural Helena Jubany i Lorente<\/span><span style=\"font-family: Arial,sans-serif;\">, <\/span><strong><span style=\"font-family: Arial,sans-serif;\">N\u00faria Ribas<\/span><\/strong><span style=\"font-family: Arial,sans-serif;\">, com a portaveu del Jurat, el mateix guardonat i <\/span><strong><span style=\"font-family: Arial,sans-serif;\">Elvira Carri\u00f3<\/span><\/strong><span style=\"font-family: Arial,sans-serif;\">, membre tamb\u00e9 del Jurat, que ha llegit fragments de l\u2019obra premiada.<\/span><\/p>\n<p><!--more--><\/p>\n<p><a class=\"jcepopup\" href=\"http:\/\/helena.jubany.cat\/associacio\/wp-content\/uploads\/2010\/12\/img_4908.jpg\" target=\"_blank\" rel=\"noopener\" data-mediabox=\"title[Acte de lliurament del 3r premi Helena Jubany::Acte de lliurament del 3r premi Helena Jubany]\"><img loading=\"lazy\" decoding=\"async\" class=\" alignright size-full wp-image-75\" style=\"margin: 5px; float: right;\" title=\"Acte de lliurament del 3r premi Helena Jubany\" src=\"http:\/\/helena.jubany.cat\/associacio\/wp-content\/uploads\/2010\/12\/img_4908.jpg\" alt=\"Acte de lliurament del 3r premi Helena Jubany\" width=\"250\" height=\"167\" srcset=\"https:\/\/helena.jubany.cat\/associacio\/wp-content\/uploads\/2010\/12\/img_4908.jpg 900w, https:\/\/helena.jubany.cat\/associacio\/wp-content\/uploads\/2010\/12\/img_4908-300x200.jpg 300w, https:\/\/helena.jubany.cat\/associacio\/wp-content\/uploads\/2010\/12\/img_4908-768x512.jpg 768w\" sizes=\"(max-width: 250px) 100vw, 250px\" \/><\/a><span style=\"font-family: Arial,sans-serif;\">El Jurat va acordar per unanimitat, segons explicat N\u00faria Ribas, atorgar el III <\/span><span style=\"font-family: Arial,sans-serif;\">Premi Helena Jubany<\/span><span style=\"font-family: Arial,sans-serif;\"> a l\u2019obra <\/span><span style=\"font-family: Arial,sans-serif;\"><em>Blanc<\/em><\/span><span style=\"font-family: Arial,sans-serif;\"> de <\/span><span style=\"font-family: Arial,sans-serif;\">Jordi Sol\u00e9 i Comas \u201c<\/span><span style=\"font-family: Arial,sans-serif;\">per la seva prosa fresca, fluida i suggeridora d\u2019imatges; pel seu l\u00e8xic en sintonia amb la intencionalitat que vol expressar: humor, ironia, tendresa, etc.; i per la capacitat, a partir d\u2019un fet real, de capgirar-lo i fer-ne un relat cre\u00efble, dirigit en tot moment a un imaginat oient i una possible audi\u00e8ncia juvenil\u201d.<\/span><\/p>\n<p><span style=\"font-family: Arial,sans-serif;\">Tamb\u00e9 ha fet esment de l\u2019obra finalista, <\/span><span style=\"font-family: Arial,sans-serif;\"><em>Hist\u00f2ria natural i altres contes<\/em><\/span><span style=\"font-family: Arial,sans-serif;\">, <\/span><span style=\"font-family: Arial,sans-serif;\">per la seva capacitat creadora de personatges que fan avan\u00e7ar la narraci\u00f3 amb tra\u00e7os calderians.<\/span><\/p>\n<p><span style=\"font-family: Arial,sans-serif;\">\u00c9s previst que l\u2019edici\u00f3 de <\/span><span style=\"font-family: Arial,sans-serif;\"><em>Blanc<\/em><\/span><span style=\"font-family: Arial,sans-serif;\"> surti a la llum a comen\u00e7ament de mar\u00e7 de 2011. En tindr\u00e0 cura l\u2019editorial Tant\u00e0gora. L\u2019edici\u00f3 ser\u00e0 il\u00b7lustrada i inclour\u00e0, a m\u00e9s del text escrit, la narraci\u00f3 oral de l\u2019obra i una versi\u00f3 signada amb llengua de signes catalana per a persones sordes.<\/span><\/p>\n<h4><span style=\"font-family: Arial,sans-serif;\">L\u2019OBRA<\/span><\/h4>\n<p><span lang=\"es-ES\">El protagonista del relat guanyador \u00e9s un noi sabadellenc que est\u00e0 destinat a ser qu\u00edmic seguint la tradici\u00f3 familiar. <\/span><span lang=\"fr-FR\">Des de ben petit els Reis ja li porten jocs de qu\u00edmica, per\u00f2 ell t\u00e9, a m\u00e9s, un altre hobby que l\u2019apassiona encara m\u00e9s: els animals. <\/span><\/p>\n<p lang=\"es-ES\">Aix\u00ed \u00e9s que un bon dia agafa els Catalans decidit a fer una visita al zoo de Barcelona\u2026 i aquesta visita canviar\u00e0 la seva vida, perqu\u00e8 hi trobar\u00e0 l\u2019Altarriba. un personatge curi\u00f3s que li ofereix feina en veure\u2019l tan embadocat amb les feres. Comen\u00e7ar\u00e0 netejant la g\u00e0bia dels micos i anir\u00e0 fent m\u00e8rits. La seva felicitat ser\u00e0 total quan arribi al zoo el seu habitant m\u00e9s fam\u00f3s, un goril\u00b7la blanc.<\/p>\n<p lang=\"es-ES\">Tots sabeu la hist\u00f2ria de Floquet de Neu o, m\u00e9s ben dit, us penseu que la sabeu, perqu\u00e8 aquesta hist\u00f2ria amaga un terrible secret\u2026 El llibre \u00e9s una meravella de tan ben escrit, ir\u00f2nic, intel\u00b7ligent. Ben segur que no us podreu estar d\u2019acabar-lo. El podreu tenir a les mans a comen\u00e7ament de mar\u00e7.<\/p>\n<h4 lang=\"es-ES\"><span style=\"font-family: Arial,sans-serif;\">L\u2019AUTOR<\/span><\/h4>\n<p><strong><span style=\"font-family: Arial,sans-serif;\"><span lang=\"es-ES\">Jo<\/span><\/span><\/strong><span style=\"font-family: Arial,sans-serif;\"><span lang=\"es-ES\"><strong>rdi Sol\u00e9 i Comas<\/strong> \u00e9s periodista, escriptor. Ha estat col\u00b7laborador de la revista \u201cFotogramas\u201d, del programa de TV3 \u201cEl club\u201d i del radiof\u00f2nic \u201cVersi\u00f3 c\u00e0mping\u201d a RAC1. Actualment treballa com a free lance i \u00e9s lector professional de guions cinematogr\u00e0fics. Com a escriptor ha publicat <\/span><\/span><span style=\"font-family: Arial,sans-serif;\"><span lang=\"es-ES\"><em>Teleman\u00eda las 500 mejores series de TV<\/em><\/span><\/span><span style=\"font-family: Arial,sans-serif;\"><span lang=\"es-ES\"> (Salvat, 2000), la novel\u00b7la hist\u00f2rica sobre el fill de Juli C\u00e8sar i Cleopatra<\/span><\/span><span style=\"font-family: Arial,sans-serif;\"><span lang=\"es-ES\"><em> Hijo de Dioses<\/em><\/span><\/span><span style=\"font-family: Arial,sans-serif;\"><span lang=\"es-ES\"> (Ed. P\u00e0mies, 2010) i el thriller hist\u00f2ric sobre l\u2019estada de <strong>Buffalo Bill<\/strong> a Barcelona l\u2019any 1889, \u201cBarcelona Far West\u201d (P\u00e0mies, 2010).<\/span><\/span><\/p>\n<h4><span style=\"font-family: Arial,sans-serif;\">EL PREMI HELENA JUBANY<\/span><\/h4>\n<p><span style=\"font-family: Arial,sans-serif;\">La d\u2019enguany \u00e9s la tercera edici\u00f3 del Premi Helena Jubany. En les dues edicions anteriors els guanyadors foren l\u2019alacant\u00ed <strong>Joan-Llu\u00eds Moreno i Congost<\/strong> (Premi 2009) amb <\/span><span style=\"font-family: Arial,sans-serif;\"><em>Compta comptes<\/em><\/span><span style=\"font-family: Arial,sans-serif;\"> i el barcelon\u00ed <strong>Xavier Cab\u00fas<\/strong> (Premi 2008) amb <\/span><span style=\"font-family: Arial,sans-serif;\"><em>El karma del carnisser<\/em><\/span><span style=\"font-family: Arial,sans-serif;\">, les obres dels quals ja han estat publicades per l\u2019editorial Tant\u00e0gora.<\/span><\/p>\n<p><span style=\"font-family: Arial,sans-serif;\">Aquest premi literari ha estat creat per mantenir viu el record de l\u2019<strong>Helena Jubany i Lorente<\/strong> encomanant el seu gust per la lectura, la creaci\u00f3 liter\u00e0ria i la narraci\u00f3 oral. L\u2019Helena va ser assassinada el dia 2 de desembre de 2001 a Sabadell i tant la policia com la judicatura han desistit d\u00e0clarir els fets i identificar els culpables de la seva mort.<\/span><\/p>\n<p style=\"margin-bottom: 0cm;\"><span style=\"font-family: Arial,sans-serif;\">Matar\u00f3, 2 de desembre de 2010<\/span><\/p>\n","protected":false},"excerpt":{"rendered":"<p>El periodista sabadellenc Jordi Sol\u00e9 i Comas ha estat guardonat aquest vespre amb el III Premi Helena Jubany de narraci\u00f3 curta o recull de contes per a ser explicats, \u00fanic premi existent d\u2019aquestes caracter\u00edstiques, per la seva obra Blanc. El tamb\u00e9 periodista Pep Andreu ha condu\u00eft l\u2019acte de lliurament del premi, que s\u2019ha celebrat a [&hellip;]<\/p>\n","protected":false},"author":1,"featured_media":72,"comment_status":"open","ping_status":"open","sticky":false,"template":"","format":"standard","meta":{"_et_pb_use_builder":"","_et_pb_old_content":"","_et_gb_content_width":"","footnotes":""},"categories":[7],"tags":[26],"class_list":["post-76","post","type-post","status-publish","format-standard","has-post-thumbnail","hentry","category-premi-2010","tag-obres-guanyadores"],"_links":{"self":[{"href":"https:\/\/helena.jubany.cat\/associacio\/wp-json\/wp\/v2\/posts\/76","targetHints":{"allow":["GET"]}}],"collection":[{"href":"https:\/\/helena.jubany.cat\/associacio\/wp-json\/wp\/v2\/posts"}],"about":[{"href":"https:\/\/helena.jubany.cat\/associacio\/wp-json\/wp\/v2\/types\/post"}],"author":[{"embeddable":true,"href":"https:\/\/helena.jubany.cat\/associacio\/wp-json\/wp\/v2\/users\/1"}],"replies":[{"embeddable":true,"href":"https:\/\/helena.jubany.cat\/associacio\/wp-json\/wp\/v2\/comments?post=76"}],"version-history":[{"count":3,"href":"https:\/\/helena.jubany.cat\/associacio\/wp-json\/wp\/v2\/posts\/76\/revisions"}],"predecessor-version":[{"id":4479,"href":"https:\/\/helena.jubany.cat\/associacio\/wp-json\/wp\/v2\/posts\/76\/revisions\/4479"}],"wp:featuredmedia":[{"embeddable":true,"href":"https:\/\/helena.jubany.cat\/associacio\/wp-json\/wp\/v2\/media\/72"}],"wp:attachment":[{"href":"https:\/\/helena.jubany.cat\/associacio\/wp-json\/wp\/v2\/media?parent=76"}],"wp:term":[{"taxonomy":"category","embeddable":true,"href":"https:\/\/helena.jubany.cat\/associacio\/wp-json\/wp\/v2\/categories?post=76"},{"taxonomy":"post_tag","embeddable":true,"href":"https:\/\/helena.jubany.cat\/associacio\/wp-json\/wp\/v2\/tags?post=76"}],"curies":[{"name":"wp","href":"https:\/\/api.w.org\/{rel}","templated":true}]}}