{"id":71,"date":"2010-12-01T22:37:47","date_gmt":"2010-12-01T22:37:47","guid":{"rendered":"http:\/\/www.jubanywp.cat.mialias.net\/associacio\/2010\/12\/01\/veredicte-del-jurat-del-3r-premi-helena-jubany-edicio-2010\/"},"modified":"2022-06-04T00:59:54","modified_gmt":"2022-06-04T00:59:54","slug":"veredicte-del-jurat-del-3r-premi-helena-jubany-edicio-2010","status":"publish","type":"post","link":"https:\/\/helena.jubany.cat\/associacio\/veredicte-del-jurat-del-3r-premi-helena-jubany-edicio-2010\/","title":{"rendered":"Veredicte del jurat del III Premi Helena Jubany (edici\u00f3 2010)"},"content":{"rendered":"<p>Reunits a la Llibreria Robafaves de Matar\u00f3 a les vuit del vespre del dia 26 de novembre de 2010, els membres del Jurat \u2013format per <strong>Elvira Carri\u00f3<\/strong>, <strong>Pep Duran<\/strong>, <strong>Llu\u00efsa Esteve<\/strong>, <strong>N\u00faria Ribas<\/strong>, <strong>Roser Ros<\/strong>, <strong>Lloren\u00e7 Soldevila<\/strong>, <strong>Roser Trilla<\/strong> i <strong>Joan Jubany<\/strong>, que actua com a secretari amb veu per\u00f2 sense vot\u2013 inicien les deliberacions per triar, d\u2019entre els 60 treballs presentats, l\u2019obra guanyadora del III Premi Helena Jubany de narraci\u00f3 curta o recull de contes per a ser explicats.<\/p>\n<p>Per comen\u00e7ar, cada membre del jurat diu quins s\u00f3n els textos que considera dignes d\u2019aspirar al premi. Els originals citats s\u00f3n els tretze seg\u00fcents, relacionats per ordre de presentaci\u00f3 al concurs:<\/p>\n<p><em>Un pr\u00e9stec, dos pr\u00e9stecs, tres pr\u00e9stecs, El porquer i el rei B\u00e0mbol, Blanc, La llegenda d\u2019Iverglass, Hist\u00f2ria Natural i altres contes, Concertino Convidada, Puzle incomplet, Mosso amateur, em fumen i barrut, Del forn al torn, Rellotge de doble esfera, Exemplars de vida singular, A contratemps <\/em>i<em> Morat, taronja, blanc.<\/em><\/p>\n<p><!--more--><\/p>\n<p>Tot seguit cadascun del membres del Jurat exposa les raons a favor dels originals que ha destacat; es comproven les coincid\u00e8ncies de criteri entre diferents membres del Jurat i es contrasten enraonadament les qualitats de les obres: el manteniment de la qualitat liter\u00e0ria al llarg de tota l\u2019obra, la riquesa ling\u00fc\u00edstica, l\u2019originalitat del tema, la progressi\u00f3 de l\u2019argument, l\u2019inter\u00e8s que generen i si el text flueix oralment sense necessitat de posteriors adaptacions.<\/p>\n<p>Un cop fetes les comprovacions i deliberacions pertinents, el Jurat tria els dos finalistes seg\u00fcents: <em>Blanc i Hist\u00f2ria Natural <\/em>i<em> altres contes<\/em>.<\/p>\n<p>Tot seguit, la reuni\u00f3 prossegueix amb l\u2019an\u00e0lisi d\u2019aquestes dues obres finalistes, que s\u00f3n llegides en veu alta per membres del Jurat. Finalment el Jurat<\/p>\n<p>a) valora l\u2019estil i for\u00e7a oral d\u2019<em>Hist\u00f2ria Natural i altres contes<\/em> i la seva capacitat creadora de personatges que fan avan\u00e7ar la narraci\u00f3 amb tra\u00e7os calderians, i<\/p>\n<p>b) acorda per unanimitat atorgar el <strong>III Premi Helena Jubany<\/strong> de narraci\u00f3 curta o recull de contes per a ser explicats a l\u2019obra titulada <strong><em>Blanc<\/em><\/strong> de <strong>Jordi Sol\u00e9 i Comas<\/strong> per la seva prosa fresca, fluida i suggeridora d\u2019imatges; pel seu l\u00e8xic en sintonia amb la intencionalitat que vol expressar: humor, ironia, tendresa, etc.; i per la capacitat, a partir d\u2019un fet real, de capgirar-lo i fer-ne un relat cre\u00efble, dirigit en tot moment cap a un imaginat oient i una possible audi\u00e8ncia juvenil.<\/p>\n<p style=\"margin-bottom: 0cm;\">A les deu del vespre es clou la reuni\u00f3.<\/p>\n","protected":false},"excerpt":{"rendered":"<p>Reunits a la Llibreria Robafaves de Matar\u00f3 a les vuit del vespre del dia 26 de novembre de 2010, els membres del Jurat \u2013format per Elvira Carri\u00f3, Pep Duran, Llu\u00efsa Esteve, N\u00faria Ribas, Roser Ros, Lloren\u00e7 Soldevila, Roser Trilla i Joan Jubany, que actua com a secretari amb veu per\u00f2 sense vot\u2013 inicien les deliberacions [&hellip;]<\/p>\n","protected":false},"author":1,"featured_media":69,"comment_status":"open","ping_status":"open","sticky":false,"template":"","format":"standard","meta":{"_et_pb_use_builder":"","_et_pb_old_content":"","_et_gb_content_width":"","footnotes":""},"categories":[7],"tags":[27],"class_list":["post-71","post","type-post","status-publish","format-standard","has-post-thumbnail","hentry","category-premi-2010","tag-veredictes-del-jurat"],"_links":{"self":[{"href":"https:\/\/helena.jubany.cat\/associacio\/wp-json\/wp\/v2\/posts\/71","targetHints":{"allow":["GET"]}}],"collection":[{"href":"https:\/\/helena.jubany.cat\/associacio\/wp-json\/wp\/v2\/posts"}],"about":[{"href":"https:\/\/helena.jubany.cat\/associacio\/wp-json\/wp\/v2\/types\/post"}],"author":[{"embeddable":true,"href":"https:\/\/helena.jubany.cat\/associacio\/wp-json\/wp\/v2\/users\/1"}],"replies":[{"embeddable":true,"href":"https:\/\/helena.jubany.cat\/associacio\/wp-json\/wp\/v2\/comments?post=71"}],"version-history":[{"count":2,"href":"https:\/\/helena.jubany.cat\/associacio\/wp-json\/wp\/v2\/posts\/71\/revisions"}],"predecessor-version":[{"id":3080,"href":"https:\/\/helena.jubany.cat\/associacio\/wp-json\/wp\/v2\/posts\/71\/revisions\/3080"}],"wp:featuredmedia":[{"embeddable":true,"href":"https:\/\/helena.jubany.cat\/associacio\/wp-json\/wp\/v2\/media\/69"}],"wp:attachment":[{"href":"https:\/\/helena.jubany.cat\/associacio\/wp-json\/wp\/v2\/media?parent=71"}],"wp:term":[{"taxonomy":"category","embeddable":true,"href":"https:\/\/helena.jubany.cat\/associacio\/wp-json\/wp\/v2\/categories?post=71"},{"taxonomy":"post_tag","embeddable":true,"href":"https:\/\/helena.jubany.cat\/associacio\/wp-json\/wp\/v2\/tags?post=71"}],"curies":[{"name":"wp","href":"https:\/\/api.w.org\/{rel}","templated":true}]}}