{"id":613,"date":"2019-12-03T10:16:13","date_gmt":"2019-12-03T10:16:13","guid":{"rendered":"http:\/\/helena.jubany.cat\/associacio\/?p=613"},"modified":"2023-12-06T19:09:03","modified_gmt":"2023-12-06T19:09:03","slug":"maria-ardel-12-premi-helena-jubany","status":"publish","type":"post","link":"https:\/\/helena.jubany.cat\/associacio\/maria-ardel-12-premi-helena-jubany\/","title":{"rendered":"Maria Ardel de Lete guanya el XII Premi Helena Jubany amb l&#8217;obra &#8220;Paper d&#8217;estrelles&#8221;"},"content":{"rendered":"<h3>El premi est\u00e0 dotat amb 3.000 euros i la publicaci\u00f3 de l\u2019obra, que es repartir\u00e0 amb el diari Ara<\/h3>\n<p>[Matar\u00f3, 2 de desembre de 2019] El lliurament del <strong>Premi Helena Jubany<\/strong> s\u2019ha realitzat aquest vestre a 2\/4 de 8 a la Sala d\u2019Actes de la <strong>Biblioteca Antoni Comas<\/strong> de <strong>Matar\u00f3<\/strong>, en un acte presidit pel Sr. Regidor d\u2019Administraci\u00f3, Bon Govern i Mobilitat de l\u2019Ajuntament de Matar\u00f3, <strong>Juan Carlos Jerez<\/strong>, i els representants del <strong>l\u2019Associaci\u00f3 Cultural Helena Jubany i Lorente<\/strong>, que promou el premi.<\/p>\n<p>L\u2019obra premiada ha sigut <strong><em>Paper d\u2019estrelles<\/em><\/strong>, de <strong>Maria Ardel de Lete<\/strong> (Barcelona, 1967). A la convocat\u00f2ria d\u2019enguany, s\u2019hi han presentat 38 treballs.<\/p>\n<p><strong>L\u2019obra<\/strong><\/p>\n<p><a href=\"http:\/\/helena.jubany.cat\/associacio\/wp-content\/uploads\/2019\/12\/IMG_1337.jpg\"><img loading=\"lazy\" decoding=\"async\" class=\"alignright size-medium wp-image-610\" src=\"http:\/\/helena.jubany.cat\/associacio\/wp-content\/uploads\/2019\/12\/IMG_1337-300x225.jpg\" alt=\"\" width=\"300\" height=\"225\" srcset=\"https:\/\/helena.jubany.cat\/associacio\/wp-content\/uploads\/2019\/12\/IMG_1337-300x225.jpg 300w, https:\/\/helena.jubany.cat\/associacio\/wp-content\/uploads\/2019\/12\/IMG_1337-768x576.jpg 768w, https:\/\/helena.jubany.cat\/associacio\/wp-content\/uploads\/2019\/12\/IMG_1337-1024x768.jpg 1024w, https:\/\/helena.jubany.cat\/associacio\/wp-content\/uploads\/2019\/12\/IMG_1337.jpg 1600w\" sizes=\"(max-width: 300px) 100vw, 300px\" \/><\/a>Heu fet mai cap ruta liter\u00e0ria? Ara estan en voga; se&#8217;n fan moltes, tant per a la gent del pa\u00eds com, sobretot, per als turistes. Doncs aquest relat us transportar\u00e0 a <strong>Londres<\/strong> i us immergir\u00e0 en l\u2019univers d\u2019una autora que potser no us sonar\u00e0, <strong>Pamela Travers<\/strong>, i en el del seu llibre m\u00e9s fam\u00f3s, sobre el qual s&#8217;ha fet m\u00e9s d&#8217;una pel\u00b7l\u00edcula, que ben segur que s\u00ed que coneixeu: <strong>Mary Poppins<\/strong>. En aquesta ruta, un passeig amb cinc aturades, passen coses tan sensacionals com en el llibre i la guia us les narra totes amb for\u00e7a gr\u00e0cia, sentit de l\u2019humor i m\u00e0gia a trav\u00e9s d\u2019un relat, <strong><em>Paper d&#8217;estrelles<\/em><\/strong>, que barreja realitat i ficci\u00f3, i entusiasma. No us el perdeu.<\/p>\n<p><strong>L\u2019autora<\/strong><\/p>\n<p><strong><a href=\"http:\/\/helena.jubany.cat\/associacio\/wp-content\/uploads\/2019\/12\/IMG_0908.jpg\"><img loading=\"lazy\" decoding=\"async\" class=\"alignright size-medium wp-image-608\" src=\"http:\/\/helena.jubany.cat\/associacio\/wp-content\/uploads\/2019\/12\/IMG_0908-300x225.jpg\" alt=\"\" width=\"300\" height=\"225\" srcset=\"https:\/\/helena.jubany.cat\/associacio\/wp-content\/uploads\/2019\/12\/IMG_0908-300x225.jpg 300w, https:\/\/helena.jubany.cat\/associacio\/wp-content\/uploads\/2019\/12\/IMG_0908-768x576.jpg 768w, https:\/\/helena.jubany.cat\/associacio\/wp-content\/uploads\/2019\/12\/IMG_0908-1024x768.jpg 1024w, https:\/\/helena.jubany.cat\/associacio\/wp-content\/uploads\/2019\/12\/IMG_0908.jpg 1600w\" sizes=\"(max-width: 300px) 100vw, 300px\" \/><\/a>Maria Ardel de Lete<\/strong> (Barcelona, 1967) \u00e9s llicenciada en Filologia Anglesa per la Universitat de Barcelona i M\u00e0ster en Ensenyament de Catal\u00e0 per a persones adultes. Treballa com a professora d\u2019angl\u00e8s a l\u2019Institut Investigador Blanxart de Terrassa. Tamb\u00e9 ha treballat com a professora d\u2019angl\u00e8s, catal\u00e0, castell\u00e0 i alfabetitzaci\u00f3 a centres d\u2019adults.<\/p>\n<p>Gran lectora de tot tipus de g\u00e8neres, des dels cl\u00e0ssics fins a la ci\u00e8ncia-ficci\u00f3, sempre ha compaginat la seva activitat professional amb l\u2019escriptura de poesia i relats, on li agrada crear realitats diferents amb un punt de nost\u00e0lgia del passat.<\/p>\n<p>Fa uns anys va abandonar la gran ciutat per la tranquil\u00b7la falda de Montserrat, on troba inspiraci\u00f3 mirant la natura i escoltant Bach i Mozart. Tamb\u00e9 li agrada estudiar lleng\u00fces i les cultures antigues.<\/p>\n<p>Ha estat finalista del Certamen de Relat Breu Amadeu Vives 2017 de Collbat\u00f3, on ha guanyat tamb\u00e9 diversos premis locals de poesia als Jocs Florals. T\u00e9 al cap la publicaci\u00f3 de reculls de relats i potser alguna novel\u00b7la.<\/p>\n<p><strong>El Premi<\/strong><\/p>\n<p><a href=\"http:\/\/helena.jubany.cat\/associacio\/wp-content\/uploads\/2019\/12\/IMG_0888.jpg\"><img loading=\"lazy\" decoding=\"async\" class=\"alignright size-medium wp-image-603\" src=\"http:\/\/helena.jubany.cat\/associacio\/wp-content\/uploads\/2019\/12\/IMG_0888-300x225.jpg\" alt=\"\" width=\"300\" height=\"225\" srcset=\"https:\/\/helena.jubany.cat\/associacio\/wp-content\/uploads\/2019\/12\/IMG_0888-300x225.jpg 300w, https:\/\/helena.jubany.cat\/associacio\/wp-content\/uploads\/2019\/12\/IMG_0888-768x576.jpg 768w, https:\/\/helena.jubany.cat\/associacio\/wp-content\/uploads\/2019\/12\/IMG_0888-1024x768.jpg 1024w, https:\/\/helena.jubany.cat\/associacio\/wp-content\/uploads\/2019\/12\/IMG_0888.jpg 1600w\" sizes=\"(max-width: 300px) 100vw, 300px\" \/><\/a>L\u2019<strong>Associaci\u00f3 Cultural Helena Jubany i Lorente<\/strong>, l\u2019<strong>Ajuntament de Matar\u00f3<\/strong> i el <strong>diari Ara<\/strong> convoquen cada any aquest premi amb la finalitat de mantenir viu el record d\u2019Helena Jubany, enamorada del m\u00f3n dels llibres des de tots els angles, i d\u2019encomanar el seu gust per la lectura i la ficci\u00f3 liter\u00e0ria tant en el vessant escrit com en el de la transmissi\u00f3 oral.<\/p>\n<p>El premi ha comptat per quart any amb la implicaci\u00f3 de la Direcci\u00f3 de Cultura de l\u2019Ajuntament de Matar\u00f3 que, a trav\u00e9s d\u2019un conveni amb l\u2019Associaci\u00f3, aporta 2.500 euros al projecte de publicaci\u00f3 de l\u2019obra guanyadora. Tamb\u00e9 hi col\u00b7labora el diari Ara, que en distribueix la publicaci\u00f3, aix\u00ed com els socis de l\u2019Associaci\u00f3 Cultural Helena Jubany i Lorente i mecenes particulars.<\/p>\n<p><strong>Composici\u00f3 del jurat<\/strong><\/p>\n<p>El jurat ha estat format per <strong>Esteve Guardiola<\/strong>, llibreter de Buc de Llibres i narrador oral, <strong>Elvira Carri\u00f3<\/strong>, directora de l\u2019IB Laia l\u2019Arquera, <strong>N\u00faria Ribas<\/strong>, directora de la biblioteca de Sentmenat, <strong>Roser Trilla<\/strong>, professora que ha estat de llengua i literatura de l\u2019IB Alexandre Satorras, <strong>Lloren\u00e7 Soldevila<\/strong>, professor que ha estat de la Universitat de Vic, <strong>Abel Julien<\/strong>, guanyador de l\u2019XI Premi Helena Jubany, <strong>Cristina Valls<\/strong>, en representaci\u00f3 de les biblioteques de Matar\u00f3 i <strong>Joan Jubany<\/strong> i <strong>Itxart<\/strong>, com a secretari amb veu per\u00f2 sense vot.<\/p>\n<p><strong>Veredicte del Jurat<\/strong><\/p>\n<p><a href=\"http:\/\/helena.jubany.cat\/associacio\/wp-content\/uploads\/2019\/12\/IMG_0890.jpg\"><img loading=\"lazy\" decoding=\"async\" class=\"alignright size-medium wp-image-604\" src=\"http:\/\/helena.jubany.cat\/associacio\/wp-content\/uploads\/2019\/12\/IMG_0890-300x225.jpg\" alt=\"\" width=\"300\" height=\"225\" srcset=\"https:\/\/helena.jubany.cat\/associacio\/wp-content\/uploads\/2019\/12\/IMG_0890-300x225.jpg 300w, https:\/\/helena.jubany.cat\/associacio\/wp-content\/uploads\/2019\/12\/IMG_0890-768x576.jpg 768w, https:\/\/helena.jubany.cat\/associacio\/wp-content\/uploads\/2019\/12\/IMG_0890-1024x768.jpg 1024w, https:\/\/helena.jubany.cat\/associacio\/wp-content\/uploads\/2019\/12\/IMG_0890.jpg 1600w\" sizes=\"(max-width: 300px) 100vw, 300px\" \/><\/a>D\u2019entre les 38 obres presentades enguany, el Jurat ha decidit atorgar el Premi Helena Jubany d\u2019enguany a Paper d\u2019estrelles per les raons seguents:<\/p>\n<ul>\n<li>perqu\u00e8 el text \u00e9s mou dins els par\u00e0metres de l\u2019oralitat des del comen\u00e7ament fins al final,<\/li>\n<li>pel tractament ir\u00f2nic del llenguatge i el sentit de l\u2019humor, que fan que el relat sigui entretingut i aboqui el lector a continuar,<\/li>\n<li>per la imaginaci\u00f3, m\u00e0gia i encant que impregna la hist\u00f2ria, que avan\u00e7a entre la fantasia i la realitat,<\/li>\n<li>pel poder transformador de la literatura que traspua,<\/li>\n<li>perqu\u00e8 l\u2019obra esdev\u00e9, tamb\u00e9, amb un punt de nost\u00e0lgia, un homenatge a una autora i a una ciutat,<\/li>\n<li>i pel contrast entre els dos personatges principals, paradoxalment antit\u00e8tics, de manera que la guia passa a ser guiada.<\/li>\n<\/ul>\n<p><strong>L&#8217;Helena Jubany<\/strong><\/p>\n<p><strong>Helena Jubany i Lorente<\/strong> va n\u00e9ixer el 27 de febrer de 1974. Va viure a Matar\u00f3 fins als 26 anys. El 1996, es va llicenciar en Periodisme a la UAB. Al llarg de la seva formaci\u00f3 professional, va col\u00b7laborar amb Televisi\u00f3 de Matar\u00f3, amb r\u00e0dio Premi\u00e0 i amb el diari El Punt del Maresme. Va treballar com a llibretera a la Cooperativa Robafaves, on va col\u00b7laborar en l\u2019elaboraci\u00f3 de la revista \u2018Not\u00edcia de llibres\u2019 i es va interessar especialment per la literatura infantil i juvenil. El 1999 va deixar de treballar a la llibreria i, va dedicar-se al m\u00f3n del llibre des d\u2019altres \u00e0mbits, va preparar les oposicions a bibliotec\u00e0ria i va encetar el cam\u00ed de la creaci\u00f3 liter\u00e0ria, recopilant un bon nombre de contes propis. L\u2019any 2000 va comen\u00e7ar a treballar d\u2019auxiliar de bibliotec\u00e0ria per a la sala infantil de la biblioteca Frederic Alfonso i Orfila de Sentmenat. Per la seva feina, es va traslladar a Sabadell on va continuar desenvolupant activitats culturals i associatives. Malauradament l\u2019any 2001 va ser assassinada. Amb aquest premi es vol mantenir viu el seu record i compartir el seu amor pels llibres i la literatura.<\/p>\n<hr>\n<p>NOT\u00cdCIES RELACIONADES:<\/p>\n<p>[Matar\u00f3 Audiovisual TV] <a href=\"https:\/\/mataroaudiovisual.cat\/noticia\/cultura\/paper-destrelles-de-maria-ardel-recull-el-xii-premi-helena-jubany\">&#8220;Paper d&#8217;estrelles&#8221;, de Maria Ardel, recull el XII Premi Helena Jubany<\/a><\/p>\n<p>[Matar\u00f3 R\u00e0dio] <a href=\"http:\/\/laveucdm.cat\/2019\/12\/04\/maria-ardel-lete-guanya-xii-premi-helena-jubany\/\">Maria Ardel de Lete guanya el XII Premi Helena Jubany<\/a><\/p>\n<p>[Llibertat.cat] <a href=\"https:\/\/www.llibertat.cat\/2019\/12\/maria-ardel-de-lete-guanya-el-xii-premi-helena-jubany-amb-l-obra-paper-d-estrelles-46658\">Maria Ardel de Lete guanya el XII Premi Helena Jubany amb l\u2019obra \u201cPaper d\u2019estrelles\u201d<\/a><\/p>\n<p>[Diari Maresme] <a href=\"https:\/\/diarimaresme.com\/2019\/maria-ardel-de-lete-guanya-el-xii-premi-helena-jubany\/\">Maria Ardel de Lete guanya el XII Premi Helena Jubany<\/a><\/p>\n<p>[Capgr\u00f2s] <a href=\"https:\/\/www.capgros.com\/cultura\/llibres-i-activitats-literaries\/historia-autora-mary-poppins-guanyadora-premi-helena-jubany_722066_102.html?utm_source=newsletter&amp;utm_medium=email&amp;utm_term=NL_2019-12-04&amp;utm_content=NL_2019-12-04&amp;utm_campaign=NL_2019-12-04\">Una hist\u00f2ria sobre l&#8217;autora de &#8216;Mary Poppins&#8217;, guanyadora del Premi Helena Jubany<\/a><\/p>\n<p>[Tot Matar\u00f3] <a href=\"http:\/\/www.totmataro.cat\/component\/k2\/item\/46448-maria-ardel-de-lete-guanya-el-xii-premi-helena-jubany\">Maria Ardel de Lete guanya el XII Premi Helena Jubany&nbsp;<\/a><\/p>\n<p>[CatZona] <a href=\"https:\/\/catzona.com\/maria-ardel-de-lete-guanya-el-xii-premi-helena-jubany-amb-lobra-paper-destrelles\">Maria Ardel de Lete guanya el XII Premi Helena Jubany amb l\u2019obra \u201cPaper d\u2019estrelles\u201d<\/a><\/p>\n","protected":false},"excerpt":{"rendered":"<p>El premi est\u00e0 dotat amb 3.000 euros i la publicaci\u00f3 de l\u2019obra, que es repartir\u00e0 amb el diari Ara [Matar\u00f3, 2 de desembre de 2019] El lliurament del Premi Helena Jubany s\u2019ha realitzat aquest vestre a 2\/4 de 8 a la Sala d\u2019Actes de la Biblioteca Antoni Comas de Matar\u00f3, en un acte presidit pel [&hellip;]<\/p>\n","protected":false},"author":1,"featured_media":607,"comment_status":"open","ping_status":"open","sticky":false,"template":"","format":"standard","meta":{"_et_pb_use_builder":"","_et_pb_old_content":"","_et_gb_content_width":"","footnotes":""},"categories":[32],"tags":[26],"class_list":["post-613","post","type-post","status-publish","format-standard","has-post-thumbnail","hentry","category-premi-2019","tag-obres-guanyadores"],"_links":{"self":[{"href":"https:\/\/helena.jubany.cat\/associacio\/wp-json\/wp\/v2\/posts\/613","targetHints":{"allow":["GET"]}}],"collection":[{"href":"https:\/\/helena.jubany.cat\/associacio\/wp-json\/wp\/v2\/posts"}],"about":[{"href":"https:\/\/helena.jubany.cat\/associacio\/wp-json\/wp\/v2\/types\/post"}],"author":[{"embeddable":true,"href":"https:\/\/helena.jubany.cat\/associacio\/wp-json\/wp\/v2\/users\/1"}],"replies":[{"embeddable":true,"href":"https:\/\/helena.jubany.cat\/associacio\/wp-json\/wp\/v2\/comments?post=613"}],"version-history":[{"count":7,"href":"https:\/\/helena.jubany.cat\/associacio\/wp-json\/wp\/v2\/posts\/613\/revisions"}],"predecessor-version":[{"id":3037,"href":"https:\/\/helena.jubany.cat\/associacio\/wp-json\/wp\/v2\/posts\/613\/revisions\/3037"}],"wp:featuredmedia":[{"embeddable":true,"href":"https:\/\/helena.jubany.cat\/associacio\/wp-json\/wp\/v2\/media\/607"}],"wp:attachment":[{"href":"https:\/\/helena.jubany.cat\/associacio\/wp-json\/wp\/v2\/media?parent=613"}],"wp:term":[{"taxonomy":"category","embeddable":true,"href":"https:\/\/helena.jubany.cat\/associacio\/wp-json\/wp\/v2\/categories?post=613"},{"taxonomy":"post_tag","embeddable":true,"href":"https:\/\/helena.jubany.cat\/associacio\/wp-json\/wp\/v2\/tags?post=613"}],"curies":[{"name":"wp","href":"https:\/\/api.w.org\/{rel}","templated":true}]}}