{"id":544,"date":"2018-12-25T10:53:08","date_gmt":"2018-12-25T10:53:08","guid":{"rendered":"http:\/\/helena.jubany.cat\/associacio\/?p=544"},"modified":"2022-06-04T00:22:38","modified_gmt":"2022-06-04T00:22:38","slug":"dijous-27-de-desembre-regal-del-llibre-del-premi-helena-jubany-amb-el-diari-ara","status":"publish","type":"post","link":"https:\/\/helena.jubany.cat\/associacio\/dijous-27-de-desembre-regal-del-llibre-del-premi-helena-jubany-amb-el-diari-ara\/","title":{"rendered":"Dijous, 27 de desembre, regal del llibre del Premi Helena Jubany amb el diari Ara"},"content":{"rendered":"<p>Aquest dijous, 27 de desembre de 2018, distribuirem de regal amb el diari Ara el llibret &#8220;L&#8217;ocell de Brinkley, Arkansas&#8221;, d&#8217;Abel Julien, obra guanyadora de l&#8217;XI\u00e8 Premi Helena Jubany de narraci\u00f3 curta o recull de contes per a ser explicats.<\/p>\n<p>Ens ajudes a fer-ne difusi\u00f3?<\/p>\n<p>&#8211; <a href=\"https:\/\/www.facebook.com\/events\/426622011211100\/\">Facebook<\/a><\/p>\n<p>&#8211; <a href=\"https:\/\/twitter.com\/HelenaJubany\/status\/1077519247130193920\">Twitter<\/a><\/p>\n","protected":false},"excerpt":{"rendered":"<p>Aquest dijous, 27 de desembre de 2018, distribuirem de regal amb el diari Ara el llibret &#8220;L&#8217;ocell de Brinkley, Arkansas&#8221;, d&#8217;Abel Julien, obra guanyadora de l&#8217;XI\u00e8 Premi Helena Jubany de narraci\u00f3 curta o recull de contes per a ser explicats. Ens ajudes a fer-ne difusi\u00f3? &#8211; Facebook &#8211; Twitter<\/p>\n","protected":false},"author":1,"featured_media":545,"comment_status":"open","ping_status":"open","sticky":false,"template":"","format":"standard","meta":{"_et_pb_use_builder":"","_et_pb_old_content":"","_et_gb_content_width":"","footnotes":""},"categories":[31],"tags":[],"class_list":["post-544","post","type-post","status-publish","format-standard","has-post-thumbnail","hentry","category-premi-2018"],"_links":{"self":[{"href":"https:\/\/helena.jubany.cat\/associacio\/wp-json\/wp\/v2\/posts\/544","targetHints":{"allow":["GET"]}}],"collection":[{"href":"https:\/\/helena.jubany.cat\/associacio\/wp-json\/wp\/v2\/posts"}],"about":[{"href":"https:\/\/helena.jubany.cat\/associacio\/wp-json\/wp\/v2\/types\/post"}],"author":[{"embeddable":true,"href":"https:\/\/helena.jubany.cat\/associacio\/wp-json\/wp\/v2\/users\/1"}],"replies":[{"embeddable":true,"href":"https:\/\/helena.jubany.cat\/associacio\/wp-json\/wp\/v2\/comments?post=544"}],"version-history":[{"count":3,"href":"https:\/\/helena.jubany.cat\/associacio\/wp-json\/wp\/v2\/posts\/544\/revisions"}],"predecessor-version":[{"id":3041,"href":"https:\/\/helena.jubany.cat\/associacio\/wp-json\/wp\/v2\/posts\/544\/revisions\/3041"}],"wp:featuredmedia":[{"embeddable":true,"href":"https:\/\/helena.jubany.cat\/associacio\/wp-json\/wp\/v2\/media\/545"}],"wp:attachment":[{"href":"https:\/\/helena.jubany.cat\/associacio\/wp-json\/wp\/v2\/media?parent=544"}],"wp:term":[{"taxonomy":"category","embeddable":true,"href":"https:\/\/helena.jubany.cat\/associacio\/wp-json\/wp\/v2\/categories?post=544"},{"taxonomy":"post_tag","embeddable":true,"href":"https:\/\/helena.jubany.cat\/associacio\/wp-json\/wp\/v2\/tags?post=544"}],"curies":[{"name":"wp","href":"https:\/\/api.w.org\/{rel}","templated":true}]}}