{"id":5355,"date":"2026-04-06T14:39:47","date_gmt":"2026-04-06T14:39:47","guid":{"rendered":"https:\/\/helena.jubany.cat\/associacio\/?p=5355"},"modified":"2026-04-06T14:39:47","modified_gmt":"2026-04-06T14:39:47","slug":"presentacio-de-mosca-morta-amb-salvador-verges","status":"publish","type":"post","link":"https:\/\/helena.jubany.cat\/associacio\/presentacio-de-mosca-morta-amb-salvador-verges\/","title":{"rendered":"Presentaci\u00f3 de &#8220;mosca morta&#8221; amb Salvador Verg\u00e9s"},"content":{"rendered":"<p>Salvador Verg\u00e9s i Tejero presentar\u00e0 Matar\u00f3 la seva estrena liter\u00e0ria, el relat <em>mosca morta<\/em>, on ens hi conta \u201cuna hist\u00f2ria basada en fets reals sobre la pagesia, la solitud i \u2014sobretot\u2014 la salut mental\u201d. <em>Mosca morta<\/em> \u00e9s l&#8217;obra guanyadora del 18\u00e8 Premi Helena Jubany, concedit l&#8217;any 2025.<\/p>\n<ul>\n<li><strong>Dijous, 9 d&#8217;abril<\/strong> de 2026<br \/>\na les 7 del vespre<br \/>\na la Biblioteca Pompeu Fabra<br \/>\n(Pla\u00e7a d&#8217;Occit\u00e0nia, s\/n \u2013 Matar\u00f3)<\/li>\n<\/ul>\n<p>Durant l\u2019acte es repartiran gratu\u00eftament exemplars del llibret que es va distribu\u00efr amb el diari Ara el 28 de desembre de 2025.<\/p>\n","protected":false},"excerpt":{"rendered":"<p>Salvador Verg\u00e9s i Tejero presentar\u00e0 Matar\u00f3 la seva estrena liter\u00e0ria, el relat mosca morta, on ens hi conta \u201cuna hist\u00f2ria basada en fets reals sobre la pagesia, la solitud i \u2014sobretot\u2014 la salut mental\u201d. Mosca morta \u00e9s l&#8217;obra guanyadora del 18\u00e8 Premi Helena Jubany, concedit l&#8217;any 2025. Dijous, 9 d&#8217;abril de 2026 a les 7 [&hellip;]<\/p>\n","protected":false},"author":1,"featured_media":5356,"comment_status":"closed","ping_status":"open","sticky":false,"template":"","format":"standard","meta":{"_et_pb_use_builder":"","_et_pb_old_content":"","_et_gb_content_width":"","footnotes":""},"categories":[17,62],"tags":[],"class_list":["post-5355","post","type-post","status-publish","format-standard","has-post-thumbnail","hentry","category-premi-helena-jubany","category-premi-2025"],"_links":{"self":[{"href":"https:\/\/helena.jubany.cat\/associacio\/wp-json\/wp\/v2\/posts\/5355","targetHints":{"allow":["GET"]}}],"collection":[{"href":"https:\/\/helena.jubany.cat\/associacio\/wp-json\/wp\/v2\/posts"}],"about":[{"href":"https:\/\/helena.jubany.cat\/associacio\/wp-json\/wp\/v2\/types\/post"}],"author":[{"embeddable":true,"href":"https:\/\/helena.jubany.cat\/associacio\/wp-json\/wp\/v2\/users\/1"}],"replies":[{"embeddable":true,"href":"https:\/\/helena.jubany.cat\/associacio\/wp-json\/wp\/v2\/comments?post=5355"}],"version-history":[{"count":1,"href":"https:\/\/helena.jubany.cat\/associacio\/wp-json\/wp\/v2\/posts\/5355\/revisions"}],"predecessor-version":[{"id":5357,"href":"https:\/\/helena.jubany.cat\/associacio\/wp-json\/wp\/v2\/posts\/5355\/revisions\/5357"}],"wp:featuredmedia":[{"embeddable":true,"href":"https:\/\/helena.jubany.cat\/associacio\/wp-json\/wp\/v2\/media\/5356"}],"wp:attachment":[{"href":"https:\/\/helena.jubany.cat\/associacio\/wp-json\/wp\/v2\/media?parent=5355"}],"wp:term":[{"taxonomy":"category","embeddable":true,"href":"https:\/\/helena.jubany.cat\/associacio\/wp-json\/wp\/v2\/categories?post=5355"},{"taxonomy":"post_tag","embeddable":true,"href":"https:\/\/helena.jubany.cat\/associacio\/wp-json\/wp\/v2\/tags?post=5355"}],"curies":[{"name":"wp","href":"https:\/\/api.w.org\/{rel}","templated":true}]}}