{"id":535,"date":"2018-12-02T16:11:11","date_gmt":"2018-12-02T16:11:11","guid":{"rendered":"http:\/\/helena.jubany.cat\/associacio\/?p=535"},"modified":"2022-06-04T00:23:47","modified_gmt":"2022-06-04T00:23:47","slug":"veredicte-del-jurat-de-lxie-premi-helena-jubany","status":"publish","type":"post","link":"https:\/\/helena.jubany.cat\/associacio\/veredicte-del-jurat-de-lxie-premi-helena-jubany\/","title":{"rendered":"Veredicte del jurat de l&#8217;XI Premi Helena Jubany"},"content":{"rendered":"<p>Reunits a la Biblioteca Antoni Comas de Matar\u00f3 a les set del vespre del dia 20 de novembre de 2018, els membres del Jurat \u2013format per, Elvira Carri\u00f3, Esteve Guardiola, N\u00faria Ribas, Roser Ros, Lloren\u00e7 Soldevila, Carles Torres, Roser Trilla, Cristina Valls i Joan Jubany, que actua com a secretari amb veu per\u00f2 sense vot, inicien el procediment per triar l\u2019obra guanyadora de l\u2019XI Premi Helena Jubany de narraci\u00f3 curta o recull de contes per a ser explicats, al qual s\u2019han presentat 72 treballs.<\/p>\n<p>Per comen\u00e7ar, cada membre del Jurat manifesta quins s\u00f3n els originals que considera que poden optar a ser premiats.<\/p>\n<p>Els textos que els membres del Jurat mencionen com a aspirants al premi s\u00f3n els seg\u00fcents, relacionats per nombre de mencions i ordre de presentaci\u00f3 al concurs:<\/p>\n<ul>\n<li>Amb una menci\u00f3: <em>Com tu i com jo. Tretze relats breus<\/em>, <em>Vides en deconstrucci\u00f3<\/em>, <em>Rama trencada i altres contes, Vergonya i orgull, La soga al coll<\/em>.<\/li>\n<li>Amb dues mencions: <em>Records perfectes<\/em>, <em>Un m\u00f3n sense clima <\/em>i<em> La rialla dels d\u00e9us.<\/em><\/li>\n<li>Amb tres mencions: <em>Dimecres, La perruquera i la japonesa, <\/em>i <em>El n\u00famero 9 del carrer del desenc\u00eds<\/em>.<\/li>\n<li>Amb quatre mencions: <em>Cop de cap.<\/em><\/li>\n<li>Amb cinc mencions: <em>La sort, L\u2019\u00faltima paraula. <\/em><\/li>\n<li>Amb set mencions: <em>L\u2019ocell de Brinkley, Arkansas<\/em>.<\/li>\n<\/ul>\n<p><a href=\"http:\/\/helena.jubany.cat\/associacio\/wp-content\/uploads\/2018\/12\/IMG_0387.jpg\"><img loading=\"lazy\" decoding=\"async\" class=\"alignright size-medium wp-image-538\" src=\"http:\/\/helena.jubany.cat\/associacio\/wp-content\/uploads\/2018\/12\/IMG_0387-300x200.jpg\" alt=\"Abel Julien guanya l\u2019XI Premi Helena Jubany amb l\u2019obra \u201cL\u2019ocell de Brinkley, Arkansas\u201d\" width=\"300\" height=\"200\" srcset=\"https:\/\/helena.jubany.cat\/associacio\/wp-content\/uploads\/2018\/12\/IMG_0387-300x200.jpg 300w, https:\/\/helena.jubany.cat\/associacio\/wp-content\/uploads\/2018\/12\/IMG_0387-768x512.jpg 768w, https:\/\/helena.jubany.cat\/associacio\/wp-content\/uploads\/2018\/12\/IMG_0387-1024x683.jpg 1024w\" sizes=\"(max-width: 300px) 100vw, 300px\" \/><\/a>Tot seguit, els membres del Jurat, despr\u00e9s de raonar el perqu\u00e8 de llurs mencions, decideixen centrar-se en la valoraci\u00f3 de les obres que n\u2019han obtingut tres o m\u00e9s. Exposen i comenten cr\u00edticament les caracter\u00edstiques i valors de cadascuna d\u2019elles i en llegeixen fragments. Finalment, despr\u00e9s de successives eliminacions acorden per unanimitat atorgar \u00a0l\u2019XI Premi Helena Jubany a l\u2019obra titulada <em>L\u2019ocell de Brinkley. Arkansas<\/em> per les raons seg\u00fcents:<\/p>\n<ul>\n<li>Perqu\u00e8 \u00e9s un text original, molt ben redactat, narrativament coherent, divertit i amb un punt d\u2019ironia.<\/li>\n<li>Perqu\u00e8 la narraci\u00f3 de la hist\u00f2ria que s\u2019hi conta \u00e9s \u00e0gil i ben ambientada. Llisca com si el lector la sent\u00eds directament de la veu del narrador, fins al punt que s\u2019hi veu ficat a dintre, enganxat al seu discurs, que flueix amb intensitat creixent.<\/li>\n<\/ul>\n<p>Un cop oberta la plica que acompanya els originals, resulta que l\u2019autor de l\u2019obra premiada \u00e9s Abel Julien i Vila, ve\u00ed de Palau-solit\u00e0 i Plegamans.<\/p>\n<p>I a les nou del vespre es clou la reuni\u00f3.<\/p>\n","protected":false},"excerpt":{"rendered":"<p>Reunits a la Biblioteca Antoni Comas de Matar\u00f3 a les set del vespre del dia 20 de novembre de 2018, els membres del Jurat \u2013format per, Elvira Carri\u00f3, Esteve Guardiola, N\u00faria Ribas, Roser Ros, Lloren\u00e7 Soldevila, Carles Torres, Roser Trilla, Cristina Valls i Joan Jubany, que actua com a secretari amb veu per\u00f2 sense vot, [&hellip;]<\/p>\n","protected":false},"author":1,"featured_media":536,"comment_status":"open","ping_status":"open","sticky":false,"template":"","format":"standard","meta":{"_et_pb_use_builder":"","_et_pb_old_content":"","_et_gb_content_width":"","footnotes":""},"categories":[31],"tags":[],"class_list":["post-535","post","type-post","status-publish","format-standard","has-post-thumbnail","hentry","category-premi-2018"],"_links":{"self":[{"href":"https:\/\/helena.jubany.cat\/associacio\/wp-json\/wp\/v2\/posts\/535","targetHints":{"allow":["GET"]}}],"collection":[{"href":"https:\/\/helena.jubany.cat\/associacio\/wp-json\/wp\/v2\/posts"}],"about":[{"href":"https:\/\/helena.jubany.cat\/associacio\/wp-json\/wp\/v2\/types\/post"}],"author":[{"embeddable":true,"href":"https:\/\/helena.jubany.cat\/associacio\/wp-json\/wp\/v2\/users\/1"}],"replies":[{"embeddable":true,"href":"https:\/\/helena.jubany.cat\/associacio\/wp-json\/wp\/v2\/comments?post=535"}],"version-history":[{"count":3,"href":"https:\/\/helena.jubany.cat\/associacio\/wp-json\/wp\/v2\/posts\/535\/revisions"}],"predecessor-version":[{"id":3043,"href":"https:\/\/helena.jubany.cat\/associacio\/wp-json\/wp\/v2\/posts\/535\/revisions\/3043"}],"wp:featuredmedia":[{"embeddable":true,"href":"https:\/\/helena.jubany.cat\/associacio\/wp-json\/wp\/v2\/media\/536"}],"wp:attachment":[{"href":"https:\/\/helena.jubany.cat\/associacio\/wp-json\/wp\/v2\/media?parent=535"}],"wp:term":[{"taxonomy":"category","embeddable":true,"href":"https:\/\/helena.jubany.cat\/associacio\/wp-json\/wp\/v2\/categories?post=535"},{"taxonomy":"post_tag","embeddable":true,"href":"https:\/\/helena.jubany.cat\/associacio\/wp-json\/wp\/v2\/tags?post=535"}],"curies":[{"name":"wp","href":"https:\/\/api.w.org\/{rel}","templated":true}]}}