{"id":514,"date":"2018-12-02T17:54:35","date_gmt":"2018-12-02T17:54:35","guid":{"rendered":"http:\/\/helena.jubany.cat\/associacio\/?p=514"},"modified":"2023-12-06T19:08:24","modified_gmt":"2023-12-06T19:08:24","slug":"abel-julien-11-premi-helena-jubany","status":"publish","type":"post","link":"https:\/\/helena.jubany.cat\/associacio\/abel-julien-11-premi-helena-jubany\/","title":{"rendered":"Abel Julien guanya l&#8217;XI Premi Helena Jubany amb l&#8217;obra &#8220;L\u2019ocell de Brinkley, Arkansas&#8221;"},"content":{"rendered":"<p>El lliurament del Premi Helena Jubany s\u2019ha realitzat el migdia de diumenge 2 de desembre a la Biblioteca Antoni Comas, amb la sala d&#8217;actes plena. En aqueta onzena edici\u00f3 el premi l&#8217;ha guanyat l&#8217;ornit\u00f2leg Abel Julien amb l&#8217;obra <strong><em>L\u2019ocell de Brinkley, Arkansas<\/em><\/strong>. El premi est\u00e0 dotat de 3.000 euros i la publicaci\u00f3 de l\u2019obra es far\u00e0 amb el <a href=\"https:\/\/www.ara.cat\/\">diari Ara<\/a>. El promou l&#8217;Associaci\u00f3 Helena Jubany i la publicaci\u00f3 de l&#8217;obra compta amb el suport dela <a href=\"http:\/\/culturamataro.cat\/\">Direcci\u00f3 de Cultura<\/a> de l&#8217;<a href=\"http:\/\/www.mataro.cat\/web\/portal\/ca\/index.html\">Ajuntament de Matar\u00f3<\/a>.<\/p>\n<h4>L\u2019obra<\/h4>\n<p><a href=\"http:\/\/helena.jubany.cat\/associacio\/wp-content\/uploads\/2018\/12\/IMG_0455.jpg\"><img loading=\"lazy\" decoding=\"async\" class=\"alignright wp-image-520 size-medium\" src=\"http:\/\/helena.jubany.cat\/associacio\/wp-content\/uploads\/2018\/12\/IMG_0455-300x200.jpg\" alt=\"Abel Julien guanya l'XI Premi Helena Jubany amb l'obra &quot;L\u2019ocell de Brinkley, Arkansas&quot;\" width=\"300\" height=\"200\" srcset=\"https:\/\/helena.jubany.cat\/associacio\/wp-content\/uploads\/2018\/12\/IMG_0455-300x200.jpg 300w, https:\/\/helena.jubany.cat\/associacio\/wp-content\/uploads\/2018\/12\/IMG_0455-768x512.jpg 768w, https:\/\/helena.jubany.cat\/associacio\/wp-content\/uploads\/2018\/12\/IMG_0455-1024x683.jpg 1024w\" sizes=\"(max-width: 300px) 100vw, 300px\" \/><\/a>L\u2019obra premiada ha estat <em><strong>L\u2019ocell de Brinkley, Arkansas<\/strong><\/em>, d\u2019<strong>Abel Julien<\/strong> (Barcelona, 1963).<\/p>\n<p><em>L\u2019ocell de Brinkley, Arkansas<\/em> \u00e9s, d\u2019entre les 72 que s\u2019han presentat enguany, la narraci\u00f3 que el Jurat ha considerat mereixedora del premi \u201cperqu\u00e8 es tracta d\u2019un text original, molt ben redactat, narrativament coherent, divertit i amb un punt d\u2019ironia. I perqu\u00e8 la narraci\u00f3 de la hist\u00f2ria que s\u2019hi conta \u00e9s \u00e0gil i ben ambientada. Llisca com si el lector la sent\u00eds directament de la veu del narrador, fins al punt que s\u2019hi veu ficat a dintre, enganxat al seu discurs, que flueix amb intensitat creixent\u201d.<\/p>\n<p><a href=\"http:\/\/helena.jubany.cat\/associacio\/wp-content\/uploads\/2018\/12\/IMG_0349.jpg\"><img loading=\"lazy\" decoding=\"async\" class=\"alignright size-medium wp-image-522\" src=\"http:\/\/helena.jubany.cat\/associacio\/wp-content\/uploads\/2018\/12\/IMG_0349-300x200.jpg\" alt=\"\" width=\"300\" height=\"200\" srcset=\"https:\/\/helena.jubany.cat\/associacio\/wp-content\/uploads\/2018\/12\/IMG_0349-300x200.jpg 300w, https:\/\/helena.jubany.cat\/associacio\/wp-content\/uploads\/2018\/12\/IMG_0349-768x512.jpg 768w, https:\/\/helena.jubany.cat\/associacio\/wp-content\/uploads\/2018\/12\/IMG_0349-1024x683.jpg 1024w, https:\/\/helena.jubany.cat\/associacio\/wp-content\/uploads\/2018\/12\/IMG_0349.jpg 2016w\" sizes=\"(max-width: 300px) 100vw, 300px\" \/><\/a>\u201cAquesta obra ens situa en un llogarret de pocs habitants, tranquil i avorridot, on nom\u00e9s de tant en tant s\u2019hi perd algun aficionat a la ornitologia. Oi que si en f\u00f3ssiu l\u2019alcalde far\u00edeu mans i m\u00e0nigues per atraure-hi visitants i turistes que hi deixessin for\u00e7a calerons i aix\u00ed aconseguir que el poble sort\u00eds a totes les guies i que els ve\u00efns en traguessin un bon profit? Afegiu-hi que l\u2019acci\u00f3 passa a l\u2019Am\u00e8rica profunda i ignota i que a m\u00e9s teniu \u00e8xit! Llegiu-lo, us agradar\u00e0.\u201d Llu\u00efsa Esteve, cr\u00edtica liter\u00e0ria.<\/p>\n<h4>L\u2019autor<\/h4>\n<p><strong><em><a href=\"http:\/\/helena.jubany.cat\/associacio\/wp-content\/uploads\/2018\/12\/IMG_0331.jpg\"><img loading=\"lazy\" decoding=\"async\" class=\"alignright wp-image-518 size-medium\" src=\"http:\/\/helena.jubany.cat\/associacio\/wp-content\/uploads\/2018\/12\/IMG_0331-300x200.jpg\" alt=\"Abel Julien guanya l'XI Premi Helena Jubany amb l'obra &quot;L\u2019ocell de Brinkley, Arkansas&quot;\" width=\"300\" height=\"200\" srcset=\"https:\/\/helena.jubany.cat\/associacio\/wp-content\/uploads\/2018\/12\/IMG_0331-300x200.jpg 300w, https:\/\/helena.jubany.cat\/associacio\/wp-content\/uploads\/2018\/12\/IMG_0331-768x512.jpg 768w, https:\/\/helena.jubany.cat\/associacio\/wp-content\/uploads\/2018\/12\/IMG_0331-1024x683.jpg 1024w\" sizes=\"(max-width: 300px) 100vw, 300px\" \/><\/a><\/em>Abel Julien<\/strong> (Barcelona, 1963) \u00e9s ornit\u00f2leg i treballa com a cap de la Unitat de Divulgaci\u00f3 i Formaci\u00f3 de l\u2019<a href=\"http:\/\/www.ornitologia.org\/ca\/\">Institut Catal\u00e0 d\u2019Ornitologia<\/a>, entitat a la qual est\u00e0 vinculat des dels seus or\u00edgens, a principi dels anys 1980. La seva activitat principal consisteix a fer divulgaci\u00f3 de l\u2019afici\u00f3 a l\u2019observaci\u00f3 dels ocells entre el gran p\u00fablic i a desenvolupar programes de formaci\u00f3 per a aquells que volen iniciar-se o aprofundir en aquesta activitat l\u00fadica i cient\u00edfica al mateix temps.<\/p>\n<p><a href=\"http:\/\/helena.jubany.cat\/associacio\/wp-content\/uploads\/2018\/12\/IMG_0441.jpg\"><img loading=\"lazy\" decoding=\"async\" class=\"alignright wp-image-524 size-medium\" src=\"http:\/\/helena.jubany.cat\/associacio\/wp-content\/uploads\/2018\/12\/IMG_0441-300x200.jpg\" alt=\"Abel Julien guanya l'XI Premi Helena Jubany amb l'obra &quot;L\u2019ocell de Brinkley, Arkansas&quot;\" width=\"300\" height=\"200\" srcset=\"https:\/\/helena.jubany.cat\/associacio\/wp-content\/uploads\/2018\/12\/IMG_0441-300x200.jpg 300w, https:\/\/helena.jubany.cat\/associacio\/wp-content\/uploads\/2018\/12\/IMG_0441-768x512.jpg 768w, https:\/\/helena.jubany.cat\/associacio\/wp-content\/uploads\/2018\/12\/IMG_0441-1024x683.jpg 1024w\" sizes=\"(max-width: 300px) 100vw, 300px\" \/><\/a><a href=\"http:\/\/abeljulien.blogspot.com\/\">El seu blog<\/a> ofereix resums divulgatius d\u2019articles cient\u00edfics, t\u00e8cniques d\u2019observaci\u00f3 d\u2019ocells, itineraris ornitol\u00f2gics i cr\u00edtiques de llibres entre moltes altres coses relacionades amb l\u2019ornitologia, fent-ho de forma did\u00e0ctica i planera per tal que tothom hi pugui trobar informaci\u00f3 que li permeti gaudir d\u2019aquesta activitat.<\/p>\n<p>Birder entossudit, dedica la major part del seu temps lliure a&#8230; observar ocells!<\/p>\n<h4>El Premi Helena Jubany<\/h4>\n<p><a href=\"http:\/\/helena.jubany.cat\/associacio\/wp-content\/uploads\/2018\/12\/IMG_0298.jpg\"><img loading=\"lazy\" decoding=\"async\" class=\"alignright wp-image-526 size-medium\" src=\"http:\/\/helena.jubany.cat\/associacio\/wp-content\/uploads\/2018\/12\/IMG_0298-300x200.jpg\" alt=\"Abel Julien guanya l'XI Premi Helena Jubany amb l'obra &quot;L\u2019ocell de Brinkley, Arkansas&quot;\" width=\"300\" height=\"200\" srcset=\"https:\/\/helena.jubany.cat\/associacio\/wp-content\/uploads\/2018\/12\/IMG_0298-300x200.jpg 300w, https:\/\/helena.jubany.cat\/associacio\/wp-content\/uploads\/2018\/12\/IMG_0298-768x512.jpg 768w, https:\/\/helena.jubany.cat\/associacio\/wp-content\/uploads\/2018\/12\/IMG_0298-1024x683.jpg 1024w\" sizes=\"(max-width: 300px) 100vw, 300px\" \/><\/a>L\u2019Associaci\u00f3 Cultural Helena Jubany i Lorente, l\u2019Ajuntament de Matar\u00f3 i el diari Ara convoquen el premi amb la finalitat de mantenir viu el record d\u2019Helena Jubany, enamorada del m\u00f3n dels llibres des de tots els angles, i d\u2019encomanar el seu gust per la lectura i la ficci\u00f3 liter\u00e0ria tant en el vessant escrit com en el de la transmissi\u00f3 oral.<\/p>\n<p><a href=\"http:\/\/helena.jubany.cat\/associacio\/wp-content\/uploads\/2018\/12\/IMG_0446.jpg\"><img loading=\"lazy\" decoding=\"async\" class=\"alignright wp-image-528 size-medium\" src=\"http:\/\/helena.jubany.cat\/associacio\/wp-content\/uploads\/2018\/12\/IMG_0446-300x200.jpg\" alt=\"Abel Julien guanya l'XI Premi Helena Jubany amb l'obra &quot;L\u2019ocell de Brinkley, Arkansas&quot;\" width=\"300\" height=\"200\" srcset=\"https:\/\/helena.jubany.cat\/associacio\/wp-content\/uploads\/2018\/12\/IMG_0446-300x200.jpg 300w, https:\/\/helena.jubany.cat\/associacio\/wp-content\/uploads\/2018\/12\/IMG_0446-768x512.jpg 768w, https:\/\/helena.jubany.cat\/associacio\/wp-content\/uploads\/2018\/12\/IMG_0446-1024x683.jpg 1024w\" sizes=\"(max-width: 300px) 100vw, 300px\" \/><\/a>El premi ha comptat per tercer any amb la implicaci\u00f3 de la <a href=\"http:\/\/culturamataro.cat\/\">Direcci\u00f3 de Cultura<\/a> de l\u2019<a href=\"http:\/\/www.mataro.cat\/web\/portal\/ca\/index.html\">Ajuntament de Matar\u00f3<\/a> que, a trav\u00e9s d\u2019un conveni amb l\u2019Associaci\u00f3, aporta 2.500 euros al projecte de publicaci\u00f3 de l\u2019obra guanyadora. Tamb\u00e9 hi col\u00b7labora el <a href=\"https:\/\/www.ara.cat\/\">diari Ara<\/a>, que en distribueix la publicaci\u00f3, aix\u00ed com els socis de l\u2019Associaci\u00f3 Cultural Helena Jubany i Lorente i mecenes particulars.<\/p>\n<h4>El jurat<\/h4>\n<p><a href=\"http:\/\/helena.jubany.cat\/associacio\/wp-content\/uploads\/2018\/12\/IMG_0399.jpg\"><img loading=\"lazy\" decoding=\"async\" class=\"alignright wp-image-529 size-medium\" src=\"http:\/\/helena.jubany.cat\/associacio\/wp-content\/uploads\/2018\/12\/IMG_0399-300x200.jpg\" alt=\"Abel Julien guanya l'XI Premi Helena Jubany amb l'obra &quot;L\u2019ocell de Brinkley, Arkansas&quot;\" width=\"300\" height=\"200\" srcset=\"https:\/\/helena.jubany.cat\/associacio\/wp-content\/uploads\/2018\/12\/IMG_0399-300x200.jpg 300w, https:\/\/helena.jubany.cat\/associacio\/wp-content\/uploads\/2018\/12\/IMG_0399-768x512.jpg 768w, https:\/\/helena.jubany.cat\/associacio\/wp-content\/uploads\/2018\/12\/IMG_0399-1024x683.jpg 1024w\" sizes=\"(max-width: 300px) 100vw, 300px\" \/><\/a>El jurat del Premi Helena Jubany ha estat format per Elvira Carri\u00f3, directora de l\u2019IB Laia l\u2019Arquera, Esteve Guardiola, llibreter de Buc de Llibres i narrador oral, N\u00faria Ribas, directora de la biblioteca de Sentmenat, Roser Ros, presidenta de Tant\u00e0gora, Lloren\u00e7 Soldevila, professor de la Universitat de Vic, Carles Torres, guanyador del X Premi Helena Jubany, Roser Trilla, professora de llengua i literatura de l\u2019IB Alexandre Satorras, Cristina Valls, en representaci\u00f3 de les biblioteques de Matar\u00f3 i Joan Jubany i Itxart, con a secretari.<\/p>\n<h4>La figura d&#8217;Helena Jubany<\/h4>\n<p><a href=\"http:\/\/helena.jubany.cat\/associacio\/wp-content\/uploads\/2018\/12\/IMG_E0284.jpg\"><img loading=\"lazy\" decoding=\"async\" class=\"alignright wp-image-533 size-medium\" src=\"http:\/\/helena.jubany.cat\/associacio\/wp-content\/uploads\/2018\/12\/IMG_E0284-300x200.jpg\" alt=\"Abel Julien guanya l'XI Premi Helena Jubany amb l'obra &quot;L\u2019ocell de Brinkley, Arkansas&quot;\" width=\"300\" height=\"200\" srcset=\"https:\/\/helena.jubany.cat\/associacio\/wp-content\/uploads\/2018\/12\/IMG_E0284-300x200.jpg 300w, https:\/\/helena.jubany.cat\/associacio\/wp-content\/uploads\/2018\/12\/IMG_E0284-768x512.jpg 768w, https:\/\/helena.jubany.cat\/associacio\/wp-content\/uploads\/2018\/12\/IMG_E0284-1024x683.jpg 1024w\" sizes=\"(max-width: 300px) 100vw, 300px\" \/><\/a><a href=\"http:\/\/helena.jubany.cat\/biografia\/\">Helena Jubany i Lorente<\/a> va n\u00e9ixer el 27 de febrer de 1974. Va viure a Matar\u00f3 fins als 26 anys. El 1996, es va llicenciar en Periodisme a la UAB. Al llarg de la seva formaci\u00f3 professional, va col\u00b7laborar amb Televisi\u00f3 de Matar\u00f3, amb r\u00e0dio Premi\u00e0 i amb el diari El Punt del Maresme. Va treballar com a llibretera a la Cooperativa Robafaves, on va col\u00b7laborar en l\u2019elaboraci\u00f3 de la revista \u2018Not\u00edcia de llibres\u2019 i es va interessar especialment per la literatura infantil i juvenil. El 1999 va deixar de treballar a la llibreria, va preparar les oposicions a bibliotec\u00e0ria i va encetar el cam\u00ed de la creaci\u00f3 liter\u00e0ria, recopilant un bon nombre de contes propis. L\u2019any 2000 va comen\u00e7ar a treballar d\u2019auxiliar de bibliotec\u00e0ria per a la sala infantil de la biblioteca Frederic Alfonso i Orfila de Sentmenat. Per la seva feina, es va traslladar a Sabadell on va continuar desenvolupant activitats culturals i associatives. Malauradament l\u2019any 2001 va ser assassinada. Amb aquest premi es vol mantenir viu el seu record i compartir el seu amor pels llibres i la literatura. M\u00e9s informaci\u00f3 al web <a href=\"http:\/\/helena.jubany.cat\/biografia\/\">helena.jubany.cat\/biografia\/<\/a><\/p>\n<p>Pots veure una galeria de fotos de l&#8217;acte a <a href=\"https:\/\/www.facebook.com\/pg\/Associaci%C3%B3-Helena-Jubany-i-Lorente-288654964486776\/photos\/?tab=album&amp;album_id=2229424873743099&amp;__xts__%5B0%5D=68.ARCrCqj4XTVS38MDSwjwdqdd0mjrAIHqYWx-P0ihlLeiyuEO5EEsZ7E9QWjPwrOkUVgm2zj0E2Pu7-xz1d9PH14c2KDTb0sttkcdcLi3Ir1vCKRQRdc78ZqnZkx1JRXD82X0FG0ueypbHUjeqRSyaIpmiEgVaVP3f2kSyP1AknfOpVBTX1gYZhOK7fEwrpFopekhDIn1du97RCPcYagUZL7bF3KfaD8nAX3w2kXiG9uQ4x9czKM8hip0zxUoP-ang2p0SqbtkHWlnr5Hxumq3x3OSMfB-JoiyH_UkvKN5BoM6KytOnIVY4yLnki_OqSYjCnIXjsRHmlCS1Q2udChZgNp7hjEQW8eSIiwCpWX4soe37zLM-6kzVOuCqOSBzfG7aiFWE5ciltIeGrSZ9FlRm0I_dV8TaaeWYY1PFUbBzeu59fqXRd42FSP-Qz2zLM52Ed-Fj-bq9SNAlobi53k&amp;__tn__=-UC-R\">Facebook (clica aqu\u00ed)<\/a>.<\/p>\n","protected":false},"excerpt":{"rendered":"<p>El lliurament del Premi Helena Jubany s\u2019ha realitzat el migdia de diumenge 2 de desembre a la Biblioteca Antoni Comas, amb la sala d&#8217;actes plena. En aqueta onzena edici\u00f3 el premi l&#8217;ha guanyat l&#8217;ornit\u00f2leg Abel Julien amb l&#8217;obra L\u2019ocell de Brinkley, Arkansas. El premi est\u00e0 dotat de 3.000 euros i la publicaci\u00f3 de l\u2019obra es [&hellip;]<\/p>\n","protected":false},"author":1,"featured_media":515,"comment_status":"open","ping_status":"open","sticky":false,"template":"","format":"standard","meta":{"_et_pb_use_builder":"","_et_pb_old_content":"","_et_gb_content_width":"","footnotes":""},"categories":[31],"tags":[26],"class_list":["post-514","post","type-post","status-publish","format-standard","has-post-thumbnail","hentry","category-premi-2018","tag-obres-guanyadores"],"_links":{"self":[{"href":"https:\/\/helena.jubany.cat\/associacio\/wp-json\/wp\/v2\/posts\/514","targetHints":{"allow":["GET"]}}],"collection":[{"href":"https:\/\/helena.jubany.cat\/associacio\/wp-json\/wp\/v2\/posts"}],"about":[{"href":"https:\/\/helena.jubany.cat\/associacio\/wp-json\/wp\/v2\/types\/post"}],"author":[{"embeddable":true,"href":"https:\/\/helena.jubany.cat\/associacio\/wp-json\/wp\/v2\/users\/1"}],"replies":[{"embeddable":true,"href":"https:\/\/helena.jubany.cat\/associacio\/wp-json\/wp\/v2\/comments?post=514"}],"version-history":[{"count":14,"href":"https:\/\/helena.jubany.cat\/associacio\/wp-json\/wp\/v2\/posts\/514\/revisions"}],"predecessor-version":[{"id":3042,"href":"https:\/\/helena.jubany.cat\/associacio\/wp-json\/wp\/v2\/posts\/514\/revisions\/3042"}],"wp:featuredmedia":[{"embeddable":true,"href":"https:\/\/helena.jubany.cat\/associacio\/wp-json\/wp\/v2\/media\/515"}],"wp:attachment":[{"href":"https:\/\/helena.jubany.cat\/associacio\/wp-json\/wp\/v2\/media?parent=514"}],"wp:term":[{"taxonomy":"category","embeddable":true,"href":"https:\/\/helena.jubany.cat\/associacio\/wp-json\/wp\/v2\/categories?post=514"},{"taxonomy":"post_tag","embeddable":true,"href":"https:\/\/helena.jubany.cat\/associacio\/wp-json\/wp\/v2\/tags?post=514"}],"curies":[{"name":"wp","href":"https:\/\/api.w.org\/{rel}","templated":true}]}}