{"id":427,"date":"2018-02-27T10:00:00","date_gmt":"2018-02-27T10:00:00","guid":{"rendered":"http:\/\/helena.jubany.cat\/associacio\/?p=427"},"modified":"2023-12-06T19:07:58","modified_gmt":"2023-12-06T19:07:58","slug":"bases-2018","status":"publish","type":"post","link":"https:\/\/helena.jubany.cat\/associacio\/bases-2018\/","title":{"rendered":"Bases de l\u2019XI Premi literari Helena Jubany (2018)"},"content":{"rendered":"<p>L\u2019Associaci\u00f3 Cultural Helena Jubany i Lorente, la <a href=\"http:\/\/culturamataro.cat\/\">Direcci\u00f3 de Cultura de l\u2019Ajuntament de Matar\u00f3<\/a> i el <a href=\"https:\/\/www.ara.cat\/\">diari Ara<\/a>, amb la finalitat de mantenir viu el record de l\u2019Helena Jubany, enamorada del m\u00f3n dels llibres des de tots els angles (lectora obstinada, periodista de cr\u00f2niques culturals, llibretera, bibliotec\u00e0ria, autora de ressenyes, correctora, escriptora novella i narradora de contes), i d\u2019encomanar el seu gust per la lectura i la ficci\u00f3 liter\u00e0ria tant en el vessant escrit com en el de la transmissi\u00f3 oral, convoquen l\u2019X<strong>I Premi Helena Jubany de narraci\u00f3 curta o recull de contes per a ser explicats<\/strong> d\u2019acord amb les bases seg\u00fcents (<a href=\"http:\/\/helena.jubany.cat\/associacio\/download\/424\/\">bases en format PDF<\/a>):<\/p>\n<p><!--more--><\/p>\n\n<a  data-e-Disable-Page-Transition=\"true\" class=\"download-link download-button aligncenter\" title=\"\" href=\"https:\/\/helena.jubany.cat\/associacio\/download\/424\/?tmstv=1777202056\" rel=\"nofollow\" id=\"download-link-424\" data-redirect=\"false\" >\n\tDownload &ldquo;Bases de l'XI Premi Helena Jubany (2018)&rdquo;\t<small>bases_XI_premi_helena_jubany-2017-hq.pdf\t\t&ndash; Downloaded 1619 times\t\t&ndash; 821,80 KiB<\/small>\n<\/a>\n\n<p>1. PARTICIPANTS<br \/>\nPodran optar al premi tots els treballs consistents en narracions curtes o reculls de contes in\u00e8dits, originals, escrits en llengua catalana i que no hagin estat premiats en altres concursos.<br \/>\nL\u2019autoria pot ser individual o col\u00b7lectiva i cada autor podr\u00e0 presentar nom\u00e9s una obra. No podran participar en aquest concurs les persones que ja hagin obtingut el Premi Helena Jubany en edicions anteriors. El fet de participar-hi implica la total acceptaci\u00f3 d\u2019aquestes bases.<\/p>\n<p>2. LES OBRES<br \/>\nLes obres presentades han d\u2019anar adre\u00e7ades a un p\u00fablic que tingui de 12 a 99 anys i tenir una extensi\u00f3 d\u2019entre 10 i 20 fulls DIN-A4 que continguin com a m\u00ednim 21000 car\u00e0cters, espais inclosos.<\/p>\n<p>3. EL PREMI<br \/>\nEl premi consistir\u00e0 en 3.000 euros i la publicaci\u00f3 de l\u2019obra amb el diari ARA.<\/p>\n<p>4. PRESENTACI\u00d3 D\u2019ORIGINALS<br \/>\nEls originals es presentaran en cinc c\u00f2pies, mecanografiats en fulls DIN A4 escrits per una sola cara, a doble espai, amb lletra tipus Times New Roman de cos 12 i degudament relligats. Fora bo que se\u2019n present\u00e9s tamb\u00e9 una versi\u00f3 oral enregistrada en un DVD o en MP3 (la veu pot ser la de l\u2019autor o la d\u2019una altra persona).<br \/>\nLes obres hauran de tenir t\u00edtol i aniran signades amb pseud\u00f2nim. S\u2019hauran de presentar acompanyades d\u2019una plica amb el t\u00edtol; a dins hi haur\u00e0: a) el nom i cognoms de l\u2019autor; b) el NIF o el n\u00famero del passaport, o el de qualsevol altre document identificatiu; c) l\u2019adre\u00e7a postal i l\u2019electr\u00f2nica; i d) el tel\u00e8fon.<br \/>\nEls treballs hauran de ser tramesos a qualsevol de les dues biblioteques p\u00fabliques de Matar\u00f3: Biblioteca Antoni Comas (carrer d\u2019Enric Prat de la Riba, 110, 08301 Matar\u00f3) o b\u00e9 Biblioteca Pompeu Fabra (pla\u00e7a d\u2019Occit\u00e0nia, s\/n, 08302 Matar\u00f3), amb la refer\u00e8ncia \u201cXI Premi Helena Jubany\u201d. Tamb\u00e9 se n\u2019ha d\u2019enviar una c\u00f2pia en format digital (versi\u00f3 Open Office o Microsoft Word) a l\u2019adre\u00e7a electr\u00f2nica seg\u00fcent: helena@jubany.cat.<br \/>\nEl termini d\u2019admissi\u00f3 dels treballs es clour\u00e0 el dia 1 d\u2019octubre de 2018. Seran admesos tots els originals presentats a qualsevol oficina de correus fins a aquesta data.<\/p>\n<p>5. EL JURAT<br \/>\nEl jurat estar\u00e0 format per Carles Torres, guanyador del X Premi Helena Jubany, Cristina Valls, en representaci\u00f3 de les biblioteques de Matar\u00f3, Elvira Carri\u00f3, directora de l\u2019IB Pla d\u2019en Boet, Esteve Guardiola, llibreter i narrador oral, Lloren\u00e7 Soldevila, professor de la Universitat de Vic, N\u00faria Ribas, directora de la biblioteca de Sentmenat, Roser Ros, presidenta de Tant\u00e0gora, Roser Trilla, professora de llengua i literatura de l\u2019IB A. Satorras, i Joan Jubany, que actuar\u00e0 de secretari amb veu per\u00f2 sense vot.<br \/>\nA l\u2019hora d\u2019emetre el veredicte, el jurat tindr\u00e0 en compte la qualitat liter\u00e0ria de les obres presentades i el fet que tinguin caracter\u00edstiques tals que les facin adequades per ser transmeses oralment sense que calguin adaptacions posteriors.<br \/>\nEl premi i la dotaci\u00f3 \u00e9s indivisible i el veredicte \u00e9s inapel\u00b7lable. El jurat podr\u00e0 declarar desert el premi si considera que cap de les obres presentades no n\u2019\u00e9s mereixedora. Tamb\u00e9 t\u00e9 la facultat d\u2019interpretar aquestes bases i de suplir-ne les llacunes com cregui convenient.<\/p>\n<p>6. LLIURAMENT DEL PREMI<br \/>\nEl lliurament del premi es far\u00e0 el dia 2 de desembre de 2018 al lloc i hora que es faran p\u00fablics oportunament.<br \/>\nEl guanyador es compromet a assistir a l\u2019acte de lliurament del premi. Davant la impossibilitat d\u2019assistir-hi personalment, podr\u00e0 delegar, per escrit, la seva representaci\u00f3 en una altra persona.<\/p>\n<p>7. PUBLICACI\u00d3 DE L\u2019OBRA<br \/>\nL\u2019atorgament del premi implica: a) que l\u2019obra ser\u00e0 publicada amb el diari ARA el dia i en la forma que l\u2019ARA estimi oport\u00fa i distribu\u00efda gratu\u00eftament; b) que la dotaci\u00f3 del premi \u00e9s a compte dels drets d\u2019autor; c) que en cas de dur-se a terme una publicaci\u00f3 a part de la que far\u00e0 el diari ARA, l\u2019autor guardonat s\u2019obliga a subscriure el contracte o contractes d\u2019edici\u00f3, de cessi\u00f3 de drets d\u2019explotaci\u00f3 sobre l\u2019obra premiada i tots els documents que calgui per formalitzar oportunament les cessions.<\/p>\n<p>8. RETORN D\u2019ORIGINALS<br \/>\nEls originals no premiats es podran recollir, havent avisat amb anterioritat, a la seu de la Direcci\u00f3 de Cultura de l\u2019Ajuntament de Matar\u00f3 (carrer de Sant Josep, 9, 08302 Matar\u00f3) en un termini m\u00e0xim de dos mesos a comptar des de la data de lliurament del premi. Un cop transcorregut aquest termini, l\u2019organitzaci\u00f3 entendr\u00e0 que els autors hi renuncien i els destruir\u00e0. Els autors que vulguin rebre els exemplars per correu hauran d\u2019assumir les despeses d\u2019enviament.<\/p>\n<p style=\"text-align: right;\">Matar\u00f3, 27 febrer de 2018<\/p>\n\n<a  data-e-Disable-Page-Transition=\"true\" class=\"download-link download-button aligncenter\" title=\"\" href=\"https:\/\/helena.jubany.cat\/associacio\/download\/424\/?tmstv=1777202056\" rel=\"nofollow\" id=\"download-link-424\" data-redirect=\"false\" >\n\tDownload &ldquo;Bases de l'XI Premi Helena Jubany (2018)&rdquo;\t<small>bases_XI_premi_helena_jubany-2017-hq.pdf\t\t&ndash; Downloaded 1619 times\t\t&ndash; 821,80 KiB<\/small>\n<\/a>\n\n","protected":false},"excerpt":{"rendered":"<p>L\u2019Associaci\u00f3 Cultural Helena Jubany i Lorente, la Direcci\u00f3 de Cultura de l\u2019Ajuntament de Matar\u00f3 i el diari Ara, amb la finalitat de mantenir viu el record de l\u2019Helena Jubany, enamorada del m\u00f3n dels llibres des de tots els angles (lectora obstinada, periodista de cr\u00f2niques culturals, llibretera, bibliotec\u00e0ria, autora de ressenyes, correctora, escriptora novella i narradora [&hellip;]<\/p>\n","protected":false},"author":1,"featured_media":428,"comment_status":"open","ping_status":"open","sticky":false,"template":"","format":"standard","meta":{"_et_pb_use_builder":"","_et_pb_old_content":"","_et_gb_content_width":"","footnotes":""},"categories":[31],"tags":[25],"class_list":["post-427","post","type-post","status-publish","format-standard","has-post-thumbnail","hentry","category-premi-2018","tag-bases-del-premi"],"_links":{"self":[{"href":"https:\/\/helena.jubany.cat\/associacio\/wp-json\/wp\/v2\/posts\/427","targetHints":{"allow":["GET"]}}],"collection":[{"href":"https:\/\/helena.jubany.cat\/associacio\/wp-json\/wp\/v2\/posts"}],"about":[{"href":"https:\/\/helena.jubany.cat\/associacio\/wp-json\/wp\/v2\/types\/post"}],"author":[{"embeddable":true,"href":"https:\/\/helena.jubany.cat\/associacio\/wp-json\/wp\/v2\/users\/1"}],"replies":[{"embeddable":true,"href":"https:\/\/helena.jubany.cat\/associacio\/wp-json\/wp\/v2\/comments?post=427"}],"version-history":[{"count":8,"href":"https:\/\/helena.jubany.cat\/associacio\/wp-json\/wp\/v2\/posts\/427\/revisions"}],"predecessor-version":[{"id":4497,"href":"https:\/\/helena.jubany.cat\/associacio\/wp-json\/wp\/v2\/posts\/427\/revisions\/4497"}],"wp:featuredmedia":[{"embeddable":true,"href":"https:\/\/helena.jubany.cat\/associacio\/wp-json\/wp\/v2\/media\/428"}],"wp:attachment":[{"href":"https:\/\/helena.jubany.cat\/associacio\/wp-json\/wp\/v2\/media?parent=427"}],"wp:term":[{"taxonomy":"category","embeddable":true,"href":"https:\/\/helena.jubany.cat\/associacio\/wp-json\/wp\/v2\/categories?post=427"},{"taxonomy":"post_tag","embeddable":true,"href":"https:\/\/helena.jubany.cat\/associacio\/wp-json\/wp\/v2\/tags?post=427"}],"curies":[{"name":"wp","href":"https:\/\/api.w.org\/{rel}","templated":true}]}}