{"id":394,"date":"2017-12-28T22:59:10","date_gmt":"2017-12-28T22:59:10","guid":{"rendered":"http:\/\/helena.jubany.cat\/associacio\/?p=394"},"modified":"2023-02-18T02:52:57","modified_gmt":"2023-02-18T02:52:57","slug":"el-desconcert-den-boyle-de-carles-torres","status":"publish","type":"post","link":"https:\/\/helena.jubany.cat\/associacio\/el-desconcert-den-boyle-de-carles-torres\/","title":{"rendered":"&#8220;El desconcert d&#8217;en Boyle&#8221;, de Carles Torres"},"content":{"rendered":"<p>\u201cEl desconcert d&#8217;en Boyle\u201d, de Carles Torres, s\u2019ha publicat en format llibret i es va distribuir amb el diari Ara el 22 de desembre de 2017. Ara el pots llegir i <a href=\"http:\/\/helena.jubany.cat\/associacio\/download\/402\/\">descarregar en format PDF<\/a> des del web de l\u2019Associaci\u00f3 Helena Jubany.<!--more--><\/p>\n\n<a  data-e-Disable-Page-Transition=\"true\" class=\"download-link download-button aligncenter\" title=\"\" href=\"https:\/\/helena.jubany.cat\/associacio\/download\/402\/?tmstv=1777203223\" rel=\"nofollow\" id=\"download-link-402\" data-redirect=\"false\" >\n\tDownload &ldquo;\u201cEl desconcert d\u2019en Boyle\u201d&rdquo;\t<small>deconcert-premi_2017-br.pdf\t\t&ndash; Downloaded 2412 times\t\t&ndash; 370,87 KiB<\/small>\n<\/a>\n\n<p><strong><em>El desconcert d\u2019en Boyle<\/em><\/strong> (ressenya)<\/p>\n<p>Sou al bar, fullejant el diari, se us asseu a la taula una desconeguda amb una criatura i us parla com si fossiu vells amics. Com ho encaixeu?<\/p>\n<p>El protagonista d&#8217;aquests contes subtils i breus, de factura impecable i llengua vellutada de ressons balears, \u00e9s capa\u00e7 de resoldre amb molta tra\u00e7a les situacions quotidianes in\u00e8dites amb qu\u00e8 l&#8217;atzar sembla embolcallar-lo. Tota una lli\u00e7\u00f3 de seny, toler\u00e0ncia i bones maneres, les coses que tant convenen en aquests temps convulsos i desconcertants que ens toca viure. Llegiu-los, si us plau!<\/p>\n<p>Llu\u00efsa Esteve<\/p>\n\n<a  data-e-Disable-Page-Transition=\"true\" class=\"download-link download-button aligncenter\" title=\"\" href=\"https:\/\/helena.jubany.cat\/associacio\/download\/402\/?tmstv=1777203223\" rel=\"nofollow\" id=\"download-link-402\" data-redirect=\"false\" >\n\tDownload &ldquo;\u201cEl desconcert d\u2019en Boyle\u201d&rdquo;\t<small>deconcert-premi_2017-br.pdf\t\t&ndash; Downloaded 2412 times\t\t&ndash; 370,87 KiB<\/small>\n<\/a>\n\n","protected":false},"excerpt":{"rendered":"<p>\u201cEl desconcert d&#8217;en Boyle\u201d, de Carles Torres, s\u2019ha publicat en format llibret i es va distribuir amb el diari Ara el 22 de desembre de 2017. Ara el pots llegir i descarregar en format PDF des del web de l\u2019Associaci\u00f3 Helena Jubany.<\/p>\n","protected":false},"author":1,"featured_media":395,"comment_status":"open","ping_status":"open","sticky":false,"template":"","format":"standard","meta":{"_et_pb_use_builder":"","_et_pb_old_content":"","_et_gb_content_width":"","footnotes":""},"categories":[28],"tags":[],"class_list":["post-394","post","type-post","status-publish","format-standard","has-post-thumbnail","hentry","category-premi-2017"],"_links":{"self":[{"href":"https:\/\/helena.jubany.cat\/associacio\/wp-json\/wp\/v2\/posts\/394","targetHints":{"allow":["GET"]}}],"collection":[{"href":"https:\/\/helena.jubany.cat\/associacio\/wp-json\/wp\/v2\/posts"}],"about":[{"href":"https:\/\/helena.jubany.cat\/associacio\/wp-json\/wp\/v2\/types\/post"}],"author":[{"embeddable":true,"href":"https:\/\/helena.jubany.cat\/associacio\/wp-json\/wp\/v2\/users\/1"}],"replies":[{"embeddable":true,"href":"https:\/\/helena.jubany.cat\/associacio\/wp-json\/wp\/v2\/comments?post=394"}],"version-history":[{"count":10,"href":"https:\/\/helena.jubany.cat\/associacio\/wp-json\/wp\/v2\/posts\/394\/revisions"}],"predecessor-version":[{"id":3045,"href":"https:\/\/helena.jubany.cat\/associacio\/wp-json\/wp\/v2\/posts\/394\/revisions\/3045"}],"wp:featuredmedia":[{"embeddable":true,"href":"https:\/\/helena.jubany.cat\/associacio\/wp-json\/wp\/v2\/media\/395"}],"wp:attachment":[{"href":"https:\/\/helena.jubany.cat\/associacio\/wp-json\/wp\/v2\/media?parent=394"}],"wp:term":[{"taxonomy":"category","embeddable":true,"href":"https:\/\/helena.jubany.cat\/associacio\/wp-json\/wp\/v2\/categories?post=394"},{"taxonomy":"post_tag","embeddable":true,"href":"https:\/\/helena.jubany.cat\/associacio\/wp-json\/wp\/v2\/tags?post=394"}],"curies":[{"name":"wp","href":"https:\/\/api.w.org\/{rel}","templated":true}]}}