{"id":387,"date":"2017-12-17T23:01:24","date_gmt":"2017-12-17T23:01:24","guid":{"rendered":"http:\/\/helena.jubany.cat\/associacio\/?p=387"},"modified":"2023-12-06T19:07:46","modified_gmt":"2023-12-06T19:07:46","slug":"carles-torres-10-premi-helena-jubany","status":"publish","type":"post","link":"https:\/\/helena.jubany.cat\/associacio\/carles-torres-10-premi-helena-jubany\/","title":{"rendered":"Carles Torres guanya el X Premi Helena Jubany amb l&#8217;obra &#8220;El desconcert d&#8217;en Boyle&#8221;"},"content":{"rendered":"<p>El lliurament del <strong>Premi Helena Jubany<\/strong>, que enguany arriba a la desena edici\u00f3, s\u2019ha realitzat dissabte 2 de desembre a la Biblioteca Pompeu Fabra de Matar\u00f3, amb la participaci\u00f3 d&#8217;en <strong>Joan Jubany i Itxart<\/strong>, president de l\u2019Associaci\u00f3 Cultural Helena Jubany i Lorente, que promou el premi., i de la Regidora de Cultura, <strong>N\u00faria Moreno<\/strong>. L&#8217;acte l&#8217;ha presentat en <strong>Pep Andreu<\/strong>, director de Matar\u00f3 Televisi\u00f3 i company de l&#8217;Helena quan va fer pr\u00e0ctiques de periodisme a Televisi\u00f3 de Matar\u00f3.<\/p>\n<p>L\u2019obra premiada ha estat <em><strong>\u2018El desconcert d\u2019en Boyle\u2019<\/strong><\/em>, de <strong>Carles Torres<\/strong> (Eivissa, 1974). A la convocat\u00f2ria s\u2019hi ha presentat un total de 57 treballs. El text guanyador planteja una situaci\u00f3 al lector: sou en un bar, fullejant el diari, se us asseu a la taula una desconeguda amb una criatura i us parla com si fossiu vells amics. Com ho encaixeu?. El guanyador \u00e9s llicenciat en Filologia Rom\u00e0nica per la Universitat de Barcelona i en els darrers anys la seva obra ha estat reconeguda en diferents cert\u00e0mens de narraci\u00f3 curta i poesia.<\/p>\n<p><!--more--><a href=\"http:\/\/helena.jubany.cat\/associacio\/wp-content\/uploads\/2017\/12\/IMG_1251.jpg\"><img loading=\"lazy\" decoding=\"async\" class=\"alignright size-medium wp-image-391\" src=\"http:\/\/helena.jubany.cat\/associacio\/wp-content\/uploads\/2017\/12\/IMG_1251-300x225.jpg\" alt=\"Exposici\u00f3 de 10 anys del Premi Helena Jubany\" width=\"300\" height=\"225\" srcset=\"https:\/\/helena.jubany.cat\/associacio\/wp-content\/uploads\/2017\/12\/IMG_1251-300x225.jpg 300w, https:\/\/helena.jubany.cat\/associacio\/wp-content\/uploads\/2017\/12\/IMG_1251-768x576.jpg 768w, https:\/\/helena.jubany.cat\/associacio\/wp-content\/uploads\/2017\/12\/IMG_1251-1024x768.jpg 1024w, https:\/\/helena.jubany.cat\/associacio\/wp-content\/uploads\/2017\/12\/IMG_1251.jpg 1632w\" sizes=\"(max-width: 300px) 100vw, 300px\" \/><\/a>Per celebrar el des\u00e8 aniversari del Premi literari, fins al 15 de desembre, a la Biblioteca Pompeu Fabra s\u2019exposaran els cartells i obres guanyadores de cada edici\u00f3. El cartell d\u2019aquesta edici\u00f3 \u00e9s de <strong>Llu\u00eds Mart\u00ed i Garro<\/strong>.<\/p>\n<p>L\u2019Associaci\u00f3 Cultural Helena Jubany i Lorente, l\u2019Ajuntament de Matar\u00f3 i el diari Ara convoquen el premi amb la finalitat de mantenir viu el record d\u2019Helena Jubany, enamorada del m\u00f3n dels llibres des de tots els angles, i d\u2019encomanar el seu gust per la lectura i la ficci\u00f3 liter\u00e0ria tant en el vessant escrit com en el de la transmissi\u00f3 oral.<\/p>\n<p>El premi est\u00e0 dotat amb 3.000\u20ac i la publicaci\u00f3 de l&#8217;obra guanyadora. Ha comptat per segon any amb la implicaci\u00f3 de la <strong>Direcci\u00f3 de Cultura de l\u2019Ajuntament de Matar\u00f3<\/strong> que, a trav\u00e9s d\u2019un conveni amb l\u2019Associaci\u00f3, aporta diners al projecte. Tamb\u00e9 hi col\u00b7labora el <strong>diari Ara<\/strong>, que en distribueix la publicaci\u00f3, aix\u00ed com els socis de l\u2019Associaci\u00f3 Cultural Helena Jubany i Lorente i mecenes particulars.<\/p>\n<p><strong>Composici\u00f3 del jurat<\/strong><\/p>\n<p>El jurat estar\u00e0 format per Cristina Valls, en representaci\u00f3 de les biblioteques de Matar\u00f3; Elvira Carri\u00f3, directora de l\u2019IB Pla d\u2019en Boet; Esteve Guardiola, llibreter i narrador oral; Lloren\u00e7 Soldevila, professor de la Universitat de Vic; N\u00faria Ribas, directora de la biblioteca de Sentmenat; Roser Ros, presidenta de Tant\u00e0gora; Roser Trilla, professora de llengua i literatura de l\u2019IB Alexandre Satorras; Xavier Vidal, guanyador del IX Premi Helena Jubany, i Joan Jubany.<\/p>\n<p><strong>La figura d\u2019Helena Jubany<\/strong><\/p>\n<p><strong>Helena Jubany i Lorente<\/strong> va n\u00e9ixer el 27 de febrer de 1974. Va viure a Matar\u00f3 fins als 26 anys. El 1996, es va llicenciar en Periodisme a la UAB. Al llarg de la seva formaci\u00f3 professional, va col\u00b7laborar amb Televisi\u00f3 de Matar\u00f3, amb r\u00e0dio Premi\u00e0 i amb el diari El Punt del Maresme. Va treballar com a llibretera a la Cooperativa Robafaves, on va col\u00b7laborar en l\u2019elaboraci\u00f3 de la revista <em>\u2018Not\u00edcia de llibres\u2019<\/em> i es va interessar especialment per la literatura infantil i juvenil. El 1999 va deixar de treballar a la llibreria i, va dedicar-se al m\u00f3n del llibre des d\u2019altres \u00e0mbits, va preparar les oposicions a bibliotec\u00e0ria i va encetar el cam\u00ed de la creaci\u00f3 liter\u00e0ria, recopilant un bon nombre de contes propis. L\u2019any 2000 va\u00a0 comen\u00e7ar a treballar d\u2019auxiliar de bibliotec\u00e0ria per a la sala infantil de la biblioteca Frederic Alfonso i Orfila de Sentmenat. Per la seva feina, es va traslladar a Sabadell on va continuar desenvolupant activitats culturals i associatives. Malauradament l\u2019any 2001 va morir. Amb aquest premi es vol mantenir viu el seu record i compartir el seu amor pels llibres i la literatura.<\/p>\n","protected":false},"excerpt":{"rendered":"<p>El lliurament del Premi Helena Jubany, que enguany arriba a la desena edici\u00f3, s\u2019ha realitzat dissabte 2 de desembre a la Biblioteca Pompeu Fabra de Matar\u00f3, amb la participaci\u00f3 d&#8217;en Joan Jubany i Itxart, president de l\u2019Associaci\u00f3 Cultural Helena Jubany i Lorente, que promou el premi., i de la Regidora de Cultura, N\u00faria Moreno. L&#8217;acte [&hellip;]<\/p>\n","protected":false},"author":1,"featured_media":388,"comment_status":"open","ping_status":"open","sticky":false,"template":"","format":"standard","meta":{"_et_pb_use_builder":"","_et_pb_old_content":"","_et_gb_content_width":"","footnotes":""},"categories":[28],"tags":[26],"class_list":["post-387","post","type-post","status-publish","format-standard","has-post-thumbnail","hentry","category-premi-2017","tag-obres-guanyadores"],"_links":{"self":[{"href":"https:\/\/helena.jubany.cat\/associacio\/wp-json\/wp\/v2\/posts\/387","targetHints":{"allow":["GET"]}}],"collection":[{"href":"https:\/\/helena.jubany.cat\/associacio\/wp-json\/wp\/v2\/posts"}],"about":[{"href":"https:\/\/helena.jubany.cat\/associacio\/wp-json\/wp\/v2\/types\/post"}],"author":[{"embeddable":true,"href":"https:\/\/helena.jubany.cat\/associacio\/wp-json\/wp\/v2\/users\/1"}],"replies":[{"embeddable":true,"href":"https:\/\/helena.jubany.cat\/associacio\/wp-json\/wp\/v2\/comments?post=387"}],"version-history":[{"count":5,"href":"https:\/\/helena.jubany.cat\/associacio\/wp-json\/wp\/v2\/posts\/387\/revisions"}],"predecessor-version":[{"id":4471,"href":"https:\/\/helena.jubany.cat\/associacio\/wp-json\/wp\/v2\/posts\/387\/revisions\/4471"}],"wp:featuredmedia":[{"embeddable":true,"href":"https:\/\/helena.jubany.cat\/associacio\/wp-json\/wp\/v2\/media\/388"}],"wp:attachment":[{"href":"https:\/\/helena.jubany.cat\/associacio\/wp-json\/wp\/v2\/media?parent=387"}],"wp:term":[{"taxonomy":"category","embeddable":true,"href":"https:\/\/helena.jubany.cat\/associacio\/wp-json\/wp\/v2\/categories?post=387"},{"taxonomy":"post_tag","embeddable":true,"href":"https:\/\/helena.jubany.cat\/associacio\/wp-json\/wp\/v2\/tags?post=387"}],"curies":[{"name":"wp","href":"https:\/\/api.w.org\/{rel}","templated":true}]}}