{"id":382,"date":"2017-12-17T22:37:15","date_gmt":"2017-12-17T22:37:15","guid":{"rendered":"http:\/\/helena.jubany.cat\/associacio\/?p=382"},"modified":"2022-06-04T00:25:22","modified_gmt":"2022-06-04T00:25:22","slug":"veredicte-del-jurat-del-x-premi-helena-jubany","status":"publish","type":"post","link":"https:\/\/helena.jubany.cat\/associacio\/veredicte-del-jurat-del-x-premi-helena-jubany\/","title":{"rendered":"Veredicte del jurat del X Premi Helena Jubany"},"content":{"rendered":"<p>Reunits a la Biblioteca Antoni Comas de Matar\u00f3 a les set i deu del vespre del dia 21 de novembre de 2017, els membres del Jurat \u2013format per Cristina Valls, Elvira Carri\u00f3, Esteve Guardiola, Lloren\u00e7 Soldevila, N\u00faria Ribas, Roser Trilla, Xavier Vidal i Joan Jubany, que actua com a secretari amb veu per\u00f2 sense vot, i en abs\u00e8ncia de Roser Ros, que es va excusar per la seva no assist\u00e8ncia\u2013 inicien el procediment per triar l\u2019obra guanyadora del X Premi Helena Jubany de narraci\u00f3 curta o recull de contes per a ser explicats, al qual s\u2019han presentat 57 treballs.<\/p>\n<p><!--more-->Per comen\u00e7ar, cada membre del Jurat manifesta quins s\u00f3n els originals que considera que poden optar a ser premiats.<br \/>\nEls textos que els membres del Jurat mencionen com a aspirants al premi s\u00f3n els seg\u00fcents, relacionats per nombre de mencions i ordre de presentaci\u00f3 al concurs:<\/p>\n<p>\u2022 Amb una menci\u00f3: <em>Sira<\/em>, <em>La revolta del nom de les coses<\/em>, <em>Lletres encadenades<\/em>, <em>En la mirada<\/em>, <em>el m\u00f3n<\/em>, <em>Des d\u2019Alzheimer amb humor i altres contes<\/em>, <em>Vint-i-un dies per esborrar els mals pensaments i altres contes<\/em>, <em>La filla de la lluna<\/em> i <em>Subjectes perduts<\/em>.<\/p>\n<p>\u2022 Amb dues mencions: <em>Cinc contes d\u2019estiu<\/em>, <em>An\u00e8cdotes de quan pensava que l\u2019amor comen\u00e7ava i acabava amb tu<\/em>, <em>Licos<\/em>, <em>Torna-la a posar<\/em>, <em>tia<\/em>, <em>La maleta rosa<\/em> i <em>El paradigma Manel<\/em>.<\/p>\n<p>\u2022 Amb tres mencions: <em>Gomes de pollastre<\/em> i <em>Hist\u00f2ries obertes<\/em>.<\/p>\n<p>\u2022 Amb quatre o m\u00e9s mencions: <em>Janus (1613 dC)<\/em>, <em>El passeig de la bellesa de la srta. Crisanta<\/em>, <em>Nas de Perdiguer<\/em> i <em>El desconcert d\u2019en Boyle<\/em>.<\/p>\n<p>Tot seguit, els membres del Jurat, despr\u00e9s de raonar el perqu\u00e8 de llurs mencions, decideixen centrar-se en la valoraci\u00f3 de les obres que n\u2019han obtingut tres o m\u00e9s. Exposen, llavors, i comenten cr\u00edticament les caracter\u00edstiques i valors de cadascuna d\u2019elles i els aspectes, tant els positius com els negatius, i en llegeixen fragments. Finalment, despr\u00e9s de successives elminacions acorden per unanimitat atorgar el X Premi Helena Jubany a l\u2019obra titulada <strong><em>El descocert d\u2019en Boyle<\/em><\/strong> per les raons seg\u00fcents:<\/p>\n<p>\u2022 Perqu\u00e8 es tracta d\u2019un recull de quinze relats molt breus, innovadors, d\u2019una gran varietat i amb uns finals molt ben trobats, en qu\u00e8 la qualitat liter\u00e0ria es mant\u00e9 al llarg de tota l\u2019obra.<\/p>\n<p>\u2022 Perqu\u00e8 textos estan molt ben escrits, amb gr\u00e0cia, amb un llenguatge fresc i sense que hi sobri cap frase, ja que l\u2019autor ha sabut reduir la narraci\u00f3 a all\u00f2 que \u00e9s essencial.<\/p>\n<p>\u2022 Per la visualitat de les hist\u00f2ries narrades, per la capacitat de generar imatges amb la successi\u00f3 dels noms i amb no gaires adjectius.<\/p>\n<p>Un cop oberta la plica que acompanya els originals, resulta que l\u2019autor de l\u2019obra premiada \u00e9s <strong>Carles Torres<\/strong>, ve\u00ed de Formentera.<\/p>\n<p>I a un quart de deu del vespre es clou la reuni\u00f3.<\/p>\n","protected":false},"excerpt":{"rendered":"<p>Reunits a la Biblioteca Antoni Comas de Matar\u00f3 a les set i deu del vespre del dia 21 de novembre de 2017, els membres del Jurat \u2013format per Cristina Valls, Elvira Carri\u00f3, Esteve Guardiola, Lloren\u00e7 Soldevila, N\u00faria Ribas, Roser Trilla, Xavier Vidal i Joan Jubany, que actua com a secretari amb veu per\u00f2 sense vot, [&hellip;]<\/p>\n","protected":false},"author":1,"featured_media":385,"comment_status":"open","ping_status":"open","sticky":false,"template":"","format":"standard","meta":{"_et_pb_use_builder":"","_et_pb_old_content":"","_et_gb_content_width":"","footnotes":""},"categories":[28],"tags":[27],"class_list":["post-382","post","type-post","status-publish","format-standard","has-post-thumbnail","hentry","category-premi-2017","tag-veredictes-del-jurat"],"_links":{"self":[{"href":"https:\/\/helena.jubany.cat\/associacio\/wp-json\/wp\/v2\/posts\/382","targetHints":{"allow":["GET"]}}],"collection":[{"href":"https:\/\/helena.jubany.cat\/associacio\/wp-json\/wp\/v2\/posts"}],"about":[{"href":"https:\/\/helena.jubany.cat\/associacio\/wp-json\/wp\/v2\/types\/post"}],"author":[{"embeddable":true,"href":"https:\/\/helena.jubany.cat\/associacio\/wp-json\/wp\/v2\/users\/1"}],"replies":[{"embeddable":true,"href":"https:\/\/helena.jubany.cat\/associacio\/wp-json\/wp\/v2\/comments?post=382"}],"version-history":[{"count":3,"href":"https:\/\/helena.jubany.cat\/associacio\/wp-json\/wp\/v2\/posts\/382\/revisions"}],"predecessor-version":[{"id":3047,"href":"https:\/\/helena.jubany.cat\/associacio\/wp-json\/wp\/v2\/posts\/382\/revisions\/3047"}],"wp:featuredmedia":[{"embeddable":true,"href":"https:\/\/helena.jubany.cat\/associacio\/wp-json\/wp\/v2\/media\/385"}],"wp:attachment":[{"href":"https:\/\/helena.jubany.cat\/associacio\/wp-json\/wp\/v2\/media?parent=382"}],"wp:term":[{"taxonomy":"category","embeddable":true,"href":"https:\/\/helena.jubany.cat\/associacio\/wp-json\/wp\/v2\/categories?post=382"},{"taxonomy":"post_tag","embeddable":true,"href":"https:\/\/helena.jubany.cat\/associacio\/wp-json\/wp\/v2\/tags?post=382"}],"curies":[{"name":"wp","href":"https:\/\/api.w.org\/{rel}","templated":true}]}}