{"id":36,"date":"2009-11-17T17:22:00","date_gmt":"2009-11-17T17:22:00","guid":{"rendered":"http:\/\/www.jubanywp.cat.mialias.net\/associacio\/2009\/11\/17\/2-de-desembre-de-2009-lliurament-del-ii-premi-helena-jubany\/"},"modified":"2022-06-04T01:04:15","modified_gmt":"2022-06-04T01:04:15","slug":"2-de-desembre-de-2009-lliurament-del-ii-premi-helena-jubany","status":"publish","type":"post","link":"https:\/\/helena.jubany.cat\/associacio\/2-de-desembre-de-2009-lliurament-del-ii-premi-helena-jubany\/","title":{"rendered":"2 de desembre de 2009: lliurament del II Premi Helena Jubany"},"content":{"rendered":"<p>El proper dimecres 2 de desembre de 2009 l&#8217;<strong>Associaci\u00f3 Helena Jubany i Lorente<\/strong> convoca un acte p\u00fablic on es donar\u00e0 a con\u00e8ixer l&#8217;obra guanyadora del <em><strong>II Premi Helena Jubany de narraci\u00f3 curta o recull de contes per a ser explicats<\/strong><\/em>.<\/p>\n<h2><span style=\"color: #800000;\">ACTE P\u00daBLIC<\/span><\/h2>\n<p>Dimecres, <strong>2 de desembre<\/strong> de 2009<br \/>\na les <strong>8 del vespre<\/strong><br \/>\na la sala d&#8217;actes de <strong>Can Palauet<\/strong><br \/>\n[Pla\u00e7a de l&#8217;Ajuntament &#8211; <strong>Matar\u00f3<\/strong>]<\/p>\n<hr \/>\n<p>Organitza: <strong>Associaci\u00f3 Helena Jubany i Lorente<\/strong><\/p>\n<p>Hi col\u00b7laboren: <a href=\"http:\/\/www.robafaves.com\"><strong>Llibreria Robafaves<\/strong><\/a> <span style=\"color: #800000;\">|<\/span> <a href=\"http:\/\/www.diba.es\/agda\/Biblioteques\/BiblioView.asp?Bib=2441\"><strong>Biblioteca Frederic Alfonso i Orfila<\/strong><\/a> (Sentmenat) <span style=\"color: #800000;\">|<\/span> <a href=\"http:\/\/www.tantagora.net\/doc\/home.php?l=ca\"><strong>Tant\u00e0gora<\/strong><\/a> serveis culturals.<\/p>\n<p>Amb el suport de: <a href=\"http:\/\/www.mataro.cat\/web\/portal\/ca\/Cultura\/index.html\"><strong>Ajuntament de Matar\u00f3 &#8211; Institut Municipal d&#8217;Acci\u00f3 Cultural<\/strong><\/a> <span style=\"color: #800000;\">|<\/span> <a href=\"http:\/\/www.caixalaietana.cat\/\"><strong>Caixa Laietana<\/strong><\/a><\/p>\n","protected":false},"excerpt":{"rendered":"<p>El proper dimecres 2 de desembre de 2009 l&#8217;Associaci\u00f3 Helena Jubany i Lorente convoca un acte p\u00fablic on es donar\u00e0 a con\u00e8ixer l&#8217;obra guanyadora del II Premi Helena Jubany de narraci\u00f3 curta o recull de contes per a ser explicats. ACTE P\u00daBLIC Dimecres, 2 de desembre de 2009 a les 8 del vespre a la [&hellip;]<\/p>\n","protected":false},"author":1,"featured_media":34,"comment_status":"open","ping_status":"open","sticky":false,"template":"","format":"standard","meta":{"_et_pb_use_builder":"","_et_pb_old_content":"","_et_gb_content_width":"","footnotes":""},"categories":[8],"tags":[],"class_list":["post-36","post","type-post","status-publish","format-standard","has-post-thumbnail","hentry","category-premi-2009"],"_links":{"self":[{"href":"https:\/\/helena.jubany.cat\/associacio\/wp-json\/wp\/v2\/posts\/36","targetHints":{"allow":["GET"]}}],"collection":[{"href":"https:\/\/helena.jubany.cat\/associacio\/wp-json\/wp\/v2\/posts"}],"about":[{"href":"https:\/\/helena.jubany.cat\/associacio\/wp-json\/wp\/v2\/types\/post"}],"author":[{"embeddable":true,"href":"https:\/\/helena.jubany.cat\/associacio\/wp-json\/wp\/v2\/users\/1"}],"replies":[{"embeddable":true,"href":"https:\/\/helena.jubany.cat\/associacio\/wp-json\/wp\/v2\/comments?post=36"}],"version-history":[{"count":1,"href":"https:\/\/helena.jubany.cat\/associacio\/wp-json\/wp\/v2\/posts\/36\/revisions"}],"predecessor-version":[{"id":3089,"href":"https:\/\/helena.jubany.cat\/associacio\/wp-json\/wp\/v2\/posts\/36\/revisions\/3089"}],"wp:featuredmedia":[{"embeddable":true,"href":"https:\/\/helena.jubany.cat\/associacio\/wp-json\/wp\/v2\/media\/34"}],"wp:attachment":[{"href":"https:\/\/helena.jubany.cat\/associacio\/wp-json\/wp\/v2\/media?parent=36"}],"wp:term":[{"taxonomy":"category","embeddable":true,"href":"https:\/\/helena.jubany.cat\/associacio\/wp-json\/wp\/v2\/categories?post=36"},{"taxonomy":"post_tag","embeddable":true,"href":"https:\/\/helena.jubany.cat\/associacio\/wp-json\/wp\/v2\/tags?post=36"}],"curies":[{"name":"wp","href":"https:\/\/api.w.org\/{rel}","templated":true}]}}