{"id":294,"date":"2016-12-03T23:43:29","date_gmt":"2016-12-03T23:43:29","guid":{"rendered":"http:\/\/www.jubanywp.cat.mialias.net\/associacio\/?p=294"},"modified":"2023-12-06T18:54:12","modified_gmt":"2023-12-06T18:54:12","slug":"xavier-vidal-9-premi-helena-jubany","status":"publish","type":"post","link":"https:\/\/helena.jubany.cat\/associacio\/xavier-vidal-9-premi-helena-jubany\/","title":{"rendered":"Xavier Vidal i Alemany guanya el IX Premi Helena Jubany amb l&#8217;obra &#8220;L&#8217;escriptor i l&#8217;escombriaire&#8221;"},"content":{"rendered":"<p><a href=\"http:\/\/helena.jubany.cat\/associacio\/wp-content\/uploads\/2016\/12\/rodapremsapremi-8.jpg\"><img loading=\"lazy\" decoding=\"async\" class=\"alignright size-medium wp-image-295\" src=\"http:\/\/helena.jubany.cat\/associacio\/wp-content\/uploads\/2016\/12\/rodapremsapremi-8-300x225.jpg\" alt=\"Xavier Vidal i Alemany guanya el IX Premi Literari Helena Jubany\" width=\"300\" height=\"225\" srcset=\"https:\/\/helena.jubany.cat\/associacio\/wp-content\/uploads\/2016\/12\/rodapremsapremi-8-300x225.jpg 300w, https:\/\/helena.jubany.cat\/associacio\/wp-content\/uploads\/2016\/12\/rodapremsapremi-8-768x576.jpg 768w, https:\/\/helena.jubany.cat\/associacio\/wp-content\/uploads\/2016\/12\/rodapremsapremi-8-1024x768.jpg 1024w, https:\/\/helena.jubany.cat\/associacio\/wp-content\/uploads\/2016\/12\/rodapremsapremi-8.jpg 1280w\" sizes=\"(max-width: 300px) 100vw, 300px\" \/><\/a>Enguany s\u2019ha arribat a la novena edici\u00f3 del premi Helena Jubany de narraci\u00f3 curta o recull de contes per ser explicats, dotat amb 3.000 \u20ac. El lliurament del Premi s\u2019ha realitzat, a la Biblioteca Antoni Comas.<\/p>\n<p>L\u2019obra premiada ha estat <em>L\u2019escriptor i l\u2019escombriaire<\/em>, de l\u2019autor <strong>Xavier Vidal i Alemany<\/strong>. A la convocat\u00f2ria s\u2019hi ha presentat un total de 65 treballs. El text guanyador explica la hist\u00f2ria d\u2019un escriptor d\u2019\u00e8xit que obt\u00e9 una lli\u00e7\u00f3 de vida a trav\u00e9s del tr\u00e0ngol de descobrir qu\u00e8 pensen de deb\u00f2 els seus lectors. Ambientada a Nova York, el jurat n\u2019ha destacat la precisi\u00f3 en la definici\u00f3 dels\u00a0 escenaris en qu\u00e8 transcorre l\u2019acci\u00f3 del relat. Entre d\u2019altres aspectes, tamb\u00e9 n\u2019han lloat la genu\u00efnitat, precisi\u00f3 i variaci\u00f3 que demostra l\u2019autor en l\u2019\u00fas del llenguatge. El text flueix de tal manera que enganxa i fa inevitable que el lector es concentri en la hist\u00f2ria narrada fins al final.<!--more--><\/p>\n<h3>L&#8217;autor<\/h3>\n<p><strong>Xavier Vidal<\/strong> (Alginet, Val\u00e8ncia, 1966). Llicenciat en Ci\u00e8ncies de la Informaci\u00f3 per la UAB, ha estat redactor, guionista i cap de redacci\u00f3 de diversos programes de r\u00e0dio (&#8220;La Bisagra&#8221;, &#8220;Cambia la Cara&#8221;, &#8220;La Ventana&#8221;, &#8220;Versi\u00f3 Rac 1&#8221;, &#8220;Els Matins de Catalunya R\u00e0dio&#8221;); televisi\u00f3 (&#8220;Moros y Cristianos&#8221; o &#8220;Cr\u00f3nicas Marcianas&#8221; (Telecinco), &#8220;Channel n\u00ba 4&#8221; (Cuatro),\u00a0 &#8220;Banda Ampla\u201d i \u201cC\u00f2mics&#8221; (TV3) o &#8220;L\u2019Ou com Balla\u201d (BTV)).<\/p>\n<p>\u00c9s autor de dues novel\u00b7les (<em>No em pregunteu per qu\u00e8<\/em> i <em>La partida del Cagat<\/em>, guanyadora del Premi Joan Santamaria de Novel\u00b7la) i tres llibres de relats curts (<em>Un m\u00f3n a tres columnes<\/em>, <em>Els elefants interiors<\/em>, guanyador del Premi 7Lletres de Narrativa i <em>Destins Inesperats<\/em>, guanyador del premi Recvll de Blanes).<\/p>\n<p>Ha guanyat, a m\u00e9s, diversos premis de narraci\u00f3 curta, com ara el de Narrativa de Gr\u00e0cia, el Sant Jordi de Llagostera, el Lletraferit 2014, el Puig i Ferreter de la Selva del Camp, el Joan Marqu\u00e8s Arbona de S\u00f2ller, el Domingo Fins de Montcada i Reixach, la Rosa d&#8217;Argent de Puigcerd\u00e0, el Ploma de Ferro de Capdepera, el Valeri\u00e0 Pujol de Premi\u00e0 de Dalt o el de narrativa Sant Antoni del Perell\u00f3, entre d&#8217;altres.<\/p>\n<p>Actualment \u00e9s responsable de continguts digitals a la productora Lavinia Audiovisual, al programa de TVE &#8220;Torres en la cocina&#8221;, aix\u00ed com reporter del diari Ara en temes de tecnologia digital. Tamb\u00e9 fa classes a l&#8217;escola d&#8217;escriptura creativa Escriptorium de Sabadell, de la qual \u00e9s tamb\u00e9 cofundador.<\/p>\n<h3>El premi<\/h3>\n<p>L\u2019<strong>Associaci\u00f3 Cultural Helena Jubany i Lorente<\/strong>, l\u2019<strong>Ajuntament de Matar\u00f3<\/strong> i el <strong>diari Ara<\/strong> convoquen el premi amb la finalitat de mantenir viu el record d\u2019Helena Jubany, enamorada del m\u00f3n dels llibres des de tots els angles, i d\u2019encomanar el seu gust per la lectura i la ficci\u00f3 liter\u00e0ria tant en el vessant escrit com en el de la transmissi\u00f3 oral.<\/p>\n<p>El premi ha comptat per primer any amb la implicaci\u00f3 de la Direcci\u00f3 de Cultura de l\u2019Ajuntament de Matar\u00f3 que, a trav\u00e9s d\u2019un conveni amb l\u2019Associaci\u00f3, ha aportat un 35% del cost del projecte, en el qual tamb\u00e9 participa el diari Ara, que distribueix la publicaci\u00f3; aix\u00ed com les quotes dels socis de l\u2019entitat i altres mecenes voluntaris.<\/p>\n<p>Amb la participaci\u00f3 de l\u2019Ajuntament de Matar\u00f3 es busca contribuir a la millora de la difusi\u00f3 del premi i a consolidar una iniciativa cultural amb inter\u00e8s i traject\u00f2ria destacada a la ciutat. La implicaci\u00f3 l\u2019Ajuntament, a m\u00e9s del suport econ\u00f2mic, tamb\u00e9 s\u2019ha vist reflectida amb en la integraci\u00f3 d\u2019un membre de la Xarxa de Biblioteques de Matar\u00f3 en el jurat del premi, amb en la recollida dels originals que s\u2019hi han presentat, que s\u2019ha fet a les dues biblioteques municipals.<\/p>\n<h3>Composici\u00f3 del jurat<\/h3>\n<p>El jurat est\u00e0 format per D\u00eddac Mical\u00f3, guanyador del VIII Premi Helena Jubany; Elvira Carri\u00f3, directora de l\u2019Institut Laia l\u2019Arquera; Esteve Guardiola, llibreter i narrador oral; Lloren\u00e7 Soldevila, professor de la Universitat de Vic; N\u00faria Ribas, directora de la biblioteca de Sentmenat; Roser Ros, presidenta de Tant\u00e0gora; Roser Trilla, professora de llengua i literatura de l\u2019Institut Alexandre Satorras; Cristina Valls com a representant de les Biblioteques de Matar\u00f3, i Joan Jubany i Itxart, que actua de secretari amb veu per\u00f2 sense vot.<\/p>\n<h3>La figura d\u2019Helena Jubany<\/h3>\n<p>Helena Jubany i Lorente va n\u00e9ixer el 27 de febrer de 1974. Va viure a Matar\u00f3 fins als 26 anys. El 1996, es va llicenciar en Periodisme a la UAB. Al llarg la seva formaci\u00f3 professional, va col\u00b7laborar amb Televisi\u00f3 de Matar\u00f3, amb r\u00e0dio Premi\u00e0 i amb el diari El Punt del Maresme. Va treballar com a llibretera a la Cooperativa Robafaves, on va col\u00b7laborar en l\u2019elaboraci\u00f3 de la revista \u2018Not\u00edcia de llibres\u2019 i es va interessar especialment per la literatura infantil i juvenil. El 1999 va deixar de treballar a la llibreria i, va dedicar-se al m\u00f3n del llibre des d\u2019altres \u00e0mbits, va preparar les oposicions a bibliotec\u00e0ria i va encetar el cam\u00ed de la creaci\u00f3 liter\u00e0ria, recopilant un bon nombre de contes propis. L\u2019any 2000 va\u00a0 comen\u00e7ar a treballar d\u2019auxiliar de bibliotec\u00e0ria per a la sala infantil de la biblioteca Frederic Alfonso i Orfila de Sentmenat. Per la seva feina, es va traslladar a Sabadell on va continuar desenvolupant activitats culturals i associatives. Malauradament l\u2019any 2001 fou assassinada. Amb aquest premi es vol mantenir viu el seu record i compartir el seu amor pels llibres i la literatura.<\/p>\n","protected":false},"excerpt":{"rendered":"<p>Enguany s\u2019ha arribat a la novena edici\u00f3 del premi Helena Jubany de narraci\u00f3 curta o recull de contes per ser explicats, dotat amb 3.000 \u20ac. El lliurament del Premi s\u2019ha realitzat, a la Biblioteca Antoni Comas. L\u2019obra premiada ha estat L\u2019escriptor i l\u2019escombriaire, de l\u2019autor Xavier Vidal i Alemany. A la convocat\u00f2ria s\u2019hi ha presentat [&hellip;]<\/p>\n","protected":false},"author":1,"featured_media":295,"comment_status":"open","ping_status":"open","sticky":false,"template":"","format":"standard","meta":{"_et_pb_use_builder":"","_et_pb_old_content":"","_et_gb_content_width":"","footnotes":""},"categories":[20],"tags":[26],"class_list":["post-294","post","type-post","status-publish","format-standard","has-post-thumbnail","hentry","category-premi-2016","tag-obres-guanyadores"],"_links":{"self":[{"href":"https:\/\/helena.jubany.cat\/associacio\/wp-json\/wp\/v2\/posts\/294","targetHints":{"allow":["GET"]}}],"collection":[{"href":"https:\/\/helena.jubany.cat\/associacio\/wp-json\/wp\/v2\/posts"}],"about":[{"href":"https:\/\/helena.jubany.cat\/associacio\/wp-json\/wp\/v2\/types\/post"}],"author":[{"embeddable":true,"href":"https:\/\/helena.jubany.cat\/associacio\/wp-json\/wp\/v2\/users\/1"}],"replies":[{"embeddable":true,"href":"https:\/\/helena.jubany.cat\/associacio\/wp-json\/wp\/v2\/comments?post=294"}],"version-history":[{"count":2,"href":"https:\/\/helena.jubany.cat\/associacio\/wp-json\/wp\/v2\/posts\/294\/revisions"}],"predecessor-version":[{"id":4472,"href":"https:\/\/helena.jubany.cat\/associacio\/wp-json\/wp\/v2\/posts\/294\/revisions\/4472"}],"wp:featuredmedia":[{"embeddable":true,"href":"https:\/\/helena.jubany.cat\/associacio\/wp-json\/wp\/v2\/media\/295"}],"wp:attachment":[{"href":"https:\/\/helena.jubany.cat\/associacio\/wp-json\/wp\/v2\/media?parent=294"}],"wp:term":[{"taxonomy":"category","embeddable":true,"href":"https:\/\/helena.jubany.cat\/associacio\/wp-json\/wp\/v2\/categories?post=294"},{"taxonomy":"post_tag","embeddable":true,"href":"https:\/\/helena.jubany.cat\/associacio\/wp-json\/wp\/v2\/tags?post=294"}],"curies":[{"name":"wp","href":"https:\/\/api.w.org\/{rel}","templated":true}]}}