{"id":22,"date":"2008-12-03T10:12:48","date_gmt":"2008-12-03T10:12:48","guid":{"rendered":"http:\/\/www.jubanywp.cat.mialias.net\/associacio\/2008\/12\/03\/xavier-cabus-ha-obtingut-el-i-premi-helena-jubany\/"},"modified":"2023-12-06T18:54:55","modified_gmt":"2023-12-06T18:54:55","slug":"xavier-cabus-1-premi-helena-jubany","status":"publish","type":"post","link":"https:\/\/helena.jubany.cat\/associacio\/xavier-cabus-1-premi-helena-jubany\/","title":{"rendered":"Xavier Cab\u00fas guanya el I Premi Helena Jubany amb l&#8217;obra &#8220;El karma del carnisser&#8221;"},"content":{"rendered":"<p><em><strong>El karma del Carnisser<\/strong><\/em> de <strong>Xavier Cab\u00fas i Manyosa<\/strong> ha guanyat el <strong>I Premi Helena Jubany de narraci\u00f3 curta o recull de contes<\/strong>, lliurat ahir al vespre a Matar\u00f3.<\/p>\n<p>( <a href=\"http:\/\/vimeo.com\/2410750\">Veure el v\u00eddeo de l&#8217;acte<\/a> )<\/p>\n<p>A l\u2019acte, on han assistit prop de cent persones, hi han intervingut <strong>Sergi Pened\u00e8s<\/strong>, regidor de cultura de l\u2019<strong>Ajuntament de Matar\u00f3<\/strong>, <strong>Joan Jubany<\/strong>, president de l\u2019<strong>Associaci\u00f3 Cultural Helena Jubany i Lorente<\/strong>, <strong>N\u00faria Ribas<\/strong>, com a portaveu del jurat, el mateix guardonat i <strong>Roser Ros<\/strong>, que ha llegit fragments de l\u2019obra.<\/p>\n<p><!--more--><\/p>\n<p>El jurat, ha dit N\u00faria Ribas, <a href=\"http:\/\/helena.jubany.cat\/associacio\/2014\/12\/01\/dimarts-2-de-desembre-de-2014-lliurament-del-vii-premi-helena-jubany\/\">ha acordat per unanimitat<\/a> atorgar el <strong>I Premi Helena Jubany<\/strong> a l\u2019obra de Xavier Cab\u00fas pel seu estil acurat, tema atrevit i llenguatge genu\u00ed, variat, prec\u00eds i suggeridor; per l\u2019inter\u00e8s que mant\u00e9 al llarg del desenvolupament de l\u2019argument, que culmina amb un final imprevisible; perqu\u00e8 l\u2019autor mostra un ampli coneixement cultural i obertura mental; i perqu\u00e8 la narraci\u00f3 \u00e9s perfectament adequada per a ser escoltada.<\/p>\n<p><a class=\"jcepopup\" href=\"http:\/\/helena.jubany.cat\/associacio\/wp-content\/uploads\/2008\/12\/081202_publicpremi.jpg\" target=\"_blank\" rel=\"noopener\" data-mediabox=\"title[Acte de lliurament del I Premi Helena Jubany de narrativa curta o recull de contes (2 desembre 2008)::Acte de lliurament del I Premi Helena Jubany de narrativa curta o recull de contes (2 desembre 2008)]\"><img loading=\"lazy\" decoding=\"async\" class=\" alignright size-full wp-image-21\" style=\"margin: 5px; float: right;\" title=\"Sala d'actes de Can Palauet plena en l'acte de lliurament del I Premi Helena Jubany.\" src=\"http:\/\/helena.jubany.cat\/associacio\/wp-content\/uploads\/2008\/12\/081202_publicpremi-250.jpg\" alt=\"Sala d'actes de Can Palauet plena en l'acte de lliurament del I Premi Helena Jubany.\" width=\"250\" height=\"188\" \/><\/a>\u00c9s previst que l\u2019edici\u00f3 d\u2019<em>El karma del carnisser<\/em> surti la llum a final de febrer de l\u2019any entrant. En tindr\u00e0 cura l\u2019<a href=\"http:\/\/www.tantagora.net\/cat.html\">editorial <strong>Tant\u00e0gora<\/strong><\/a> i l\u2019edici\u00f3 n\u2019inclour\u00e0 les versions oral i escrita.<\/p>\n<p>L\u2019Associaci\u00f3 Cultural Helena Jubany i Lorente ha institu\u00eft aquest premi, que convocar\u00e0 cada any, amb el desig de mantenir viu el record de l\u2019Helena i encomanar el seu gust pel llibre, la creaci\u00f3 liter\u00e0ria i l\u2019activitat de narrar de viva veu hist\u00f2ries i contes.<\/p>\n<hr \/>\n<p>NOT\u00cdCIES DE PREMSA<\/p>\n<p>\u2022 El Punt: <a href=\"http:\/\/www.vilaweb.cat\/www\/elpunt\/noticia?p_idcmp=3101208\">Un conte del mite de Narc\u00eds guanya el premi Helena Jubany<\/a><\/p>\n<p>\u2022 Capgros: <a href=\"http:\/\/capgros.cat\/noticies\/detall.asp?id_noticia_portal=19672&amp;sec=78&amp;portada=1\">Xavier Cab\u00fas guanya el I Premi Helena Jubany amb \u2018El karma del carnisser\u2019<\/a><\/p>\n<p>\u2022 Tot Matar\u00f3: <a href=\"http:\/\/www.totmataro.cat\/portal\/\/index.php?option=com_content&amp;task=view&amp;id=86102&amp;Itemid=108\">Xavier Cab\u00fas s\u2019end\u00fa el primer premi literari Helena Jubany<\/a><\/p>\n","protected":false},"excerpt":{"rendered":"<p>El karma del Carnisser de Xavier Cab\u00fas i Manyosa ha guanyat el I Premi Helena Jubany de narraci\u00f3 curta o recull de contes, lliurat ahir al vespre a Matar\u00f3. ( Veure el v\u00eddeo de l&#8217;acte ) A l\u2019acte, on han assistit prop de cent persones, hi han intervingut Sergi Pened\u00e8s, regidor de cultura de l\u2019Ajuntament [&hellip;]<\/p>\n","protected":false},"author":1,"featured_media":3114,"comment_status":"open","ping_status":"open","sticky":true,"template":"","format":"standard","meta":{"_et_pb_use_builder":"","_et_pb_old_content":"","_et_gb_content_width":"","footnotes":""},"categories":[11],"tags":[26],"class_list":["post-22","post","type-post","status-publish","format-standard","has-post-thumbnail","hentry","category-premi-2008","tag-obres-guanyadores"],"_links":{"self":[{"href":"https:\/\/helena.jubany.cat\/associacio\/wp-json\/wp\/v2\/posts\/22","targetHints":{"allow":["GET"]}}],"collection":[{"href":"https:\/\/helena.jubany.cat\/associacio\/wp-json\/wp\/v2\/posts"}],"about":[{"href":"https:\/\/helena.jubany.cat\/associacio\/wp-json\/wp\/v2\/types\/post"}],"author":[{"embeddable":true,"href":"https:\/\/helena.jubany.cat\/associacio\/wp-json\/wp\/v2\/users\/1"}],"replies":[{"embeddable":true,"href":"https:\/\/helena.jubany.cat\/associacio\/wp-json\/wp\/v2\/comments?post=22"}],"version-history":[{"count":3,"href":"https:\/\/helena.jubany.cat\/associacio\/wp-json\/wp\/v2\/posts\/22\/revisions"}],"predecessor-version":[{"id":4473,"href":"https:\/\/helena.jubany.cat\/associacio\/wp-json\/wp\/v2\/posts\/22\/revisions\/4473"}],"wp:featuredmedia":[{"embeddable":true,"href":"https:\/\/helena.jubany.cat\/associacio\/wp-json\/wp\/v2\/media\/3114"}],"wp:attachment":[{"href":"https:\/\/helena.jubany.cat\/associacio\/wp-json\/wp\/v2\/media?parent=22"}],"wp:term":[{"taxonomy":"category","embeddable":true,"href":"https:\/\/helena.jubany.cat\/associacio\/wp-json\/wp\/v2\/categories?post=22"},{"taxonomy":"post_tag","embeddable":true,"href":"https:\/\/helena.jubany.cat\/associacio\/wp-json\/wp\/v2\/tags?post=22"}],"curies":[{"name":"wp","href":"https:\/\/api.w.org\/{rel}","templated":true}]}}