{"id":182,"date":"2015-12-13T02:13:20","date_gmt":"2015-12-13T02:13:20","guid":{"rendered":"http:\/\/www.jubanywp.cat.mialias.net\/associacio\/2015\/12\/13\/gracies-a-117-mecenes-es-publicara-la-nit-que-gairebe-em-converteixo-en-tiberi\/"},"modified":"2022-06-04T00:52:01","modified_gmt":"2022-06-04T00:52:01","slug":"gracies-a-117-mecenes-es-publicara-la-nit-que-gairebe-em-converteixo-en-tiberi","status":"publish","type":"post","link":"https:\/\/helena.jubany.cat\/associacio\/gracies-a-117-mecenes-es-publicara-la-nit-que-gairebe-em-converteixo-en-tiberi\/","title":{"rendered":"Gr\u00e0cies a 117 mecenes es publicar\u00e0 &#8220;La nit que gaireb\u00e9 em converteixo en tiberi&#8230;&#8221;"},"content":{"rendered":"<p>Gr\u00e0cies a cadascuna de les persones que heu contribu\u00eft a poder fer realitat la publicaci\u00f3 de &#8220;La nit que gaireb\u00e9 em converteixo en tiberi&#8230;&#8221;<\/p>\n<p>Gr\u00e0cies a 117 mece<span class=\"text_exposed_show\">nes que han fet aportacions a <a href=\"http:\/\/www.verkami.com\/projects\/13280-publicacio-llibret-viii-premi-helena-jubany\">la campanya de Verkami,<\/a> anit vam aconseguir el finan\u00e7ament necessari per editar i distribuir gratu\u00eftament amb el diari ARA el Premi Helena Jubany d&#8217;aquest any.<\/span><\/p>\n<div class=\"text_exposed_show\">\n<p>Ens ho podem ben agrair i felicitar-nos-en m\u00fatuament.<\/p>\n<p>Una forta abra\u00e7ada,<\/p>\n<p>Joan Jubany i Itxart, president de l&#8217;Assosciaci\u00f3 Helena Jubany<\/p>\n<\/div>\n","protected":false},"excerpt":{"rendered":"<p>Gr\u00e0cies a cadascuna de les persones que heu contribu\u00eft a poder fer realitat la publicaci\u00f3 de &#8220;La nit que gaireb\u00e9 em converteixo en tiberi&#8230;&#8221; Gr\u00e0cies a 117 mecenes que han fet aportacions a la campanya de Verkami, anit vam aconseguir el finan\u00e7ament necessari per editar i distribuir gratu\u00eftament amb el diari ARA el Premi Helena [&hellip;]<\/p>\n","protected":false},"author":1,"featured_media":222,"comment_status":"open","ping_status":"open","sticky":false,"template":"","format":"standard","meta":{"_et_pb_use_builder":"","_et_pb_old_content":"","_et_gb_content_width":"","footnotes":""},"categories":[19],"tags":[],"class_list":["post-182","post","type-post","status-publish","format-standard","has-post-thumbnail","hentry","category-premi-2015"],"_links":{"self":[{"href":"https:\/\/helena.jubany.cat\/associacio\/wp-json\/wp\/v2\/posts\/182","targetHints":{"allow":["GET"]}}],"collection":[{"href":"https:\/\/helena.jubany.cat\/associacio\/wp-json\/wp\/v2\/posts"}],"about":[{"href":"https:\/\/helena.jubany.cat\/associacio\/wp-json\/wp\/v2\/types\/post"}],"author":[{"embeddable":true,"href":"https:\/\/helena.jubany.cat\/associacio\/wp-json\/wp\/v2\/users\/1"}],"replies":[{"embeddable":true,"href":"https:\/\/helena.jubany.cat\/associacio\/wp-json\/wp\/v2\/comments?post=182"}],"version-history":[{"count":4,"href":"https:\/\/helena.jubany.cat\/associacio\/wp-json\/wp\/v2\/posts\/182\/revisions"}],"predecessor-version":[{"id":3057,"href":"https:\/\/helena.jubany.cat\/associacio\/wp-json\/wp\/v2\/posts\/182\/revisions\/3057"}],"wp:featuredmedia":[{"embeddable":true,"href":"https:\/\/helena.jubany.cat\/associacio\/wp-json\/wp\/v2\/media\/222"}],"wp:attachment":[{"href":"https:\/\/helena.jubany.cat\/associacio\/wp-json\/wp\/v2\/media?parent=182"}],"wp:term":[{"taxonomy":"category","embeddable":true,"href":"https:\/\/helena.jubany.cat\/associacio\/wp-json\/wp\/v2\/categories?post=182"},{"taxonomy":"post_tag","embeddable":true,"href":"https:\/\/helena.jubany.cat\/associacio\/wp-json\/wp\/v2\/tags?post=182"}],"curies":[{"name":"wp","href":"https:\/\/api.w.org\/{rel}","templated":true}]}}