{"id":181,"date":"2015-12-12T17:39:53","date_gmt":"2015-12-12T17:39:53","guid":{"rendered":"http:\/\/www.jubanywp.cat.mialias.net\/associacio\/2015\/12\/12\/didac-micalo-guanya-el-viii-premi-helena-jubany\/"},"modified":"2023-12-06T19:04:46","modified_gmt":"2023-12-06T19:04:46","slug":"didac-micalo-8-premi-helena-jubany","status":"publish","type":"post","link":"https:\/\/helena.jubany.cat\/associacio\/didac-micalo-8-premi-helena-jubany\/","title":{"rendered":"D\u00eddac Mical\u00f3 guanya el VIII premi Helena Jubany amb l&#8217;obra &#8220;La nit que gaireb\u00e9 em converteixo en Tiberi\u2026&#8221;"},"content":{"rendered":"<p>L\u2019Ajuntament de Matar\u00f3 s\u2019implicar\u00e0 en la convoocat\u00f2ria del Premi<\/p>\n<p><strong>D\u00eddac Mical\u00f3<\/strong> ha guanyat el <strong>VIII Premi Helena Jubany de narraci\u00f3 curta o recull de contes per a ser explicats<\/strong>, \u00fanic premi existent d\u2019aquestes caracter\u00edstiques, amb L<strong><em>a nit que gaireb\u00e9 em converteixo en tiberi&#8230;<\/em><\/strong><\/p>\n<p>Segons ha exposat <strong>N\u00faria Ribas<\/strong>, representant del jurat, <em>La nit que gaireb\u00e9 em converteixo en tiberi&#8230;<\/em> ha estat premiada, d\u2019entre les 70 obres presentades al concurs, per les raons seg\u00fcents:<\/p>\n<p><!--more--><\/p>\n<p>a) Perqu\u00e8 \u00e9s un text am\u00e8 i divertit de llegir des de bon comen\u00e7ament, amanit, a m\u00e9s, amb un punt d\u2019humor i de sarcasme.<br \/>\nb) Per la seva oralitat. En llegir-lo o escoltar-lo, hom t\u00e9 la sensaci\u00f3 de formar part d\u2019un p\u00fablic al qual el narrador s\u2019est\u00e0 dirigint.<br \/>\nc) Perqu\u00e8 la narraci\u00f3 s\u2019adre\u00e7a a una gran varietat de p\u00fablic. Se\u2019n poden fer moltes lectures, interpretables diversament segons les edats i situacions dels lectors.<br \/>\nd) Perqu\u00e8, tot i que el tema \u00e9s for\u00e7a com\u00fa en la narrativa fant\u00e0stica, sap integrar la ficci\u00f3 en la vida de cada dia amb un domini del relat, el qual transcorre per diferents nivells de la vida quotidiana i s\u2019expressa amb diferents registres, de manera que hi conviuen la quotidianitat i la fantasia.<br \/>\ne) Perqu\u00e8 al llarg de la narraci\u00f3 l\u2019autor sap crear situacions que fan que el protagonista se\u2019n surti en els moments m\u00e9s compromesos.<br \/>\nf) Perqu\u00e8 incita a la curiositat cient\u00edfica i a la imaginaci\u00f3 i fantasia en els infants.<br \/>\ng) Perqu\u00e8 en les refer\u00e8ncies liter\u00e0ries sap igualar els autors forans i els nostrats.<\/p>\n<p><a href=\"http:\/\/helena.jubany.cat\/associacio\/wp-content\/uploads\/2015\/12\/8premihelenajubany2015_-_9.jpg\"><img loading=\"lazy\" decoding=\"async\" class=\"alignright size-medium wp-image-229\" src=\"http:\/\/helena.jubany.cat\/associacio\/wp-content\/uploads\/2015\/12\/8premihelenajubany2015_-_9-300x200.jpg\" alt=\"8premihelenajubany2015_-_9\" width=\"300\" height=\"200\" srcset=\"https:\/\/helena.jubany.cat\/associacio\/wp-content\/uploads\/2015\/12\/8premihelenajubany2015_-_9-300x200.jpg 300w, https:\/\/helena.jubany.cat\/associacio\/wp-content\/uploads\/2015\/12\/8premihelenajubany2015_-_9-768x512.jpg 768w, https:\/\/helena.jubany.cat\/associacio\/wp-content\/uploads\/2015\/12\/8premihelenajubany2015_-_9-1024x682.jpg 1024w, https:\/\/helena.jubany.cat\/associacio\/wp-content\/uploads\/2015\/12\/8premihelenajubany2015_-_9.jpg 1280w\" sizes=\"(max-width: 300px) 100vw, 300px\" \/><\/a>L\u2019acte de lliurament del <strong>VIII Premi Helena Jubany<\/strong>, convocat pel <a href=\"http:\/\/www.ara.cat\/\">Diari ARA<\/a> i l\u2019<a href=\"http:\/\/helena.jubany.cat\/associacio\/\">Associaci\u00f3 Cultural Helena Jubany i Lorente<\/a> s\u2019ha celebrat aquest dimecres, dia 2 de desembre, a 2\/4 de 8 del vespre, a la sala d\u2019actes de la Biblioteca Antoni Comas de Matar\u00f3.<\/p>\n<p>L\u2019acte, al qual han assistit un centenar llarg persones, ha comen\u00e7at amb unes paraules de benvinguda de <strong>S\u00edlvia Barragan<\/strong>, directora de la biblioteca Antoni Comas de Matar\u00f3, i tot seguit <strong>Rosa Fit\u00e9<\/strong>, narradora oral, ha interpretat una adaptaci\u00f3 per a adults d\u2019un dels contes de l\u2019Helena, <strong><em>Pensaments voladors<\/em><\/strong>.<\/p>\n<p>A continuaci\u00f3, <strong>Pep Andreu<\/strong>, presentador d\u2019<a href=\"http:\/\/m1tv.cat\/\"><strong>m1tv<\/strong><\/a> i conductor de l\u2019acte, ha evocat la personalitat d\u2019Helena Jubany, el seu pas per <strong>Televisi\u00f3 de Matar\u00f3<\/strong> i la seva passi\u00f3 per la cultura, especialment, pel m\u00f3n del llibre i la literatura. Tamb\u00e9 ha recordat com encara no s\u2019han aclarit els fets que la van portar a la mort ni l\u2019autoria del crim.<\/p>\n<p><a href=\"http:\/\/helena.jubany.cat\/associacio\/wp-content\/uploads\/2015\/12\/8premihelenajubany2015_-_11.jpg\"><img loading=\"lazy\" decoding=\"async\" class=\"alignright size-medium wp-image-231\" src=\"http:\/\/helena.jubany.cat\/associacio\/wp-content\/uploads\/2015\/12\/8premihelenajubany2015_-_11-300x200.jpg\" alt=\"8premihelenajubany2015_-_11\" width=\"300\" height=\"200\" srcset=\"https:\/\/helena.jubany.cat\/associacio\/wp-content\/uploads\/2015\/12\/8premihelenajubany2015_-_11-300x200.jpg 300w, https:\/\/helena.jubany.cat\/associacio\/wp-content\/uploads\/2015\/12\/8premihelenajubany2015_-_11-768x512.jpg 768w, https:\/\/helena.jubany.cat\/associacio\/wp-content\/uploads\/2015\/12\/8premihelenajubany2015_-_11-1024x682.jpg 1024w, https:\/\/helena.jubany.cat\/associacio\/wp-content\/uploads\/2015\/12\/8premihelenajubany2015_-_11.jpg 1280w\" sizes=\"(max-width: 300px) 100vw, 300px\" \/><\/a>Despr\u00e9s ha pres la paraula <strong>Joan Jubany i Itxart<\/strong>, president de l\u2019Associaci\u00f3 Cultural Helena Jubany i Lorente, que ha glossat el significat i l\u2019objectiu del premi: mantenir viu el record personal i social de l\u2019Helena Jubany, assassinada avui fa catorze anys a Sabadell, apassionada per la literatura i la narraci\u00f3 oral. Tot seguit, N\u00faria Ribas, Directora de la Biblioteca Frederic Alfonso i Orfila de Sentmenat, com a portaveu del jurat, n\u2019ha llegit i comentat l\u2019acta i immediatament despr\u00e9s <strong>D\u00eddac Mical\u00f3<\/strong>, autor de l\u2019obra premiada, ha rebut el guard\u00f3 i s\u2019ha adre\u00e7at als assistents.<\/p>\n<p>D\u00eddac Mical\u00f3, que nom\u00e9s d\u2019obrir la boca ha deixat clar que domina l\u2019art de la paraula, ha manifestat la seva satisfacci\u00f3 per haver guanyat el premi, un premi s\u00f2lid i consistent en paraules seves, i ha encoratjat els qui tenen el cuc de l\u2019escriptura a persistir-hi.<\/p>\n<p>En acabat, ell mateix ha meravellat els assistents amb la lectura d\u2019un fragment de l\u2019inici de l\u2019obra premiada.<\/p>\n<p><strong>L\u2019AJUNTAMENT DE MATAR\u00d3 S\u2019IMPLICAR\u00c0 EN LA CONVOCAT\u00d2RIA DEL PREMI HELENA JUBANY<\/strong><\/p>\n<p><a href=\"http:\/\/helena.jubany.cat\/associacio\/wp-content\/uploads\/2015\/12\/8premihelenajubany2015_-_17.jpg\"><img loading=\"lazy\" decoding=\"async\" class=\"alignright size-medium wp-image-232\" src=\"http:\/\/helena.jubany.cat\/associacio\/wp-content\/uploads\/2015\/12\/8premihelenajubany2015_-_17-300x200.jpg\" alt=\"8premihelenajubany2015_-_17\" width=\"300\" height=\"200\" \/><\/a>Per acabar, <strong>Joaquim Fern\u00e1ndez<\/strong>, Primer Tinent d\u2019Alcalde de l\u2019Ajuntament de Matar\u00f3 i Regidor de Cultura, ha clos l\u2019acte amb unes paraules en record de l\u2019Helena i ha manifestat que atesa la singularitat, consolidaci\u00f3 i notorietat del premi, i el seu inter\u00e8s per la ciutat, a partir de l\u2019any que ve l\u2019Ajuntament s\u2019implicar\u00e0 en convocat\u00f2ria del Premi Helena Jubany.<\/p>\n<p><strong>PUBLICACI\u00d3 DE L\u2019OBRA<\/strong><\/p>\n<p>L\u2019Associaci\u00f3 Helena Jubany pret\u00e9n distribuir gratu\u00eftament l\u2019obra la nit que gaireb\u00e9 em converteixo en tiberi&#8230; amb el diari ARA abans d\u2019acabar l\u2019any. \u00c9s per aix\u00f2 que ha obert un verkami, (<a href=\"http:\/\/vkm.is\/premihjubany\">http:\/\/vkm.is\/premihjubany<\/a>) campanya de micromecenatge, per possibilitar-ne l\u2019edici\u00f3.<\/p>\n<p><strong>L\u2019OBRA<\/strong><\/p>\n<p><strong><em>La nit que gaireb\u00e9 em converteixo en tiberi&#8230;<\/em><\/strong><\/p>\n<p>Has tingut mai la sensaci\u00f3 que alg\u00fa et mirava com si fossis un bistec? Hi ha nits que m\u00e9s valdria no sortir de casa perqu\u00e8 un vampir inesperat et pot agafar desprevingut. Per\u00f2 \u201cels camins de la superviv\u00e8ncia s\u00f3n inescrutables\u201d i un pla prodigi\u00f3s d\u2019\u00faltima hora pot acabar salvant-te la pell&#8230; I per partida doble.<\/p>\n<p>La nit que gaireb\u00e9 em converteixo en tiberi&#8230; se salta tots els t\u00f2pics recurrents de les aventures de vampirs, transportant el seu m\u00f3n fant\u00e0stic a un pla tangible tan real i proper que es fa dif\u00edcil distingir a on comen\u00e7a i a on acaba. Amb una escriptura enginyosa, un toc d\u2019humor constant i una ironia desfermada, ens endinsarem sense adonar-nos-en dins un univers ple de controv\u00e8rsies morals que posaran en dubte tots els nostres principis. Cap a quin costat decantarem la balan\u00e7a? Aquesta \u00e9s la q\u00fcesti\u00f3.<\/p>\n<p><strong>Montse Maestre<\/strong> (diplomada en Magisteri i Educaci\u00f3 Social i llicenciada en Pedagogia, Premi Helena Jubany 2014)<\/p>\n<p><strong>L\u2019AUTOR<\/strong><\/p>\n<p>En D\u00eddac Mical\u00f3 Rebaque (Barcelona, 1972), al llarg de la seva carrera professional ha treballat en coses ben diverses: llicenciat en hist\u00f2ria, ha estat enquestador telef\u00f2nic, t\u00e8cnic de so, cooperant internacional, xanquer, animador de carrer, director de documentals, redactor de productes culturals, regidor d&#8217;escenari, arxiver auxiliar, professor de grups de conversa de catal\u00e0&#8230;<\/p>\n<p>Paral\u00b7lelament, ha anat donant sortida als textos que escriu. Va comen\u00e7ar a fer recitals po\u00e8tics pel circuit m\u00e9s inquiet i inquietant de la ciutat. Despr\u00e9s, amb els mon\u00f2legs del &#8220;malabarista de paraules&#8221;, va ampliar el seu radi d&#8217;acci\u00f3 a les biblioteques. Tamb\u00e9 ha col\u00b7laborat en el gui\u00f3 d&#8217;alguns espectacles de diverses companyies de teatre, de circ i de titelles com Mundomandarina, La Petita Brownie, Toniton&#8230; Ara realitza sessions de contes propis a les biblioteques, organitza tallers d&#8217;escriptura creativa i continua escrivint o, com diu ell mateix, picant pedra i trencant molts piulets.<\/p>\n<p>Aquest \u00e9s el seu segon premi literari. El primer va ser amb el conte infantil Els dimarts, el meu tiet i els Extraterrestres.<\/p>\n<p><strong>EL PREMI HELENA JUBANY<\/strong><\/p>\n<p>La d\u2019enguany \u00e9s la vuitena edici\u00f3 del Premi Helena Jubany. En les set edicions anteriors s\u2019endugueren el premi: <strong>Montse Maestre<\/strong>, de Ripoll, amb <a href=\"http:\/\/helena.jubany.cat\/associacio\/2014\/12\/03\/montse-maestre-i-casadesus-guanya-el-vii-premi-helena-jubany\/\"><em>Tot plegat no \u00e9s el que sembla<\/em><\/a> (2014); <strong>Imma Cabr\u00e9<\/strong>, de Sabadell, amb <a href=\"http:\/\/helena.jubany.cat\/associacio\/2014\/01\/23\/imma-cabre-i-homet-ha-guanyat-el-vi-premi-helena-jubany\/\"><em>Gotes que vessen gots<\/em><\/a> (2013); <strong>Alfred Quintana<\/strong>, de Barcelona, amb <a href=\"http:\/\/helena.jubany.cat\/associacio\/2012\/12\/03\/alfred-quintana-ha-guanyat-el-v-premi-helena-jubany\/\"><em>L\u2019Alemany \u00e9s f\u00e0cil<\/em><\/a> (2012); <strong>Marina Guardiola<\/strong>, de Matar\u00f3, amb <a href=\"http:\/\/helena.jubany.cat\/associacio\/2011\/12\/03\/marina-guardiola-i-bufi-ha-obtingut-el-iv-premi-helena-jubany-2011\/\"><em>Amunt<\/em><\/a> (2011), <strong>Jordi Sol\u00e9<\/strong>, de Sabadell, amb <a href=\"http:\/\/helena.jubany.cat\/associacio\/2010\/12\/03\/jordi-sole-i-comas-guanya-el-iii-premi-helena-jubany-64932070\/\"><em>Blanc<\/em><\/a> (2010); <strong>Joan-Llu\u00eds Moreno i Congost<\/strong>, d\u2019Alacant, amb <a href=\"http:\/\/helena.jubany.cat\/associacio\/2009\/12\/03\/joan-lluis-moreno-i-congost-ha-obtingut-el-ii-premi-helena-jubany\/\"><em>Compta comptes<\/em><\/a>, (2009) i <strong>Xavier Cab\u00fas<\/strong>, de Barcelona, amb <a href=\"http:\/\/helena.jubany.cat\/associacio\/2008\/12\/03\/xavier-cabus-ha-obtingut-el-i-premi-helena-jubany\/\"><em>El karma del carnisser<\/em><\/a> (2008).<\/p>\n<p>Aquest premi literari ha estat creat per mantenir viu el record de l\u2019Helena Jubany i Lorente encomanant el seu gust per la lectura, la creaci\u00f3 liter\u00e0ria i la narraci\u00f3 oral. L\u2019Helena va morir assassinada el dia 2 de desembre de 2001 a Sabadell i tant la policia com la judicatura han desistit d\u2019aclarir els fets i identificar-ne els culpables.<\/p>\n<p>Matar\u00f3, 2 de desembre de 2015<\/p>\n<p>Associaci\u00f3 Cultural Helena Jubany i Lorente<\/p>\n","protected":false},"excerpt":{"rendered":"<p>L\u2019Ajuntament de Matar\u00f3 s\u2019implicar\u00e0 en la convoocat\u00f2ria del Premi D\u00eddac Mical\u00f3 ha guanyat el VIII Premi Helena Jubany de narraci\u00f3 curta o recull de contes per a ser explicats, \u00fanic premi existent d\u2019aquestes caracter\u00edstiques, amb La nit que gaireb\u00e9 em converteixo en tiberi&#8230; Segons ha exposat N\u00faria Ribas, representant del jurat, La nit que gaireb\u00e9 [&hellip;]<\/p>\n","protected":false},"author":1,"featured_media":227,"comment_status":"open","ping_status":"open","sticky":false,"template":"","format":"standard","meta":{"_et_pb_use_builder":"","_et_pb_old_content":"","_et_gb_content_width":"","footnotes":""},"categories":[19],"tags":[26],"class_list":["post-181","post","type-post","status-publish","format-standard","has-post-thumbnail","hentry","category-premi-2015","tag-obres-guanyadores"],"_links":{"self":[{"href":"https:\/\/helena.jubany.cat\/associacio\/wp-json\/wp\/v2\/posts\/181","targetHints":{"allow":["GET"]}}],"collection":[{"href":"https:\/\/helena.jubany.cat\/associacio\/wp-json\/wp\/v2\/posts"}],"about":[{"href":"https:\/\/helena.jubany.cat\/associacio\/wp-json\/wp\/v2\/types\/post"}],"author":[{"embeddable":true,"href":"https:\/\/helena.jubany.cat\/associacio\/wp-json\/wp\/v2\/users\/1"}],"replies":[{"embeddable":true,"href":"https:\/\/helena.jubany.cat\/associacio\/wp-json\/wp\/v2\/comments?post=181"}],"version-history":[{"count":5,"href":"https:\/\/helena.jubany.cat\/associacio\/wp-json\/wp\/v2\/posts\/181\/revisions"}],"predecessor-version":[{"id":4488,"href":"https:\/\/helena.jubany.cat\/associacio\/wp-json\/wp\/v2\/posts\/181\/revisions\/4488"}],"wp:featuredmedia":[{"embeddable":true,"href":"https:\/\/helena.jubany.cat\/associacio\/wp-json\/wp\/v2\/media\/227"}],"wp:attachment":[{"href":"https:\/\/helena.jubany.cat\/associacio\/wp-json\/wp\/v2\/media?parent=181"}],"wp:term":[{"taxonomy":"category","embeddable":true,"href":"https:\/\/helena.jubany.cat\/associacio\/wp-json\/wp\/v2\/categories?post=181"},{"taxonomy":"post_tag","embeddable":true,"href":"https:\/\/helena.jubany.cat\/associacio\/wp-json\/wp\/v2\/tags?post=181"}],"curies":[{"name":"wp","href":"https:\/\/api.w.org\/{rel}","templated":true}]}}