{"id":180,"date":"2015-12-12T16:31:40","date_gmt":"2015-12-12T16:31:40","guid":{"rendered":"http:\/\/www.jubanywp.cat.mialias.net\/associacio\/2015\/12\/12\/veredicte-del-jurat-del-viii-premi-helena-jubany\/"},"modified":"2022-06-04T00:52:37","modified_gmt":"2022-06-04T00:52:37","slug":"veredicte-del-jurat-del-viii-premi-helena-jubany","status":"publish","type":"post","link":"https:\/\/helena.jubany.cat\/associacio\/veredicte-del-jurat-del-viii-premi-helena-jubany\/","title":{"rendered":"Veredicte del jurat del VIII Premi Helena Jubany"},"content":{"rendered":"<p>Reunits a l\u2019Institut de Batxillerat Laia l\u2019Arquera de Matar\u00f3 a les 7 del vespre del dia 19 de novembre de 2015, els membres del Jurat \u2013format per Elvira Carri\u00f3, Llu\u00efsa Esteve, Esteve Guardiola, Montse Maestre. N\u00faria Ribas, Roser Ros, Lloren\u00e7 Soldevila, Roser Trilla i Joan Jubany, que actua com a secretari amb veu per\u00f2 sense vot\u2013 inicien el procediment per triar l\u2019obra guanyadora del VIII Premi Helena Jubany de narraci\u00f3 curta o recull de contes per a ser explicats, al qual s\u2019han presentat 70 treballs.<\/p>\n<p><!--more--><\/p>\n<p>Per comen\u00e7ar, cada membre del Jurat manifesta quins s\u00f3n els originals que considera que poden optar a ser premiats.<\/p>\n<p>Els textos que els membres del Jurat mencionen com a aspirants al premi s\u00f3n els seg\u00fcents, relacionats per nombre de mencions i ordre de presentaci\u00f3 al concurs:<\/p>\n<p>o amb una menci\u00f3, <em>Qwerty<\/em>,<em> La signatura del Demi\u00fcrg<\/em>,\u00a0 <em>Una m\u00e0 blanca<\/em>, <em>Tot d\u2019un plegat es va fer fosc<\/em> i <em>Diari m\u00e0gic<\/em>;<br \/>\no amb dues mencions, <em>Contes que explicava als pares quan no podia dormir<\/em>, <em>El mocador<\/em>, <em>El cotxe de l\u00ednia<\/em>, <em>L\u2019entom\u00f2leg<\/em>, L\u2019\u00faltima voluntat i <em>Diari d\u2019un viatger del temps<\/em>;<br \/>\no i amb tres mencions, <em>Audrey Ram\u00edrez<\/em>, <em>Els cigrons del golf<\/em> i <em>La nit que gaireb\u00e9 em converteixo en tiberi&#8230;<\/em><\/p>\n<p>Despr\u00e9s de parlar-ne convenientment, el Jurat decideix centrar el seu debat en els tres relats que han obtingut tres mencions cadascun.<\/p>\n<p>Un cop exposades i comentades les caracter\u00edstiques de cadascun d\u2019ells, els membres del Jurat acorden per unanimitat atorgar el VIII Premi Helena Jubany a l\u2019obra titulada La nit que gaireb\u00e9 em converteixo en tiberi&#8230; per les raons que s\u2019exposen a continuaci\u00f3.<\/p>\n<p>o Perqu\u00e8 \u00e9s un text am\u00e8 i divertit de llegir des de bon comen\u00e7ament, amanit, a m\u00e9s, amb un punt d\u2019humor i de sarcasme.<\/p>\n<p>o Per la seva oralitat. En llegir-lo o escoltar-lo, hom t\u00e9 la sensaci\u00f3 de formar part d\u2019un p\u00fablic al qual el narrador s\u2019est\u00e0 dirigint.<\/p>\n<p>o Perqu\u00e8 la narraci\u00f3 s\u2019adre\u00e7a a una gran varietat de p\u00fablic. Se\u2019n poden fer moltes lectures, interpretables diversament segons les edats i situacions dels lectors.<\/p>\n<p>o Perqu\u00e8, tot i que el tema \u00e9s for\u00e7a com\u00fa en la narrativa fant\u00e0stica, sap integrar la ficci\u00f3 en la vida de cada dia amb un domini del relat, el qual transcorre per diferents nivells de la vida quotidiana i s\u2019expressa amb diferents registres, de manera que hi conviuen la quotidianitat i la fantasia<\/p>\n<p>o Perqu\u00e8 al llarg de la narraci\u00f3 l\u2019autor sap crear situacions que fan que el protagonista se\u2019n surti en els moments m\u00e9s compromesos.<\/p>\n<p>o Perqu\u00e8 incita a la curiositat cient\u00edfica i a la imaginaci\u00f3 i fantasia en els infants.<\/p>\n<p>o Perqu\u00e8 en les refer\u00e8ncies liter\u00e0ries sap igualar els autors forans i els nostrats.<\/p>\n<p>Un cop oberta la plica que acompanya els originals, resulta que l\u2019autor de l\u2019obra premiada \u00e9s D\u00eddac Mical\u00f3 i Rebaque.<\/p>\n<p>I a tres quarts i deu de nou del vespre es clou la reuni\u00f3.<\/p>\n<p>Signen els membres del Jurat:<\/p>\n<p>Elvira Carri\u00f3, Llu\u00efsa Esteve, Esteve Guardiola, Montse Maestre, N\u00faria Ribas, Roser Ros, Lloren\u00e7 Soldevila, Roser Trilla\u00a0\u00a0 \u00a0i Joan Jubany i Itxart<\/p>\n","protected":false},"excerpt":{"rendered":"<p>Reunits a l\u2019Institut de Batxillerat Laia l\u2019Arquera de Matar\u00f3 a les 7 del vespre del dia 19 de novembre de 2015, els membres del Jurat \u2013format per Elvira Carri\u00f3, Llu\u00efsa Esteve, Esteve Guardiola, Montse Maestre. N\u00faria Ribas, Roser Ros, Lloren\u00e7 Soldevila, Roser Trilla i Joan Jubany, que actua com a secretari amb veu per\u00f2 sense [&hellip;]<\/p>\n","protected":false},"author":1,"featured_media":232,"comment_status":"open","ping_status":"open","sticky":false,"template":"","format":"standard","meta":{"_et_pb_use_builder":"","_et_pb_old_content":"","_et_gb_content_width":"","footnotes":""},"categories":[19],"tags":[27],"class_list":["post-180","post","type-post","status-publish","format-standard","has-post-thumbnail","hentry","category-premi-2015","tag-veredictes-del-jurat"],"_links":{"self":[{"href":"https:\/\/helena.jubany.cat\/associacio\/wp-json\/wp\/v2\/posts\/180","targetHints":{"allow":["GET"]}}],"collection":[{"href":"https:\/\/helena.jubany.cat\/associacio\/wp-json\/wp\/v2\/posts"}],"about":[{"href":"https:\/\/helena.jubany.cat\/associacio\/wp-json\/wp\/v2\/types\/post"}],"author":[{"embeddable":true,"href":"https:\/\/helena.jubany.cat\/associacio\/wp-json\/wp\/v2\/users\/1"}],"replies":[{"embeddable":true,"href":"https:\/\/helena.jubany.cat\/associacio\/wp-json\/wp\/v2\/comments?post=180"}],"version-history":[{"count":2,"href":"https:\/\/helena.jubany.cat\/associacio\/wp-json\/wp\/v2\/posts\/180\/revisions"}],"predecessor-version":[{"id":3059,"href":"https:\/\/helena.jubany.cat\/associacio\/wp-json\/wp\/v2\/posts\/180\/revisions\/3059"}],"wp:featuredmedia":[{"embeddable":true,"href":"https:\/\/helena.jubany.cat\/associacio\/wp-json\/wp\/v2\/media\/232"}],"wp:attachment":[{"href":"https:\/\/helena.jubany.cat\/associacio\/wp-json\/wp\/v2\/media?parent=180"}],"wp:term":[{"taxonomy":"category","embeddable":true,"href":"https:\/\/helena.jubany.cat\/associacio\/wp-json\/wp\/v2\/categories?post=180"},{"taxonomy":"post_tag","embeddable":true,"href":"https:\/\/helena.jubany.cat\/associacio\/wp-json\/wp\/v2\/tags?post=180"}],"curies":[{"name":"wp","href":"https:\/\/api.w.org\/{rel}","templated":true}]}}