{"id":179,"date":"2015-02-28T00:41:44","date_gmt":"2015-02-28T00:41:44","guid":{"rendered":"http:\/\/www.jubanywp.cat.mialias.net\/associacio\/2015\/02\/28\/bases-premi-2015\/"},"modified":"2023-12-06T19:06:39","modified_gmt":"2023-12-06T19:06:39","slug":"bases-2015","status":"publish","type":"post","link":"https:\/\/helena.jubany.cat\/associacio\/bases-2015\/","title":{"rendered":"Bases VIII Premi literari Helena Jubany (2015)"},"content":{"rendered":"<p>El <strong>diari ARA<\/strong> i l\u2019<strong>associaci\u00f3 cultural Helena Jubany i Lorente<\/strong>, amb la finalitat de mantenir viu el record de l\u2019Helena, enamorada del m\u00f3n dels llibres des de tots els angles (lectora obstinada, periodista de cr\u00f2niques culturals, llibretera, bibliotec\u00e0ria, autora de ressenyes, correctora, escriptora novella i narradora de contes), i d\u2019encomanar el seu gust per la lectura i la ficci\u00f3 liter\u00e0ria tant en el vessant escrit com en el de la transmissi\u00f3 oral, convoca el <strong>VIII Premi Helena Jubany de narraci\u00f3 curta o recull de contes per a ser explicats<\/strong> d\u2019acord amb les bases seg\u00fcents:<\/p>\n<p><a href=\"http:\/\/helena.jubany.cat\/associacio\/wp-content\/uploads\/2015\/02\/bases_VIII_premi_helena_jubany-2015-br.pdf\">Bases VIII premi Helena Jubany (2015)<\/a><\/p>\n<p><!--more--><\/p>\n<h2>1. PARTICIPANTS<\/h2>\n<p>Hi podran optar al tots els treballs consistents en narracions curtes o reculls de contes in\u00e8dits, originals i escrits en llengua catalana, que tinguin, en conjunt, una extensi\u00f3 d\u2019entre 10 i 20 fulls que continguin com a m\u00ednim 21000 car\u00e0cters, espais inclosos, i que no hagin estat premiats en altres concursos.<\/p>\n<p>L\u2019autoria pot ser individual o col\u00b7lectiva i cada autor podr\u00e0 presentar nom\u00e9s una obra. No podran participar en aquest concurs les persones que ja hagin obtingut el Premi Helena Jubany en anys anteriors. El fet de participar-hi implica la total acceptaci\u00f3 d\u2019aquestes bases.<\/p>\n<h2>2. LES OBRES<\/h2>\n<p>Les obres presentades han d\u2019anar adre\u00e7ades a un p\u00fablic que tingui de 12 a 99 anys.<\/p>\n<h2>3. EL PREMI<\/h2>\n<p>El premi consistir\u00e0 en 3.000 euros i la publicaci\u00f3 de l\u2019obra amb el diari ARA.<\/p>\n<h2>4. PRESENTACI\u00d3 D\u2019ORIGINALS<\/h2>\n<p>Els originals es presentaran en cinc c\u00f2pies, mecanografiats en fulls DIN A4 escrits per una sola cara, a doble espai, amb lletra tipus Times New Roman de cos 12 i degudament relligats. F\u00f3ra bo que se\u2019n present\u00e9s tamb\u00e9 una versi\u00f3 oral enregistrada en un DVD o en MP3 (la veu pot ser la de l\u2019autor o la d\u2019una altra persona).<\/p>\n<p>Les obres hauran de tenir t\u00edtol i aniran signades amb pseud\u00f2nim. S\u2019hauran de presentar acompanyades d\u2019una plica amb el t\u00edtol; a dins hi haur\u00e0: a) el nom i cognoms de l\u2019autor; b) el NIF o el n\u00famero del passaport, o el de qualsevol altre document identificatiu; c) l\u2019adre\u00e7a postal i l\u2019electr\u00f2nica; i d) el tel\u00e8fon.<\/p>\n<p>Els treballs hauran de ser tramesos a Les Esmandies Casal de Barri, ronda d\u2019O\u2019Donnell 94, 08302-Matar\u00f3, amb la refer\u00e8ncia \u201cVIII Premi Helena Jubany\u201d. Tamb\u00e9 se n\u2019ha d\u2019enviar una c\u00f2pia en format digital, en versi\u00f3 Open Office o Microsoft Word, a l\u2019adre\u00e7a electr\u00f2nica seg\u00fcent: <a href=\"mailto:helena@jubany.cat.\">helena@jubany.cat.<\/a><\/p>\n<p>El termini d\u2019admissi\u00f3 dels treballs es clour\u00e0 el dia 1 d\u2019octubre de 2015.<\/p>\n<h2>5. EL JURAT<\/h2>\n<p>El jurat estar\u00e0 format per Elvira Carri\u00f3, directora de l\u2019IB Pla d\u2019en Boet, Esteve Guardiola, llibreter i narrador oral, Lloren\u00e7 Soldevila, professor de la Universitat de Vic, Llu\u00efsa Esteve, bibliotec\u00e0ria i professora, Montse Maestre, guanyadora del VII Premi Helena Jubany, N\u00faria Ribas, directora de la biblioteca de Sentmenat, Roser Ros, presidenta de Tant\u00e0gora, Roser Trilla, professora de llengua i literatura de l\u2019IB A. Satorras, i Joan Jubany, que actuar\u00e0 de secretari amb veu per\u00f2 sense vot.<\/p>\n<p>A l\u2019hora d\u2019emetre el veredicte, el jurat tindr\u00e0 en compte la qualitat liter\u00e0ria de les obres presentades i el fet que tinguin caracter\u00edstiques tals que les facin adequades per ser transmeses oralment.<\/p>\n<p>El premi i la dotaci\u00f3 \u00e9s indivisible i el veredicte \u00e9s inapel\u00b7lable. El jurat podr\u00e0 declarar desert el premi si considera que cap de les obres presentades no n\u2019\u00e9s mereixedora. Tamb\u00e9 t\u00e9 la facultat d\u2019interpretar aquestes bases i de suplir-ne les llacunes com cregui convenient.<\/p>\n<h2>6. LLIURAMENT DEL PREMI<\/h2>\n<p>El lliurament del premi es far\u00e0 el dia 2 de desembre de 2015 al lloc i hora que es faran p\u00fablics oportunament.<\/p>\n<p>El guanyador es compromet a assistir a l\u2019acte de lliurament del premi. Davant la impossibilitat d\u2019assistir-hi personalment, podr\u00e0 delegar, per escrit, la seva representaci\u00f3 en una altra persona.<\/p>\n<h2>7. PUBLICACI\u00d3 DE L\u2019OBRA<\/h2>\n<p>L\u2019atorgament del premi implica: a) que l\u2019obra ser\u00e0 publicada amb el diari ARA el dia i en la forma que l\u2019ARA estimi oport\u00fa i distribu\u00efda gratu\u00eftament; b) que la dotaci\u00f3 de l\u2019obra \u00e9s a compte dels drets d\u2019autor; c) que en cas de dur-se a terme una publicaci\u00f3 a part de la que far\u00e0 el diari ARA, l\u2019autor guardonat s\u2019obliga a subscriure el contracte o contractes d\u2019edici\u00f3, de cessi\u00f3 de drets d\u2019explotaci\u00f3 sobre l\u2019obra premiada i tots els documents que calgui per formalitzar oportunament les cessions.<\/p>\n<h2>8. RETORN D\u2019ORIGINALS<\/h2>\n<p>Els originals no premiats es podran recollir, havent avisat amb anterioritat, a Les Esmandies Casal de Barri de Matar\u00f3 en un termini m\u00e0xim de dos mesos a comptar des de la data de lliurament del premi. Un cop transcorregut aquest termini, l\u2019organitzaci\u00f3 entendr\u00e0 que els autors hi renuncien i els destruir\u00e0. Els autors que vulguin rebre els exemplars per correu hauran d\u2019assumir les despeses d\u2019enviament.<\/p>\n<p>Matar\u00f3, 27 febrer de 2015<\/p>\n<p>Convoquen: diari ARA i Associaci\u00f3 cultural Helena Jubany i Lorente<\/p>\n<p>Amb el suport de l\u2019Ajuntament de Matar\u00f3 i la col\u00b7laboraci\u00f3 de: les Esmandies Casal de Barri de Matar\u00f3, la Biblioteca Frederic Alonso i Orfila de Sentmenat, Tant\u00e0gora de Barcelona, i \u00c0gora Espai Cultural de Sabadell<\/p>\n<p><a href=\"http:\/\/helena.jubany.cat\/associacio\/wp-content\/uploads\/2015\/02\/bases_VIII_premi_helena_jubany-2015-br.pdf\">Bases VIII premi Helena Jubany (2015)<\/a><\/p>\n","protected":false},"excerpt":{"rendered":"<p>El diari ARA i l\u2019associaci\u00f3 cultural Helena Jubany i Lorente, amb la finalitat de mantenir viu el record de l\u2019Helena, enamorada del m\u00f3n dels llibres des de tots els angles (lectora obstinada, periodista de cr\u00f2niques culturals, llibretera, bibliotec\u00e0ria, autora de ressenyes, correctora, escriptora novella i narradora de contes), i d\u2019encomanar el seu gust per la [&hellip;]<\/p>\n","protected":false},"author":1,"featured_media":235,"comment_status":"open","ping_status":"open","sticky":false,"template":"","format":"standard","meta":{"_et_pb_use_builder":"","_et_pb_old_content":"","_et_gb_content_width":"","footnotes":""},"categories":[19],"tags":[25],"class_list":["post-179","post","type-post","status-publish","format-standard","has-post-thumbnail","hentry","category-premi-2015","tag-bases-del-premi"],"_links":{"self":[{"href":"https:\/\/helena.jubany.cat\/associacio\/wp-json\/wp\/v2\/posts\/179","targetHints":{"allow":["GET"]}}],"collection":[{"href":"https:\/\/helena.jubany.cat\/associacio\/wp-json\/wp\/v2\/posts"}],"about":[{"href":"https:\/\/helena.jubany.cat\/associacio\/wp-json\/wp\/v2\/types\/post"}],"author":[{"embeddable":true,"href":"https:\/\/helena.jubany.cat\/associacio\/wp-json\/wp\/v2\/users\/1"}],"replies":[{"embeddable":true,"href":"https:\/\/helena.jubany.cat\/associacio\/wp-json\/wp\/v2\/comments?post=179"}],"version-history":[{"count":6,"href":"https:\/\/helena.jubany.cat\/associacio\/wp-json\/wp\/v2\/posts\/179\/revisions"}],"predecessor-version":[{"id":4493,"href":"https:\/\/helena.jubany.cat\/associacio\/wp-json\/wp\/v2\/posts\/179\/revisions\/4493"}],"wp:featuredmedia":[{"embeddable":true,"href":"https:\/\/helena.jubany.cat\/associacio\/wp-json\/wp\/v2\/media\/235"}],"wp:attachment":[{"href":"https:\/\/helena.jubany.cat\/associacio\/wp-json\/wp\/v2\/media?parent=179"}],"wp:term":[{"taxonomy":"category","embeddable":true,"href":"https:\/\/helena.jubany.cat\/associacio\/wp-json\/wp\/v2\/categories?post=179"},{"taxonomy":"post_tag","embeddable":true,"href":"https:\/\/helena.jubany.cat\/associacio\/wp-json\/wp\/v2\/tags?post=179"}],"curies":[{"name":"wp","href":"https:\/\/api.w.org\/{rel}","templated":true}]}}