{"id":177,"date":"2014-12-03T09:49:16","date_gmt":"2014-12-03T09:49:16","guid":{"rendered":"http:\/\/www.jubanywp.cat.mialias.net\/associacio\/2014\/12\/03\/montse-maestre-i-casadesus-guanya-el-vii-premi-helena-jubany\/"},"modified":"2023-12-06T19:03:55","modified_gmt":"2023-12-06T19:03:55","slug":"montse-maestre-7-premi-helena-jubany","status":"publish","type":"post","link":"https:\/\/helena.jubany.cat\/associacio\/montse-maestre-7-premi-helena-jubany\/","title":{"rendered":"Montse Maestre i Casades\u00fas guanya el VII Premi Helena Jubany amb l&#8217;obra &#8220;Tot plegat no \u00e9s el que sembla&#8221;"},"content":{"rendered":"<p><strong>Montse Maestre<\/strong> ha guanyat el <strong>VII Premi Helena Jubany<\/strong> de narraci\u00f3 curta o recull de contes per a ser explicats, \u00fanic premi existent d\u2019aquestes caracter\u00edstiques, amb <em><strong>Tot plegat no \u00e9s el que sembla<\/strong><\/em>, una narraci\u00f3 a dues veus que ens conta una hist\u00f2ria d\u2019intriga en qu\u00e8 els fets es van accelerant a mesura que ens acostem a un final totalment inesperat.<\/p>\n<p>Segons ha exposat <strong>Elvira Carri\u00f3<\/strong>, representant del jurat, <em><strong>Tot plegat no \u00e9s el que sembla<\/strong><\/em> ha estat premiada, d\u2019entre les <strong>74 obres presentades<\/strong> al concurs, per les raons seg\u00fcents:<\/p>\n<p><!--more--><\/p>\n<p><a href=\"http:\/\/helena.jubany.cat\/associacio\/wp-content\/uploads\/2014\/12\/IMG_6286-1.jpg\"><img loading=\"lazy\" decoding=\"async\" class=\"alignright size-medium wp-image-242\" src=\"http:\/\/helena.jubany.cat\/associacio\/wp-content\/uploads\/2014\/12\/IMG_6286-1-200x300.jpg\" alt=\"Montse Maestre, guanyadora del VII Premi Helena Jubany de narraci\u00f3 curta o recull de contes per a ser explicats\" width=\"200\" height=\"300\" srcset=\"https:\/\/helena.jubany.cat\/associacio\/wp-content\/uploads\/2014\/12\/IMG_6286-1-200x300.jpg 200w, https:\/\/helena.jubany.cat\/associacio\/wp-content\/uploads\/2014\/12\/IMG_6286-1-768x1152.jpg 768w, https:\/\/helena.jubany.cat\/associacio\/wp-content\/uploads\/2014\/12\/IMG_6286-1-682x1024.jpg 682w, https:\/\/helena.jubany.cat\/associacio\/wp-content\/uploads\/2014\/12\/IMG_6286-1.jpg 853w\" sizes=\"(max-width: 200px) 100vw, 200px\" \/><\/a>a) Pel joc de veus narratives que focalitzen el relat a partir de dos punts de vista expressats per boca de sengles personatges que amb un exercici de complexitat, espontane\u00eftat i senzillesa alhora entrelliguen la narraci\u00f3 dels fets amb mon\u00f2legs interiors i pensaments sobre les emocions de l\u2019altre.<\/p>\n<p>b) Perqu\u00e8 el text ens ofereix una hist\u00f2ria d\u2019intriga molt ben estructurada i ben travada, amb un relat internament din\u00e0mic, en qu\u00e8, a mesura que se\u2019n descabdella la trama, es van accelerant els esdeveniments, i les sensacions i emocions dels personatges.<\/p>\n<p>c) Per la varietat i riquesa del llenguatge emprat, reblert d\u2019imatges, i que combina diversos registres i parlars.<\/p>\n<p>d) Per l\u2019\u00fas d\u2019una llengua col\u00b7loquial, fresca i genu\u00efna.<\/p>\n<p>e) Per les refer\u00e8ncies liter\u00e0ries i musicals que cont\u00e9.<\/p>\n<p>f) Pel seu final inesperat.<\/p>\n<p>g) I pel missatge positiu que ens aporta, com \u00e9s que l\u2019amor pot canviar el dest\u00ed de les persones.<\/p>\n<p><a href=\"http:\/\/helena.jubany.cat\/associacio\/wp-content\/uploads\/2014\/12\/IMG_6248-1.jpg\"><img loading=\"lazy\" decoding=\"async\" class=\"alignright size-medium wp-image-246\" src=\"http:\/\/helena.jubany.cat\/associacio\/wp-content\/uploads\/2014\/12\/IMG_6248-1-300x200.jpg\" alt=\"Joan Jubany i Itxart, president de l'Associaci\u00f3 Helena Jubany, acompanyat per l'alcalde de Matar\u00f3, Joan Mora\" width=\"300\" height=\"200\" srcset=\"https:\/\/helena.jubany.cat\/associacio\/wp-content\/uploads\/2014\/12\/IMG_6248-1-300x200.jpg 300w, https:\/\/helena.jubany.cat\/associacio\/wp-content\/uploads\/2014\/12\/IMG_6248-1-768x512.jpg 768w, https:\/\/helena.jubany.cat\/associacio\/wp-content\/uploads\/2014\/12\/IMG_6248-1-1024x682.jpg 1024w, https:\/\/helena.jubany.cat\/associacio\/wp-content\/uploads\/2014\/12\/IMG_6248-1.jpg 1280w\" sizes=\"(max-width: 300px) 100vw, 300px\" \/><\/a>L\u2019acte de lliurament del <strong>VII Premi Helena Jubany<\/strong>, convocat per l\u2019<strong>Associaci\u00f3 Cultural Helena Jubany i Lorente<\/strong> s\u2019ha celebrat dimarts, dia 2 de desembre, a 2\/4 de 8 del vespre, a la sala d\u2019actes de la <strong>Biblioteca Antoni Comas de Matar\u00f3<\/strong>.<\/p>\n<p>L\u2019acte, al qual han assistit unes setanta persones, ha comen\u00e7at amb unes paraules de benvinguda de <strong>S\u00edlvia Barragan<\/strong>, directora de la biblioteca Antoni Comas de Matar\u00f3, i l\u2019ha condu\u00eft <strong>Pep Andreu<\/strong>, presentador d\u2019<a href=\"http:\/\/m1tv.xiptv.cat\/\">m1tv<\/a>, que ha evocat la personalitat d\u2019Helena Jubany i els fets encara no aclarits que la van portar a la mort.<\/p>\n<p><a href=\"http:\/\/helena.jubany.cat\/associacio\/wp-content\/uploads\/2014\/12\/IMG_6252-1.jpg\"><img loading=\"lazy\" decoding=\"async\" class=\"alignright size-medium wp-image-245\" src=\"http:\/\/helena.jubany.cat\/associacio\/wp-content\/uploads\/2014\/12\/IMG_6252-1-300x200.jpg\" alt=\"Joan Jubany i Itxart, president de l'Associaci\u00f3 Helena Jubany, acompanyat per l'alcalde de Matar\u00f3, Joan Mora\" width=\"300\" height=\"200\" srcset=\"https:\/\/helena.jubany.cat\/associacio\/wp-content\/uploads\/2014\/12\/IMG_6252-1-300x200.jpg 300w, https:\/\/helena.jubany.cat\/associacio\/wp-content\/uploads\/2014\/12\/IMG_6252-1-768x512.jpg 768w, https:\/\/helena.jubany.cat\/associacio\/wp-content\/uploads\/2014\/12\/IMG_6252-1-1024x682.jpg 1024w, https:\/\/helena.jubany.cat\/associacio\/wp-content\/uploads\/2014\/12\/IMG_6252-1.jpg 1280w\" sizes=\"(max-width: 300px) 100vw, 300px\" \/><\/a>Despr\u00e9s ha pres la paraula <strong>Joan Jubany i Itxart<\/strong>, president de l\u2019<strong>Associaci\u00f3 Cultural Helena Jubany i Lorente<\/strong>, que ha glossat el significat i l\u2019objectiu del premi: mantenir viu el record personal i social de l\u2019Helena Jubany, assassinada avui fa tretze anys a Sabadell, apassionada per la literatura i la narraci\u00f3 oral.<\/p>\n<p>Tot seguit, <strong>Elvira Carri\u00f3<\/strong>, directora de l\u2019Institut Laia l\u2019Arquera, com a portaveu del jurat, n\u2019ha llegit i comentat l\u2019acta i immediatament despr\u00e9s <strong>Montse Maestre<\/strong>, autora del relat, ha rebut el guard\u00f3 i s\u2019ha adre\u00e7at als assistents.<\/p>\n<p><strong>Montse Maestre<\/strong> ha donat molta import\u00e0ncia al premi perqu\u00e8, a part del valor literari, t\u00e9 una hist\u00f2ria al darrere amb la qual se sent molt identificada: l\u2019Helena era una dona jove, apassionada per la literatura, i escrivia hist\u00f2ries que transmeten valors. Despr\u00e9s de dir que \u201cMai hi haur\u00e0 pau en el silenci\u201d, Montse Maestre ha volgut donar suport a la lluita de la fam\u00edlia i els amics de l\u2019Helena.<\/p>\n<p>En acabat, la mateixa autora i el seu company de professi\u00f3, <strong>Roger Usart<\/strong>, han llegit a dues veus un fragment de la narraci\u00f3 premiada.<\/p>\n<p>Per acabar, <strong>Joan Mora<\/strong>, Alcalde de Matar\u00f3, ha clos l\u2019acte amb unes paraules en record de l\u2019Helena i ha mostrat la seva empatia amb les persones que la van con\u00e8ixer i estimar.<\/p>\n<p>\u00c9s previst que l\u2019obra <em><strong>Tot plegat no \u00e9s el que sembla<\/strong><\/em> sigui distribu\u00efda gratu\u00eftament en forma de llibret amb el <a href=\"http:\/\/www.ara.cat\/\"><strong>diari ARA<\/strong><\/a>, coconvocant del premi, el divendres dia 19 de desembre. Aix\u00f2 ser\u00e0 possible gr\u00e0cies a un projecte de micromecenatge a trav\u00e9s de <a href=\"http:\/\/www.verkami.com\/locale\/ca\/projects\/8430-publicacio-llibret-vii-premi-helena-jubany\"><strong>Verkami<\/strong><\/a>, que ha fet possible que 181 persones hi donessin suport.<\/p>\n<p><span style=\"color: #cc0000;\"><strong>L\u2019OBRA<\/strong><\/span><\/p>\n<p><strong><em>Tot plegat no \u00e9s el que sembla<\/em><\/strong><\/p>\n<p>\u00abEl cam\u00ed cap al carrer Estret n\u00famero 12 no t\u00e9 giravolts, no es veu on comen\u00e7a, ni es distingeix on acaba\u00bb. Un carrer, que podr\u00edem situar a Palafrugell, com la novel\u00b7la de Josep Pla, per\u00f2 tamb\u00e9 a moltes altres ciutats\u00a0 i viles del nostre pa\u00eds, perqu\u00e8 res no \u00e9s el que sembla. Un jove periodista hi arriba, arrossegant una maleta i carregat de somnis. Resseguint els anuncis trobar\u00e0 una feina molt especial que li aportar\u00e0 problemes de consci\u00e8ncia, desobedi\u00e8ncia, intriga criminal i l&#8217;amor. Per\u00f2 \u00e9s ell el protagonista de la hist\u00f2ria? O ho \u00e9s la noia dels cabells recollits, el mallot negre i les mitges fines \u00abque es belluga com si camin\u00e9s damunt un llac d&#8217;aigua gelada\u00bb?<\/p>\n<p>Haureu de llegir el relat fins al final, perqu\u00e8 l&#8217;autora es valdr\u00e0 de totes les seves armes per seduir-vos: la sensualitat, la vida quotidiana amb un toc de m\u00e0gia, la m\u00fasica i la literatura. I no desvetllar\u00e0 el seu secret fins a l\u2019\u00faltima p\u00e0gina, la n\u00famero &#8230;, perqu\u00e8 tot plegat no \u00e9s el que sembla.<\/p>\n<p><strong>Llu\u00efsa Esteve<\/strong> (llicenciada en filologia hisp\u00e0nica i membre del jurat del premi Helena Jubany)<\/p>\n<p><span style=\"color: #cc0000;\"><strong>L\u2019AUTORA<\/strong><\/span><\/p>\n<p><strong>Montse Maestre i Casades\u00fas<\/strong> (Ripoll, 1980) prepara a dia d\u2019avui la seva primera novel\u00b7la basada en la corrupci\u00f3 i la lluita de classes. Despr\u00e9s d\u2019obtenir un primer, un segon i un tercer premi als Jocs Florals de Montesquiu en relat breu i un primer de poesia en els Jocs Florals de Campdev\u00e0nol, ha seguit durant quatre anys l\u2019itinerari de novel\u00b7la de l\u2019Escola d\u2019Escriptura de l\u2019Ateneu Barcelon\u00e8s. Ha estat membre del grup d\u2019escriptura Conte(a)gotes de la Universitat de Vic i ha col\u00b7laborat amb el setmanari <a href=\"https:\/\/directa.cat\/\">la Directa<\/a>.<\/p>\n<p>Diplomada en Magisteri i Educaci\u00f3 Social i llicenciada en Pedagogia, treballa a temps parcial en una escola rural del Llu\u00e7an\u00e8s com a mestra de prim\u00e0ria i dedica l\u2019altra meitat de jornada a escriure. S\u2019interessa per la lectura, l\u2019agricultura ecol\u00f2gica, la natura, la m\u00fasica, l\u2019intercanvi cultural i per qualsevol causa que ajudi a deixar un m\u00f3n m\u00e9s bonic on viure.<\/p>\n<p><span style=\"color: #cc0000;\"><strong>EL PREMI HELENA JUBANY<\/strong><\/span><\/p>\n<p>La d\u2019enguany \u00e9s la setena edici\u00f3 del Premi Helena Jubany. En les sis edicions anteriors els guanyadors foren Imma Cabr\u00e9 (amb <em>Gotes que vessen gots<\/em>), Alfred Quintana (amb <em>L\u2019Alemany \u00e9s f\u00e0cil<\/em>, 2012), Marina Guardiola (amb <em>Amunt<\/em>, 2011), Jordi Sol\u00e9 (amb <em>Blanc<\/em>, 2010), Joan-Llu\u00eds Moreno i Congost (amb <em>Compta comptes<\/em>, 2009) i Xavier Cab\u00fas (amb <em>El karma del carnisser<\/em>, 2008).<\/p>\n<p>Aquest premi literari ha estat creat per mantenir viu el record de l\u2019Helena Jubany i Lorente encomanant el seu gust per la lectura, la creaci\u00f3 liter\u00e0ria i la narraci\u00f3 oral. L\u2019Helena va ser assassinada el dia 2 de desembre de 2001 a Sabadell i tant la policia com la judicatura han desistit d\u2019aclarir els fets i identificar els culpables de la seva mort.<\/p>\n<p>Matar\u00f3, 2 de desembre de 2014<\/p>\n<hr id=\"mce-hr-marker\" \/>\n<p>&gt; <a href=\"https:\/\/www.facebook.com\/media\/set\/?set=a.877211012297832.1073741827.288654964486776\">Galeria de fotos a Facebook<\/a><\/p>\n<hr id=\"mce-hr-marker\" \/>\n<p>NOT\u00cdCIES DE PREMSA:<\/p>\n<p>[Matar\u00f3 R\u00e0dio] <a href=\"http:\/\/mataroradio.cat\/mataronoticies\/cultura\/noticia\/montse-maestre-aquest-premi-s-un-impuls-la-meva-traject-ria-com\">Montse Maestre: &#8220;aquest premi \u00e9s un impuls a la meva traject\u00f2ria com a escriptora&#8221;<\/a><\/p>\n<p>[capgr\u00f2s.com] <a href=\"http:\/\/www.capgros.com\/noticies\/detall.asp?id_noticia_portal=36598&amp;sec=78&amp;portada=1\">La ripollenca Montse Maestre guanya el Premi Helena Jubany<\/a><\/p>\n<p>[elripoll\u00e8s.info] <a href=\"http:\/\/www.naciodigital.cat\/elripolles\/noticia\/25349\/montse\/maestre\/guanyadora\/premi\/helena\/jubany\">Montse Maestre, guanyadora del Premi Helena Jubany<\/a><\/p>\n","protected":false},"excerpt":{"rendered":"<p>Montse Maestre ha guanyat el VII Premi Helena Jubany de narraci\u00f3 curta o recull de contes per a ser explicats, \u00fanic premi existent d\u2019aquestes caracter\u00edstiques, amb Tot plegat no \u00e9s el que sembla, una narraci\u00f3 a dues veus que ens conta una hist\u00f2ria d\u2019intriga en qu\u00e8 els fets es van accelerant a mesura que ens [&hellip;]<\/p>\n","protected":false},"author":1,"featured_media":241,"comment_status":"open","ping_status":"open","sticky":false,"template":"","format":"standard","meta":{"_et_pb_use_builder":"","_et_pb_old_content":"","_et_gb_content_width":"","footnotes":""},"categories":[3],"tags":[26],"class_list":["post-177","post","type-post","status-publish","format-standard","has-post-thumbnail","hentry","category-premi-2014","tag-obres-guanyadores"],"_links":{"self":[{"href":"https:\/\/helena.jubany.cat\/associacio\/wp-json\/wp\/v2\/posts\/177","targetHints":{"allow":["GET"]}}],"collection":[{"href":"https:\/\/helena.jubany.cat\/associacio\/wp-json\/wp\/v2\/posts"}],"about":[{"href":"https:\/\/helena.jubany.cat\/associacio\/wp-json\/wp\/v2\/types\/post"}],"author":[{"embeddable":true,"href":"https:\/\/helena.jubany.cat\/associacio\/wp-json\/wp\/v2\/users\/1"}],"replies":[{"embeddable":true,"href":"https:\/\/helena.jubany.cat\/associacio\/wp-json\/wp\/v2\/comments?post=177"}],"version-history":[{"count":3,"href":"https:\/\/helena.jubany.cat\/associacio\/wp-json\/wp\/v2\/posts\/177\/revisions"}],"predecessor-version":[{"id":4486,"href":"https:\/\/helena.jubany.cat\/associacio\/wp-json\/wp\/v2\/posts\/177\/revisions\/4486"}],"wp:featuredmedia":[{"embeddable":true,"href":"https:\/\/helena.jubany.cat\/associacio\/wp-json\/wp\/v2\/media\/241"}],"wp:attachment":[{"href":"https:\/\/helena.jubany.cat\/associacio\/wp-json\/wp\/v2\/media?parent=177"}],"wp:term":[{"taxonomy":"category","embeddable":true,"href":"https:\/\/helena.jubany.cat\/associacio\/wp-json\/wp\/v2\/categories?post=177"},{"taxonomy":"post_tag","embeddable":true,"href":"https:\/\/helena.jubany.cat\/associacio\/wp-json\/wp\/v2\/tags?post=177"}],"curies":[{"name":"wp","href":"https:\/\/api.w.org\/{rel}","templated":true}]}}