{"id":167,"date":"2014-12-01T22:24:52","date_gmt":"2014-12-01T22:24:52","guid":{"rendered":"http:\/\/www.jubanywp.cat.mialias.net\/associacio\/2014\/12\/01\/dimarts-2-de-desembre-de-2014-lliurament-del-vii-premi-helena-jubany\/"},"modified":"2022-06-04T00:53:47","modified_gmt":"2022-06-04T00:53:47","slug":"dimarts-2-de-desembre-de-2014-lliurament-del-vii-premi-helena-jubany","status":"publish","type":"post","link":"https:\/\/helena.jubany.cat\/associacio\/dimarts-2-de-desembre-de-2014-lliurament-del-vii-premi-helena-jubany\/","title":{"rendered":"Dimarts 2 de desembre de 2014, lliurament del VII Premi Helena Jubany"},"content":{"rendered":"<p>Dimarts 2 de desembre sabrem qui \u00e9s l&#8217;autor o autora de l&#8217;obra guanyadora del <a style=\"color: #d00000; font-weight: normal; text-decoration: underline;\" href=\"http:\/\/helena.jubany.cat\/associacio\/\" target=\"_blank\" rel=\"noopener\"><strong>VII Premi Helena Jubany de narraci\u00f3 curta o recull de contes per a ser explicats<\/strong><\/a>. Aquest any s\u2019han presentat al certamen 74 originals.<\/p>\n<p>El premi est\u00e0 dotat amb 3.000\u20ac i la publicaci\u00f3 de l&#8217;obra guanyadora al <a style=\"color: #d00000; font-weight: normal; text-decoration: underline;\" href=\"http:\/\/www.ara.cat\/\" target=\"_blank\" rel=\"noopener\">diari Ara<\/a>. La publicaci\u00f3 de 20.000 exemplars de l&#8217;obra ser\u00e0 possible gr\u00e0cies als m\u00e9s de 180 mecenes que han aportat un total de 5.348\u20ac a trav\u00e9s de <a style=\"color: #d00000; font-weight: normal; text-decoration: underline;\" href=\"http:\/\/www.verkami.com\/projects\/8430-publicacio-llibret-vii-premi-helena-jubany\" target=\"_blank\" rel=\"noopener\">Verkami<\/a>.<\/p>\n<p style=\"color: #404040; display: block; font-family: Helvetica; font-size: 20px; font-style: normal; font-weight: bold; line-height: 100%; letter-spacing: normal; margin: 0px 0px 10px; text-align: left;\">Dimarts, 2 de desembre<br \/>\na 2\/4 de 8 del vespre<br \/>\na la Biblioteca Antoni Comas<\/p>\n<p style=\"color: #606060; display: block; font-family: Helvetica; font-size: 16px; font-style: normal; font-weight: bold; line-height: 100%; letter-spacing: normal; margin: 0px 0px 10px; text-align: left;\">[ carrer Prat de la Riba, 110 &#8211; <strong>Matar\u00f3<\/strong> ]<\/p>\n<h2 style=\"color: #404040; display: block; font-family: Helvetica; font-size: 20px; font-style: normal; font-weight: bold; line-height: 100%; letter-spacing: normal; margin: 0px 0px 10px; text-align: left;\"><span style=\"color: #b22222;\">Us hi esperem!<\/span><\/h2>\n<p>&gt; <a style=\"color: #d00000; font-weight: normal; text-decoration: underline;\" href=\"https:\/\/www.facebook.com\/events\/1566661420231161\/\" target=\"_blank\" rel=\"noopener\">Confirmeu la vostra assist\u00e8ncia des de Facebook<\/a><\/p>\n<p><!--more--><\/p>\n<p>El premi, que t\u00e9 per objectiu mantenir viu el record de l&#8217;<a style=\"color: #d00000; font-weight: normal; text-decoration: underline;\" href=\"..\/biografia\/\" target=\"_blank\" rel=\"noopener\"><strong>Helena Jubany<\/strong><\/a>, es lliura cada any el dia 2 de desembre, la data que la van assassinar.<\/p>\n<p>Aprofitarem l&#8217;acte per lliurar als mecenes que han fet aportacions a Verkami part de la recompensa als que han escollit llibres d&#8217;edicions anteriors i\/o el llibre de l&#8217;Helena.<\/p>\n","protected":false},"excerpt":{"rendered":"<p>Dimarts 2 de desembre sabrem qui \u00e9s l&#8217;autor o autora de l&#8217;obra guanyadora del VII Premi Helena Jubany de narraci\u00f3 curta o recull de contes per a ser explicats. Aquest any s\u2019han presentat al certamen 74 originals. El premi est\u00e0 dotat amb 3.000\u20ac i la publicaci\u00f3 de l&#8217;obra guanyadora al diari Ara. La publicaci\u00f3 de [&hellip;]<\/p>\n","protected":false},"author":1,"featured_media":165,"comment_status":"open","ping_status":"open","sticky":false,"template":"","format":"standard","meta":{"_et_pb_use_builder":"","_et_pb_old_content":"","_et_gb_content_width":"","footnotes":""},"categories":[3],"tags":[],"class_list":["post-167","post","type-post","status-publish","format-standard","has-post-thumbnail","hentry","category-premi-2014"],"_links":{"self":[{"href":"https:\/\/helena.jubany.cat\/associacio\/wp-json\/wp\/v2\/posts\/167","targetHints":{"allow":["GET"]}}],"collection":[{"href":"https:\/\/helena.jubany.cat\/associacio\/wp-json\/wp\/v2\/posts"}],"about":[{"href":"https:\/\/helena.jubany.cat\/associacio\/wp-json\/wp\/v2\/types\/post"}],"author":[{"embeddable":true,"href":"https:\/\/helena.jubany.cat\/associacio\/wp-json\/wp\/v2\/users\/1"}],"replies":[{"embeddable":true,"href":"https:\/\/helena.jubany.cat\/associacio\/wp-json\/wp\/v2\/comments?post=167"}],"version-history":[{"count":1,"href":"https:\/\/helena.jubany.cat\/associacio\/wp-json\/wp\/v2\/posts\/167\/revisions"}],"predecessor-version":[{"id":3063,"href":"https:\/\/helena.jubany.cat\/associacio\/wp-json\/wp\/v2\/posts\/167\/revisions\/3063"}],"wp:featuredmedia":[{"embeddable":true,"href":"https:\/\/helena.jubany.cat\/associacio\/wp-json\/wp\/v2\/media\/165"}],"wp:attachment":[{"href":"https:\/\/helena.jubany.cat\/associacio\/wp-json\/wp\/v2\/media?parent=167"}],"wp:term":[{"taxonomy":"category","embeddable":true,"href":"https:\/\/helena.jubany.cat\/associacio\/wp-json\/wp\/v2\/categories?post=167"},{"taxonomy":"post_tag","embeddable":true,"href":"https:\/\/helena.jubany.cat\/associacio\/wp-json\/wp\/v2\/tags?post=167"}],"curies":[{"name":"wp","href":"https:\/\/api.w.org\/{rel}","templated":true}]}}