{"id":164,"date":"2014-11-13T16:42:59","date_gmt":"2014-11-13T16:42:59","guid":{"rendered":"http:\/\/www.jubanywp.cat.mialias.net\/associacio\/2014\/11\/13\/gracies-a-170-mecenes-hem-aconseguit-el-financament-per-editar-el-llibret-del-premi-helena-jubany\/"},"modified":"2022-06-04T00:54:07","modified_gmt":"2022-06-04T00:54:07","slug":"gracies-a-170-mecenes-hem-aconseguit-el-financament-per-editar-el-llibret-del-premi-helena-jubany","status":"publish","type":"post","link":"https:\/\/helena.jubany.cat\/associacio\/gracies-a-170-mecenes-hem-aconseguit-el-financament-per-editar-el-llibret-del-premi-helena-jubany\/","title":{"rendered":"170 mecenes garanteixen que es pugui editar el llibret del Premi Helena Jubany"},"content":{"rendered":"<p><span class=\"userContent\">Gr\u00e0cies a 170 mecenes hem aconseguit l&#8217;objectiu de 4.950\u20ac per finan\u00e7ar l&#8217;<a href=\"http:\/\/www.verkami.com\/projects\/8430-publicacio-llibret-vii-premi-helena-jubany\">edici\u00f3 de 20.000 exemplars del llibret del Premi Helena Jubany 2014<\/a> que distribu\u00efrem gratu\u00eftament amb el <a href=\"http:\/\/ara.cat\/\">diari Ara<\/a> el mes de desembre. Dimecres 12 de novembre, quan encara quedaven sis dies per finalitzar la campanya de micromecenatge de <strong>Verkami<\/strong>, ha quedat garantit que podrem editar el llibret del Premi Helena Jubany d&#8217;enguany.<\/span><\/p>\n<p><span class=\"userContent\">Amb l&#8217;objectiu aconseguit, qui ho vulgui encara pot continuar fent aportacions (<a href=\"http:\/\/www.verkami.com\/projects\/8430-publicacio-llibret-vii-premi-helena-jubany\">enlla\u00e7 aqu\u00ed<\/a>) per millorar la qualitat o la quantitat de la publicaci\u00f3.<\/span><\/p>\n<p>Des de l&#8217;Associaci\u00f3 Helena Jubany agra\u00efm molt sincerament aquestes aportacions, que ens confirmen que moltes persones tenim present l&#8217;Helena i ens l&#8217;estimen. Moltes gr\u00e0cies a tothom.<\/p>\n<p>Si voleu estar al dia de les novetats de l&#8217;Associaci\u00f3 Helena Jubany, us podeu <a href=\"http:\/\/jubany.us8.list-manage1.com\/subscribe?u=7e03619af41d11dc5dd0de60b&amp;id=64981bda98\">subscriure al nostre butllet\u00ed electr\u00f2nic aqu\u00ed<\/a>.<\/p>\n<p>Tamb\u00e9 ens podeu seguir per <a href=\"https:\/\/www.facebook.com\/pages\/Associaci%C3%B3-Helena-Jubany-i-Lorente\/288654964486776\">Facebook aqu\u00ed<\/a> i per <a href=\"https:\/\/twitter.com\/helenajubany\">Twitter aqu\u00ed<\/a>.<\/p>\n","protected":false},"excerpt":{"rendered":"<p>Gr\u00e0cies a 170 mecenes hem aconseguit l&#8217;objectiu de 4.950\u20ac per finan\u00e7ar l&#8217;edici\u00f3 de 20.000 exemplars del llibret del Premi Helena Jubany 2014 que distribu\u00efrem gratu\u00eftament amb el diari Ara el mes de desembre. Dimecres 12 de novembre, quan encara quedaven sis dies per finalitzar la campanya de micromecenatge de Verkami, ha quedat garantit que podrem [&hellip;]<\/p>\n","protected":false},"author":1,"featured_media":162,"comment_status":"open","ping_status":"open","sticky":false,"template":"","format":"standard","meta":{"_et_pb_use_builder":"","_et_pb_old_content":"","_et_gb_content_width":"","footnotes":""},"categories":[3],"tags":[],"class_list":["post-164","post","type-post","status-publish","format-standard","has-post-thumbnail","hentry","category-premi-2014"],"_links":{"self":[{"href":"https:\/\/helena.jubany.cat\/associacio\/wp-json\/wp\/v2\/posts\/164","targetHints":{"allow":["GET"]}}],"collection":[{"href":"https:\/\/helena.jubany.cat\/associacio\/wp-json\/wp\/v2\/posts"}],"about":[{"href":"https:\/\/helena.jubany.cat\/associacio\/wp-json\/wp\/v2\/types\/post"}],"author":[{"embeddable":true,"href":"https:\/\/helena.jubany.cat\/associacio\/wp-json\/wp\/v2\/users\/1"}],"replies":[{"embeddable":true,"href":"https:\/\/helena.jubany.cat\/associacio\/wp-json\/wp\/v2\/comments?post=164"}],"version-history":[{"count":1,"href":"https:\/\/helena.jubany.cat\/associacio\/wp-json\/wp\/v2\/posts\/164\/revisions"}],"predecessor-version":[{"id":3064,"href":"https:\/\/helena.jubany.cat\/associacio\/wp-json\/wp\/v2\/posts\/164\/revisions\/3064"}],"wp:featuredmedia":[{"embeddable":true,"href":"https:\/\/helena.jubany.cat\/associacio\/wp-json\/wp\/v2\/media\/162"}],"wp:attachment":[{"href":"https:\/\/helena.jubany.cat\/associacio\/wp-json\/wp\/v2\/media?parent=164"}],"wp:term":[{"taxonomy":"category","embeddable":true,"href":"https:\/\/helena.jubany.cat\/associacio\/wp-json\/wp\/v2\/categories?post=164"},{"taxonomy":"post_tag","embeddable":true,"href":"https:\/\/helena.jubany.cat\/associacio\/wp-json\/wp\/v2\/tags?post=164"}],"curies":[{"name":"wp","href":"https:\/\/api.w.org\/{rel}","templated":true}]}}