{"id":160,"date":"2014-10-09T07:09:01","date_gmt":"2014-10-09T07:09:01","guid":{"rendered":"http:\/\/www.jubanywp.cat.mialias.net\/associacio\/2014\/10\/09\/ajudans-amb-aportacio-a-verkami\/"},"modified":"2022-06-04T00:54:26","modified_gmt":"2022-06-04T00:54:26","slug":"ajudans-amb-aportacio-a-verkami","status":"publish","type":"post","link":"https:\/\/helena.jubany.cat\/associacio\/ajudans-amb-aportacio-a-verkami\/","title":{"rendered":"Ajuda&#8217;ns a editar el llibre del premi amb una aportaci\u00f3 a Verkami"},"content":{"rendered":"<p>L&#8217;objectiu \u00e9s recollir 4.950\u20ac amb una <a href=\"http:\/\/www.verkami.com\/locale\/ca\/projects\/8430\">campanya de micromecenatge<\/a> per poder encartar al diari Ara un llibret gratu\u00eft amb l&#8217;obra guanyadora del 7\u00e8 Premi Helena Jubany. La campanya comen\u00e7a el 9 d&#8217;octubre a les 9 del mat\u00ed i finalitzar\u00e0 el 17 de novembre de 2014.<\/p>\n<p><object data=\"http:\/\/www.youtube.com\/v\/2URvReqhbjI?version=3&amp;hl=ca_ES\" type=\"application\/x-shockwave-flash\" width=\"550\" height=\"309\"><param name=\"allowFullScreen\" value=\"true\" \/><param name=\"allowscriptaccess\" value=\"always\" \/><param name=\"movie\" value=\"http:\/\/www.youtube.com\/v\/2URvReqhbjI?version=3&amp;hl=ca_ES\" \/><\/object><\/p>\n<p><strong>Qu\u00e8 volem fer?<\/strong><\/p>\n<p>Publicar i repatir gratu\u00eftament dins el diari Ara 20.000 exemplars d&#8217;un llibret amb l&#8217;obra guanyadora del VII Premi Helena Jubany. \u00c9s una oportunitat que ens ofereix el diari Ara per donar difusi\u00f3 del premi, d&#8217;all\u00f2 que representa i de l&#8217;obra guanyadora.<\/p>\n<p><img loading=\"lazy\" decoding=\"async\" class=\" alignright size-full wp-image-159\" style=\"margin-left: 10px; float: right;\" src=\"http:\/\/helena.jubany.cat\/associacio\/wp-content\/uploads\/2014\/10\/maleta-IMG_8384-verkami.jpg\" alt=\"Amb el Premi Helena Jubany afegim cada any un llibre nou a la &quot;maleta de contes&quot; de l'Helena\" width=\"550\" height=\"310\" srcset=\"https:\/\/helena.jubany.cat\/associacio\/wp-content\/uploads\/2014\/10\/maleta-IMG_8384-verkami.jpg 640w, https:\/\/helena.jubany.cat\/associacio\/wp-content\/uploads\/2014\/10\/maleta-IMG_8384-verkami-300x169.jpg 300w\" sizes=\"(max-width: 550px) 100vw, 550px\" \/><\/p>\n<p><!--more--><\/p>\n<p><strong>Qu\u00e8 \u00e9s el Premi Helena Jubany?<\/strong><\/p>\n<p>El Premi Helena Jubany de narraci\u00f3 curta o recull de contes per a ser explicats \u00e9s \u00fanic per les seves caracter\u00edstiques, ja que, a m\u00e9s de la qualitat liter\u00e0ria de les obres presentades, el Jurat valora tamb\u00e9 el fet que tinguin caracter\u00edstiques tals que les facin adequades per ser transmeses oralment.<\/p>\n<p>El Premi Helena Jubany es lliura des de l&#8217;any 2008 i fins ara els autors i obres guanyadores han estat els seg\u00fcents: el barcelon\u00ed Xavier Cab\u00fas amb <a href=\"http:\/\/helena.jubany.cat\/associacio\/2014\/12\/03\/montse-maestre-i-casadesus-guanya-el-vii-premi-helena-jubany\/\"><em>El karma del carnisser<\/em><\/a> (2008), l&#8217;alacant\u00ed Joan Llu\u00eds Moreno i Congost amb <a href=\"http:\/\/helena.jubany.cat\/associacio\/2016\/02\/26\/bases-ix-premi-literari-helena-jubany-2016\/\"><em>Compta comptes<\/em><\/a> (2009), el sabadellenc Jordi Sol\u00e9 i Comas amb <a href=\"index.php?option=com_content&amp;view=article&amp;id=65:jordi-sole-i-comas-guanya-el-iii-premi-helena-jubany&amp;catid=39:premi-2010&amp;Itemid=67\"><em>Blanc<\/em><\/a> (2010), la mataronina Maria Guardiola i Buf\u00ed amb <a href=\"index.php?option=com_content&amp;view=article&amp;id=72:marina-guardiola-i-bufi-ha-obtingut-el-iv-premi-helena-jubany-2011&amp;catid=40:iv-premi&amp;Itemid=68\"><em>Amunt<\/em><\/a> (2011), el barcelon\u00ed Alfred Quintana amb <a href=\"index.php?option=com_content&amp;view=article&amp;id=80:alfred-quintana-ha-guanyat-el-v-premi-helena-jubany&amp;catid=41:v-premi&amp;Itemid=69\"><em>L&#8217;alemany \u00e9s f\u00e0cil<\/em><\/a> (2012) i la sabadellenca Imma Cabr\u00e9 amb <a href=\"index.php?option=com_content&amp;view=article&amp;id=84:imma-cabre-i-homet-ha-guanyat-el-vi-premi-helena-jubany&amp;catid=42:vi-premi&amp;Itemid=70\"><em>Gotes que vessen gots<\/em><\/a> (2014).<\/p>\n<p><strong>VII edici\u00f3 del Premi<\/strong><\/p>\n<p>Aquest 2014 \u00e9s la setena edici\u00f3 del premi. S&#8217;hi han pogut presentar obres des del 27 de febrer (data del naixement de l&#8217;Helena) fins a l&#8217;1 d&#8217;octubre. Se n\u2019han presentat 74. El Jurat donar\u00e0 a con\u00e8ixer el veredicte i lliurar\u00e0 el Premi el dia 2 de desembre (data de la mort de l&#8217;Helena) i l&#8217;obra sortir\u00e0 publicada amb el diari Ara en els dies immediats posteriors.<\/p>\n<p><strong>Per qu\u00e8 el premi?<\/strong><\/p>\n<p>El Premi t\u00e9 la finalitat de mantenir viu el record de l\u2019Helena Jubany, enamorada del m\u00f3n dels llibres des de tots els angles, i d\u2019encomanar el seu gust per la lectura i la ficci\u00f3 liter\u00e0ria tant en el vessant escrit com en el de la transmissi\u00f3 oral.<\/p>\n<p>L&#8217;Helena havia comen\u00e7at a escriure amb prou gr\u00e0cia com per guanyar algun premi literari, com el de narrativa de Mont-Roig del Camp. Com a contacontes, l&#8217;Helena tot just havia encetat la seva &#8220;maleta de contes&#8221;, i la hi volem anar omplint cada any amb un nou llibre: l&#8217;obra guanyadora del Premi.<\/p>\n<p><strong>Qui \u00e9s l&#8217;Helena Jubany?<\/strong><\/p>\n<p>L&#8217;Helena Jubany i Lorente (Matar\u00f3, 1974 &#8211; Sabadell, 2001), inspirada per una Montserrat Roig a qui admirava, va ser una lectora obstinada, periodista de cr\u00f2niques culturals, llibretera de la Llibreria Robafaves de Matar\u00f3, bibliotec\u00e0ria de la Biblioteca de Sentmenat, autora de ressenyes, correctora, escriptora novella i narradora de contes.<\/p>\n<p>Per\u00f2 va morir assassinada a l&#8217;edat de 27 anys. Els qui la van matar encara s\u00f3n al carrer perqu\u00e8 la policia i la judicatura van desisitr d\u2019aclarir el crim. Despr\u00e9s de 7 anys d&#8217;infructuoses investigacions, la fam\u00edlia i els amics vam decidir &#8220;girar el mitj\u00f3&#8221; i fer alguna cosa positiva per mantenir viu el record de l&#8217;Helena: el 2008 va n\u00e9ixer el premi literiari.<\/p>\n<p><strong>A qu\u00e8 destinarem les aportacions?<\/strong><\/p>\n<p>El Premi est\u00e0 dotat amb 3.000\u20ac (que aporta l&#8217;Associaci\u00f3 Cultural Helena Jubany) i la publicaci\u00f3 de l&#8217;obra al diari Ara. Els dos darrers anys s&#8217;ha publicat en una doble p\u00e0gina del diari, per\u00f2 enguany volem editar-la en forma de llibret que es pugui conservar a part del diari. Per aix\u00f2 demanem la vostra col\u00b7laboraci\u00f3.<\/p>\n<p>Les aprotacions les destinarem a l&#8217;edici\u00f3 de 20.000 exemplars d&#8217;un llibret de 32 p\u00e0gines amb l&#8217;obra guanyadora del VII Premi Helena Jubany. Aquest llibret ser\u00e1 distribu\u00edt de forma gratu\u00efta amb el diari Ara el mes de desembre de 2014.<\/p>\n","protected":false},"excerpt":{"rendered":"<p>L&#8217;objectiu \u00e9s recollir 4.950\u20ac amb una campanya de micromecenatge per poder encartar al diari Ara un llibret gratu\u00eft amb l&#8217;obra guanyadora del 7\u00e8 Premi Helena Jubany. La campanya comen\u00e7a el 9 d&#8217;octubre a les 9 del mat\u00ed i finalitzar\u00e0 el 17 de novembre de 2014. Qu\u00e8 volem fer? Publicar i repatir gratu\u00eftament dins el diari [&hellip;]<\/p>\n","protected":false},"author":1,"featured_media":158,"comment_status":"open","ping_status":"open","sticky":false,"template":"","format":"standard","meta":{"_et_pb_use_builder":"","_et_pb_old_content":"","_et_gb_content_width":"","footnotes":""},"categories":[3],"tags":[],"class_list":["post-160","post","type-post","status-publish","format-standard","has-post-thumbnail","hentry","category-premi-2014"],"_links":{"self":[{"href":"https:\/\/helena.jubany.cat\/associacio\/wp-json\/wp\/v2\/posts\/160","targetHints":{"allow":["GET"]}}],"collection":[{"href":"https:\/\/helena.jubany.cat\/associacio\/wp-json\/wp\/v2\/posts"}],"about":[{"href":"https:\/\/helena.jubany.cat\/associacio\/wp-json\/wp\/v2\/types\/post"}],"author":[{"embeddable":true,"href":"https:\/\/helena.jubany.cat\/associacio\/wp-json\/wp\/v2\/users\/1"}],"replies":[{"embeddable":true,"href":"https:\/\/helena.jubany.cat\/associacio\/wp-json\/wp\/v2\/comments?post=160"}],"version-history":[{"count":2,"href":"https:\/\/helena.jubany.cat\/associacio\/wp-json\/wp\/v2\/posts\/160\/revisions"}],"predecessor-version":[{"id":3065,"href":"https:\/\/helena.jubany.cat\/associacio\/wp-json\/wp\/v2\/posts\/160\/revisions\/3065"}],"wp:featuredmedia":[{"embeddable":true,"href":"https:\/\/helena.jubany.cat\/associacio\/wp-json\/wp\/v2\/media\/158"}],"wp:attachment":[{"href":"https:\/\/helena.jubany.cat\/associacio\/wp-json\/wp\/v2\/media?parent=160"}],"wp:term":[{"taxonomy":"category","embeddable":true,"href":"https:\/\/helena.jubany.cat\/associacio\/wp-json\/wp\/v2\/categories?post=160"},{"taxonomy":"post_tag","embeddable":true,"href":"https:\/\/helena.jubany.cat\/associacio\/wp-json\/wp\/v2\/tags?post=160"}],"curies":[{"name":"wp","href":"https:\/\/api.w.org\/{rel}","templated":true}]}}