{"id":151,"date":"2014-01-23T15:37:54","date_gmt":"2014-01-23T15:37:54","guid":{"rendered":"http:\/\/www.jubanywp.cat.mialias.net\/associacio\/2014\/01\/23\/imma-cabre-i-homet-ha-guanyat-el-vi-premi-helena-jubany\/"},"modified":"2023-12-06T19:03:03","modified_gmt":"2023-12-06T19:03:03","slug":"imma-cabre-6-premi-helena-jubany","status":"publish","type":"post","link":"https:\/\/helena.jubany.cat\/associacio\/imma-cabre-6-premi-helena-jubany\/","title":{"rendered":"Imma Cabr\u00e9 i Homet guanya el VI Premi Helena Jubany amb l&#8217;obra &#8220;Gotes que vessen gots&#8221;"},"content":{"rendered":"<p><strong>Imma Cabr\u00e9<\/strong> ha guanyat el <strong>VI Premi Helena Jubany<\/strong> de narraci\u00f3 curta o recull de contes per a ser explicats, \u00fanic premi existent d\u2019aquestes caracter\u00edstiques, amb el seu recull de quatre relats <strong><em>Gotes que vessen gots<\/em><\/strong>.<\/p>\n<p>&gt; <a title=\"\" href=\"http:\/\/helena.jubany.cat\/associacio\/wp-content\/uploads\/2014\/01\/gotesquevessengots-immacabre-premihelenajubany.pdf\">Gotes que vessen gots (Imma Cabr\u00e9, 2013)<\/a><\/p>\n<p>Segons ha informat <strong>Elvira Carri\u00f3<\/strong>, representant del jurat, <em>Gotes que vessen gots<\/em> ha estat premiada, d\u2019entre les 79 obres presentades al concurs, per les raons seg\u00fcents:<\/p>\n<p><!--more--><\/p>\n<p>a)\u00a0 perqu\u00e8 s\u00f3n uns textos escrits per ser narrats oralment, amb uns t\u00edtols encertats, bones arrencades per als relats i varietat de registres;<\/p>\n<p>b) perqu\u00e8 es mant\u00e9 la qualitat liter\u00e0ria al llarg de totes quatre narracions, trenades amb textos molt ben cohesionats en qu\u00e8 les parts de cada hist\u00f2ria s\u2019engalzen i es traven amb flu\u00efdesa, prescindint pr\u00e0cticament de descripcions, de manera que la nitidesa de les imatges en acci\u00f3 faciliten i dinamitzen encara m\u00e9s l\u2019oralitat del text.<\/p>\n<p>c) perqu\u00e8 el llenguatge utilitzat \u00e9s trempat i fresc, amb ritme; el l\u00e8xic \u00e9s prec\u00eds, adequat a cadascun del registres; i les hist\u00f2ries s\u00f3n narrades amb pinzellades d\u2019ironia i d\u2019humor transgessor, que desperta un somriure interior.<\/p>\n<p>i d) per l\u2019originalitat en el tractament desenfadat de temes de contingut social i hum\u00e0.<\/p>\n<p><a class=\"jcepopup\" href=\"http:\/\/helena.jubany.cat\/associacio\/wp-content\/uploads\/2014\/01\/131202-lliurament-IMG_7314.jpg\" target=\"_blank\" rel=\"noopener\" data-mediabox=\"title[Elvira Carri\u00f3, Joaquim Fern\u00e0ndez, Joan Jubany i Itxart, Pep Andreu a l'acte de lliurament del VI Premi Helena Jubany::Elvira Carri\u00f3, Joaquim Fern\u00e0ndez, Joan Jubany i Itxart, Pep Andreu a l'acte de lliurament del VI Premi Helena Jubany]\"><img loading=\"lazy\" decoding=\"async\" class=\" alignright size-full wp-image-146\" style=\"margin-left: 10px; float: right;\" src=\"http:\/\/helena.jubany.cat\/associacio\/wp-content\/uploads\/2014\/01\/131202-lliurament-IMG_7314.jpg\" alt=\"Elvira Carri\u00f3, Joaquim Fern\u00e0ndez, Joan Jubany i Itxart, Pep Andreu a l'acte de lliurament del VI Premi Helena Jubany\" width=\"250\" height=\"188\" srcset=\"https:\/\/helena.jubany.cat\/associacio\/wp-content\/uploads\/2014\/01\/131202-lliurament-IMG_7314.jpg 800w, https:\/\/helena.jubany.cat\/associacio\/wp-content\/uploads\/2014\/01\/131202-lliurament-IMG_7314-300x225.jpg 300w, https:\/\/helena.jubany.cat\/associacio\/wp-content\/uploads\/2014\/01\/131202-lliurament-IMG_7314-768x576.jpg 768w\" sizes=\"(max-width: 250px) 100vw, 250px\" \/><\/a>L\u2019acte de lliurament del <strong>VI Premi Helena Jubany<\/strong>, convocat conjuntament pel diari <strong>ARA<\/strong> i l\u2019<strong>Associaci\u00f3 Cultural Helena Jubany i Lorente<\/strong> s\u2019ha celebrat el dia 2 de desembre de 2013, a 2\/4 de 8 del vespre, a la sala d\u2019actes de la Biblioteca Antoni Comas de Matar\u00f3 i l\u2019ha condu\u00eft <strong>Pep Andreu<\/strong>, presentador d\u2019M1tv, que ha comen\u00e7at llegint unes de benvinguda de <strong>S\u00edlvia Barragan<\/strong>, directora de la biblioteca.<\/p>\n<p>Hi han assistit una vuitantena de persones i hi intervingut <strong>Joan Jubany i Itxart<\/strong>, president de l\u2019Associaci\u00f3 Cultural Helena Jubany i Lorente, que ha glossat el significat i l\u2019objectiu del premi, Elvira Carri\u00f3, directora de l\u2019Institut Pla d\u2019en Boet, com a portaveu del jurat, <strong>Pep Duran<\/strong>, traginer de contes, membre tamb\u00e9 del jurat, que ha llegit un dels relats de l\u2019obra premiada, i <strong>Quim Fern\u00e0ndez<\/strong>, Primer Tinent d\u2019Alcalde de l\u2019Ajuntament de Matar\u00f3, que ha clos l\u2019acte amb unes paraules en record de l\u2019Helena i valorant la import\u00e0ncia d\u2019aquest premi per a la ciutat.<\/p>\n<p>\u00c9s previst que l\u2019edici\u00f3 de Gotes que vessen gots surti publicat al diari ARA, coconvocant del premi, el dia 16 de desembre.<\/p>\n<p><strong>L\u2019OBRA<\/strong><\/p>\n<p><em>Gotes que vessen gots<\/em><\/p>\n<p>\u00c9s un recull de quatre contes rabiosament actuals que destaquen per l\u2019originalitat en el tractament desenfadat de temes de contingut social i hum\u00e0, escrits amb un llenguatge fresc, amb bon ritme, i les justes pinzellades d\u2019ironia i humor transgressor.<\/p>\n<p>Si voleu saber com escriure una novel\u00b7la polic\u00edaca, com s&#8217;entenen al grup mixt dos diputats de partits diferents, les del\u00edcies de treballar en un parc infantil o com es pot acabar tornant al Born despr\u00e9s de viatjar al llarg de tota una vida per tot el m\u00f3n, llegiu-los, que us encantaran.<\/p>\n<p><strong>Llu\u00efsa Esteve<\/strong> (llicenciada en filologia hisp\u00e0nica i membre del jurat del premi Helena Jubany)<\/p>\n<p><strong><a class=\"jcepopup\" href=\"http:\/\/helena.jubany.cat\/associacio\/wp-content\/uploads\/2014\/01\/131202-lliurament-IMG_7351.jpg\" target=\"_blank\" rel=\"noopener\" data-mediabox=\"title[Imma Cabr\u00e9 rep el VI Premi Helena Jubany de mans de Joan Jubany i Itxart::Imma Cabr\u00e9 rep el VI Premi Helena Jubany de mans de Joan Jubany i Itxart]\"><img loading=\"lazy\" decoding=\"async\" class=\" alignright size-full wp-image-148\" style=\"margin-left: 10px; float: right;\" src=\"http:\/\/helena.jubany.cat\/associacio\/wp-content\/uploads\/2014\/01\/131202-lliurament-IMG_7351.jpg\" alt=\"Imma Cabr\u00e9 rep el VI Premi Helena Jubany de mans de Joan Jubany i Itxart\" width=\"200\" height=\"267\" srcset=\"https:\/\/helena.jubany.cat\/associacio\/wp-content\/uploads\/2014\/01\/131202-lliurament-IMG_7351.jpg 600w, https:\/\/helena.jubany.cat\/associacio\/wp-content\/uploads\/2014\/01\/131202-lliurament-IMG_7351-225x300.jpg 225w\" sizes=\"(max-width: 200px) 100vw, 200px\" \/><\/a>L\u2019AUTORA<\/strong><\/p>\n<p><strong>Imma Cabr\u00e9 i Homet<\/strong> (Sabadell, 1965) acaba de publicar la seva primera novel\u00b7la (<em>Els senyors del poder<\/em>, novembre 2013). Anteriorment ha publicat relats curts, amb els quals ha guanyat premis com l\u2019Homilies d\u2019Organy\u00e0 (<em>L\u2019al\u00e8 just per a cent espelmes<\/em>, 2010, i <em>El llegat de les neandertals<\/em>, 2012); el Vila de Gr\u00e0cia (<em>A l\u2019atenci\u00f3 de qui em vegi<\/em>, 2010); el Merc\u00e8 Rodoreda de Molins de Rei (<em>Somriu, ragazza<\/em>, 2012); i el Dones \u00c0rtemis (<em>L\u2019any que ens queda<\/em>, 2013).<\/p>\n<p>Llicenciada en ci\u00e8ncies de la informaci\u00f3, treballadora de l\u2019administraci\u00f3 p\u00fablica i mare, s\u2019interessa per la pol\u00edtica, per la que fan els pol\u00edtics i, sobretot, per la que fa la gent que, d\u2019uns anys en\u00e7\u00e0, s\u2019ha posat en marxa per millorar aquest pa\u00eds.<\/p>\n<p><strong><a class=\"jcepopup\" href=\"http:\/\/helena.jubany.cat\/associacio\/wp-content\/uploads\/2014\/01\/131202-lliurament-IMG_7312.jpg\" target=\"_blank\" rel=\"noopener\" data-mediabox=\"title[Joan Jubany i Itxart, president de l'Associaci\u00f3 Helena Jubany i Lorente::Joan Jubany i Itxart, president de l'Associaci\u00f3 Helena Jubany i Lorente]\"><img loading=\"lazy\" decoding=\"async\" class=\" alignright size-full wp-image-150\" style=\"margin-left: 10px; float: right;\" src=\"http:\/\/helena.jubany.cat\/associacio\/wp-content\/uploads\/2014\/01\/131202-lliurament-IMG_7312.jpg\" alt=\"Joan Jubany i Itxart, president de l'Associaci\u00f3 Helena Jubany i Lorente\" width=\"200\" height=\"267\" srcset=\"https:\/\/helena.jubany.cat\/associacio\/wp-content\/uploads\/2014\/01\/131202-lliurament-IMG_7312.jpg 600w, https:\/\/helena.jubany.cat\/associacio\/wp-content\/uploads\/2014\/01\/131202-lliurament-IMG_7312-225x300.jpg 225w\" sizes=\"(max-width: 200px) 100vw, 200px\" \/><\/a>EL PREMI HELENA JUBANY<\/strong><\/p>\n<p>La d\u2019enguany \u00e9s la sisena edici\u00f3 del <strong>Premi Helena Jubany<\/strong>. En les cinc edicions anteriors els guanyadors foren <strong>Alfred Quintana<\/strong> (amb <em>L\u2019Alemany \u00e9s f\u00e0cil<\/em>, 2012), <strong>Marina Guardiola<\/strong> (amb <em>Amunt<\/em>, 2011), <strong>Jordi Sol\u00e9<\/strong> (amb <em>Blanc<\/em>, 2010), <strong>Joan-Llu\u00eds Moreno i Congost<\/strong> (amb <em>Compta comptes<\/em>, 2009) i <strong>Xavier Cab\u00fas<\/strong> (amb <em>El karma del carnisser<\/em>, 2008).<\/p>\n<p>Aquest premi literari ha estat creat per mantenir viu el record de l\u2019<strong>Helena Jubany i Lorente<\/strong> encomanant el seu gust per la lectura, la creaci\u00f3 liter\u00e0ria i la narraci\u00f3 oral. L\u2019Helena va ser assassinada el dia 2 de desembre de 2001 a Sabadell i tant la policia com la judicatura han desistit d\u00e0clarir els fets i identificar els culpables de la seva mort.<\/p>\n<p>Matar\u00f3, 2 de desembre de 2013<\/p>\n","protected":false},"excerpt":{"rendered":"<p>Imma Cabr\u00e9 ha guanyat el VI Premi Helena Jubany de narraci\u00f3 curta o recull de contes per a ser explicats, \u00fanic premi existent d\u2019aquestes caracter\u00edstiques, amb el seu recull de quatre relats Gotes que vessen gots. &gt; Gotes que vessen gots (Imma Cabr\u00e9, 2013) Segons ha informat Elvira Carri\u00f3, representant del jurat, Gotes que vessen [&hellip;]<\/p>\n","protected":false},"author":1,"featured_media":142,"comment_status":"open","ping_status":"open","sticky":false,"template":"","format":"standard","meta":{"_et_pb_use_builder":"","_et_pb_old_content":"","_et_gb_content_width":"","footnotes":""},"categories":[4],"tags":[26],"class_list":["post-151","post","type-post","status-publish","format-standard","has-post-thumbnail","hentry","category-premi-2013","tag-obres-guanyadores"],"_links":{"self":[{"href":"https:\/\/helena.jubany.cat\/associacio\/wp-json\/wp\/v2\/posts\/151","targetHints":{"allow":["GET"]}}],"collection":[{"href":"https:\/\/helena.jubany.cat\/associacio\/wp-json\/wp\/v2\/posts"}],"about":[{"href":"https:\/\/helena.jubany.cat\/associacio\/wp-json\/wp\/v2\/types\/post"}],"author":[{"embeddable":true,"href":"https:\/\/helena.jubany.cat\/associacio\/wp-json\/wp\/v2\/users\/1"}],"replies":[{"embeddable":true,"href":"https:\/\/helena.jubany.cat\/associacio\/wp-json\/wp\/v2\/comments?post=151"}],"version-history":[{"count":3,"href":"https:\/\/helena.jubany.cat\/associacio\/wp-json\/wp\/v2\/posts\/151\/revisions"}],"predecessor-version":[{"id":4484,"href":"https:\/\/helena.jubany.cat\/associacio\/wp-json\/wp\/v2\/posts\/151\/revisions\/4484"}],"wp:featuredmedia":[{"embeddable":true,"href":"https:\/\/helena.jubany.cat\/associacio\/wp-json\/wp\/v2\/media\/142"}],"wp:attachment":[{"href":"https:\/\/helena.jubany.cat\/associacio\/wp-json\/wp\/v2\/media?parent=151"}],"wp:term":[{"taxonomy":"category","embeddable":true,"href":"https:\/\/helena.jubany.cat\/associacio\/wp-json\/wp\/v2\/categories?post=151"},{"taxonomy":"post_tag","embeddable":true,"href":"https:\/\/helena.jubany.cat\/associacio\/wp-json\/wp\/v2\/tags?post=151"}],"curies":[{"name":"wp","href":"https:\/\/api.w.org\/{rel}","templated":true}]}}