{"id":141,"date":"2013-11-28T23:57:25","date_gmt":"2013-11-28T23:57:25","guid":{"rendered":"http:\/\/www.jubanywp.cat.mialias.net\/associacio\/2013\/11\/28\/dilluns-2-de-desembre-acte-de-lliurament-del-vi-premi-helena-jubany\/"},"modified":"2022-06-04T00:55:26","modified_gmt":"2022-06-04T00:55:26","slug":"dilluns-2-de-desembre-acte-de-lliurament-del-vi-premi-helena-jubany","status":"publish","type":"post","link":"https:\/\/helena.jubany.cat\/associacio\/dilluns-2-de-desembre-acte-de-lliurament-del-vi-premi-helena-jubany\/","title":{"rendered":"Dilluns 2 de desembre, acte de lliurament del VI Premi Helena Jubany"},"content":{"rendered":"<p>El dia 2 de desembre, dilluns de la setmana entrant, tindr\u00e0 lloc el lliurament del VI Premi l&#8217;Helena Jubany, convocat per l&#8217;Associaci\u00f3 Cultural Helena Jubany i el diari ARA.<\/p>\n<p>L&#8217;acte, que ser\u00e0 condu\u00eft pel periodista mataron\u00ed Pep Andreu, se celebrar\u00e0 a 2\/4 de 8 del vespre a la Biblioteca Antoni Comas de Matar\u00f3, situada al carrer de Prat de la Riba, n\u00fam. 110, als edificis de l&#8217;antic Escorxador.<\/p>\n<p>Enguany han optat al Premi 79 originals arribats Les Illes Balears, el Pa\u00eds Valenci\u00e0, el Principat de Catalunya, Par\u00eds i Praga.<\/p>\n<p>Joan Jubany i Itxart<br \/>\nPresident de l&#8217;Associaci\u00f3 Cultural Helena Jubany i Lorente<\/p>\n","protected":false},"excerpt":{"rendered":"<p>El dia 2 de desembre, dilluns de la setmana entrant, tindr\u00e0 lloc el lliurament del VI Premi l&#8217;Helena Jubany, convocat per l&#8217;Associaci\u00f3 Cultural Helena Jubany i el diari ARA. L&#8217;acte, que ser\u00e0 condu\u00eft pel periodista mataron\u00ed Pep Andreu, se celebrar\u00e0 a 2\/4 de 8 del vespre a la Biblioteca Antoni Comas de Matar\u00f3, situada al [&hellip;]<\/p>\n","protected":false},"author":1,"featured_media":139,"comment_status":"open","ping_status":"open","sticky":false,"template":"","format":"standard","meta":{"_et_pb_use_builder":"","_et_pb_old_content":"","_et_gb_content_width":"","footnotes":""},"categories":[4],"tags":[],"class_list":["post-141","post","type-post","status-publish","format-standard","has-post-thumbnail","hentry","category-premi-2013"],"_links":{"self":[{"href":"https:\/\/helena.jubany.cat\/associacio\/wp-json\/wp\/v2\/posts\/141","targetHints":{"allow":["GET"]}}],"collection":[{"href":"https:\/\/helena.jubany.cat\/associacio\/wp-json\/wp\/v2\/posts"}],"about":[{"href":"https:\/\/helena.jubany.cat\/associacio\/wp-json\/wp\/v2\/types\/post"}],"author":[{"embeddable":true,"href":"https:\/\/helena.jubany.cat\/associacio\/wp-json\/wp\/v2\/users\/1"}],"replies":[{"embeddable":true,"href":"https:\/\/helena.jubany.cat\/associacio\/wp-json\/wp\/v2\/comments?post=141"}],"version-history":[{"count":1,"href":"https:\/\/helena.jubany.cat\/associacio\/wp-json\/wp\/v2\/posts\/141\/revisions"}],"predecessor-version":[{"id":3068,"href":"https:\/\/helena.jubany.cat\/associacio\/wp-json\/wp\/v2\/posts\/141\/revisions\/3068"}],"wp:featuredmedia":[{"embeddable":true,"href":"https:\/\/helena.jubany.cat\/associacio\/wp-json\/wp\/v2\/media\/139"}],"wp:attachment":[{"href":"https:\/\/helena.jubany.cat\/associacio\/wp-json\/wp\/v2\/media?parent=141"}],"wp:term":[{"taxonomy":"category","embeddable":true,"href":"https:\/\/helena.jubany.cat\/associacio\/wp-json\/wp\/v2\/categories?post=141"},{"taxonomy":"post_tag","embeddable":true,"href":"https:\/\/helena.jubany.cat\/associacio\/wp-json\/wp\/v2\/tags?post=141"}],"curies":[{"name":"wp","href":"https:\/\/api.w.org\/{rel}","templated":true}]}}