{"id":132,"date":"2012-12-03T22:50:19","date_gmt":"2012-12-03T22:50:19","guid":{"rendered":"http:\/\/www.jubanywp.cat.mialias.net\/associacio\/2012\/12\/03\/alfred-quintana-ha-guanyat-el-v-premi-helena-jubany\/"},"modified":"2023-12-06T19:02:10","modified_gmt":"2023-12-06T19:02:10","slug":"alfred-quintana-5-premi-helena-jubany","status":"publish","type":"post","link":"https:\/\/helena.jubany.cat\/associacio\/alfred-quintana-5-premi-helena-jubany\/","title":{"rendered":"Alfred Quintana guanya el V premi Helena Jubany amb l&#8217;obra &#8220;L&#8217;alemany \u00e9s f\u00e0cil&#8221;"},"content":{"rendered":"<p><em><strong>L\u2019alemany \u00e9s f\u00e0cil<\/strong><\/em> d\u2019<strong>Alfred Quintana<\/strong> ha guanyat el <strong>V Premi Helena Jubany<\/strong> de narraci\u00f3 curta o recull de contes per a ser explicats, lliurat aquest migdia a Matar\u00f3.<\/p>\n<p>L\u2019acte de lliurament del premi, celebrat al local de la colla castellera dels capgrossos de Matar\u00f3,\u00a0 ha comptat amb l\u2019assit\u00e8ncia de <strong>Montserrat Rodr\u00edguez<\/strong>, tinenta d\u2019alcalde de l\u2019Ajuntament de Matar\u00f3, i ha estat condu\u00eft pel periodista d\u2019m1tv <strong>Pep Andreu<\/strong>.<\/p>\n<p>&gt; <a title=\"\" href=\"http:\/\/helena.jubany.cat\/associacio\/wp-content\/uploads\/2012\/12\/lalemanyesfacil-alfrediquintana-premihelenajubany.pdf\">L&#8217;alemany \u00e9s f\u00e0cil (Alfred Quintana, 2012)<\/a><\/p>\n<p><!--more--><\/p>\n<p><strong><a class=\"jcepopup\" href=\"http:\/\/helena.jubany.cat\/associacio\/wp-content\/uploads\/2012\/12\/121202-premihelenajubany-IMG_8755.jpg\" target=\"_blank\" rel=\"noopener\" data-mediabox=\"title[Acte de lliurament del V Premi Helena Jubany::Acte de lliurament del V Premi Helena Jubany]\"><img loading=\"lazy\" decoding=\"async\" class=\" alignright size-full wp-image-131\" style=\"margin-left: 10px; float: right;\" src=\"http:\/\/helena.jubany.cat\/associacio\/wp-content\/uploads\/2012\/12\/121202-premihelenajubany-IMG_8755.jpg\" alt=\"Acte de lliurament del V Premi Helena Jubany\" width=\"250\" height=\"167\" srcset=\"https:\/\/helena.jubany.cat\/associacio\/wp-content\/uploads\/2012\/12\/121202-premihelenajubany-IMG_8755.jpg 900w, https:\/\/helena.jubany.cat\/associacio\/wp-content\/uploads\/2012\/12\/121202-premihelenajubany-IMG_8755-300x200.jpg 300w, https:\/\/helena.jubany.cat\/associacio\/wp-content\/uploads\/2012\/12\/121202-premihelenajubany-IMG_8755-768x512.jpg 768w\" sizes=\"(max-width: 250px) 100vw, 250px\" \/><\/a>Joan Jubany i Itxart<\/strong>, president de l\u2019Associaci\u00f3 Cultural Helena Jubany i Lorente, ha glossat el perqu\u00e8 i el sentit del premi, i tot seguit la professora <strong>Roser Trilla<\/strong>, portaveu del jurat, ha llegit l\u2019acta de concessi\u00f3 del premi: \u201cEl jurat\u201d, diu l\u2019acta, \u201cacorda per unanimitat atorgar el V Premi Helena Jubany a l\u2019obra d\u2019<strong>Alfred Quintana<\/strong> pel seu llenguatge planer, directe i genu\u00ed; perqu\u00e8 a partir d\u2019una situaci\u00f3 quotidiana ens ofereix un relat de ficci\u00f3 divertit en qu\u00e8 s\u2019entrecreuen les emocions dels personatges fins al punt de capgirar sobtadament el que podria ser el desenlla\u00e7 esperat de la hist\u00f2ria; perqu\u00e8 la narraci\u00f3 pot ser transmesa oralment sense que calgui cap adaptaci\u00f3 posterior; i per l\u2019humor i ironia que es respira al llarg de tot el text i que en certs moments arriben a constituir aut\u00e8ntics gags\u201d.<\/p>\n<p>Despr\u00e9s d\u2019aix\u00f2, Alfred Quintana ha adre\u00e7at unes paraules als assistents i ell mateix ha ha llegit un fragment del conte guanyador.<\/p>\n<p>Finalment, la Sra. Montserrat Rodr\u00edguez, Tinenta d\u2019alcalde de Matar\u00f3, ha clos l\u2019acte mostrant la seva satisfacci\u00f3 per haver-hi assistit i encoratjant l\u2019organitzaci\u00f3 del premi.<\/p>\n<p>L\u2019Associaci\u00f3 Cultural Helena Jubany i Lorente ha institu\u00eft aquest premi, que convoca cada any, amb el desig de mantenir viu el record de l\u2019Helena i encomanar el seu gust pel llibre, la creaci\u00f3 liter\u00e0ria i l\u2019activitat de narrar de viva veu hist\u00f2ries i contes.<\/p>\n<p>L\u2019Helena Jubany va ser assassinada, ara fa onze anys, el dia 2 de desembre de 2001 i encara avui, la policia i la just\u00edcia no han sabut aclarir l\u2019autoria de la seva mort i han desistit d\u2019identificar i trobar els culpables.<\/p>\n<p>El conte <em>L\u2019Alemany \u00e9s f\u00e0cil<\/em> ser\u00e0 <strong>p\u00fablicat \u00edntegrament al <a href=\"http:\/\/www.ara.cat\/\" target=\"_blank\" rel=\"noopener\">diari ARA<\/a><\/strong> a l\u2019edici\u00f3 de diumenge que ve, dia 9 de desembre.<\/p>\n","protected":false},"excerpt":{"rendered":"<p>L\u2019alemany \u00e9s f\u00e0cil d\u2019Alfred Quintana ha guanyat el V Premi Helena Jubany de narraci\u00f3 curta o recull de contes per a ser explicats, lliurat aquest migdia a Matar\u00f3. L\u2019acte de lliurament del premi, celebrat al local de la colla castellera dels capgrossos de Matar\u00f3,\u00a0 ha comptat amb l\u2019assit\u00e8ncia de Montserrat Rodr\u00edguez, tinenta d\u2019alcalde de l\u2019Ajuntament [&hellip;]<\/p>\n","protected":false},"author":1,"featured_media":126,"comment_status":"open","ping_status":"open","sticky":false,"template":"","format":"standard","meta":{"_et_pb_use_builder":"","_et_pb_old_content":"","_et_gb_content_width":"","footnotes":""},"categories":[5],"tags":[26],"class_list":["post-132","post","type-post","status-publish","format-standard","has-post-thumbnail","hentry","category-premi-2012","tag-obres-guanyadores"],"_links":{"self":[{"href":"https:\/\/helena.jubany.cat\/associacio\/wp-json\/wp\/v2\/posts\/132","targetHints":{"allow":["GET"]}}],"collection":[{"href":"https:\/\/helena.jubany.cat\/associacio\/wp-json\/wp\/v2\/posts"}],"about":[{"href":"https:\/\/helena.jubany.cat\/associacio\/wp-json\/wp\/v2\/types\/post"}],"author":[{"embeddable":true,"href":"https:\/\/helena.jubany.cat\/associacio\/wp-json\/wp\/v2\/users\/1"}],"replies":[{"embeddable":true,"href":"https:\/\/helena.jubany.cat\/associacio\/wp-json\/wp\/v2\/comments?post=132"}],"version-history":[{"count":3,"href":"https:\/\/helena.jubany.cat\/associacio\/wp-json\/wp\/v2\/posts\/132\/revisions"}],"predecessor-version":[{"id":4482,"href":"https:\/\/helena.jubany.cat\/associacio\/wp-json\/wp\/v2\/posts\/132\/revisions\/4482"}],"wp:featuredmedia":[{"embeddable":true,"href":"https:\/\/helena.jubany.cat\/associacio\/wp-json\/wp\/v2\/media\/126"}],"wp:attachment":[{"href":"https:\/\/helena.jubany.cat\/associacio\/wp-json\/wp\/v2\/media?parent=132"}],"wp:term":[{"taxonomy":"category","embeddable":true,"href":"https:\/\/helena.jubany.cat\/associacio\/wp-json\/wp\/v2\/categories?post=132"},{"taxonomy":"post_tag","embeddable":true,"href":"https:\/\/helena.jubany.cat\/associacio\/wp-json\/wp\/v2\/tags?post=132"}],"curies":[{"name":"wp","href":"https:\/\/api.w.org\/{rel}","templated":true}]}}