{"id":116,"date":"2012-11-27T08:02:24","date_gmt":"2012-11-27T08:02:24","guid":{"rendered":"http:\/\/www.jubanywp.cat.mialias.net\/associacio\/2012\/11\/27\/acte-de-lliurament-del-v-premi-helena-jubany-2012\/"},"modified":"2022-06-04T00:56:33","modified_gmt":"2022-06-04T00:56:33","slug":"acte-de-lliurament-del-v-premi-helena-jubany-2012","status":"publish","type":"post","link":"https:\/\/helena.jubany.cat\/associacio\/acte-de-lliurament-del-v-premi-helena-jubany-2012\/","title":{"rendered":"Acte de lliurament del V Premi Helena Jubany (2012)"},"content":{"rendered":"<p>El <strong>2 de desembre<\/strong>, diumenge, tindr\u00e0 lloc el lliurament del V Premi Helena Jubany de narraci\u00f3 curta o recull de contes per a ser explicats. L&#8217;acte tindr\u00e0 lloc a les <strong>12 del migdia<\/strong> a la seu de la colla castellera <strong>Capgrossos<\/strong>, carrer Herrera, 59 de <strong>Matar\u00f3<\/strong>.<\/p>\n<p>Es tracta de la 5a edici\u00f3 de l&#8217;atorgament d&#8217;aquest premi, \u00fanic en la seva modalitat, que premia relats concebuts per a ser explicats davant d&#8217;un p\u00fablic.<\/p>\n<p>El premi, creat en <strong>record<\/strong> d&#8217;Helena Jubany, periodista i bibliotec\u00e0ria, est\u00e0 dotat amb 3.000 euros i la publicaci\u00f3 de l&#8217;obra guanyadora al diari Ara.<\/p>\n<p>At\u00e8s que la policia i la just\u00edcia havien desistit d&#8217;aclarir l&#8217;assassinat d&#8217;Helena Jubany, ocorregut l&#8217;any 2001, l&#8217;Associaci\u00f3 Cultural Helena Jubany institu\u00ed, l&#8217;any 2008, aquest premi per mantenir-ne la mem\u00f2ria.<\/p>\n<p>Els guardonats en edicions anteriors han estat el barcelon\u00ed <strong>Xavier Cab\u00fas<\/strong> amb <strong><em>El karma del carnisser<\/em><\/strong> (2008), l&#8217;alacant\u00ed <strong>Joan Llu\u00eds Moreno<\/strong> amb <em><strong>Compta comptes<\/strong><\/em> (2009), el sabadellenc <strong>Jordi Sol\u00e9<\/strong> amb <em><strong>Blanc<\/strong><\/em> (2010) i la mataronino-parisenca <strong>Marina Guardiola<\/strong> amb l&#8217;obra <em><strong>Amunt<\/strong><\/em> (2012).<\/p>\n","protected":false},"excerpt":{"rendered":"<p>El 2 de desembre, diumenge, tindr\u00e0 lloc el lliurament del V Premi Helena Jubany de narraci\u00f3 curta o recull de contes per a ser explicats. L&#8217;acte tindr\u00e0 lloc a les 12 del migdia a la seu de la colla castellera Capgrossos, carrer Herrera, 59 de Matar\u00f3. Es tracta de la 5a edici\u00f3 de l&#8217;atorgament d&#8217;aquest [&hellip;]<\/p>\n","protected":false},"author":1,"featured_media":114,"comment_status":"open","ping_status":"open","sticky":false,"template":"","format":"standard","meta":{"_et_pb_use_builder":"","_et_pb_old_content":"","_et_gb_content_width":"","footnotes":""},"categories":[5],"tags":[],"class_list":["post-116","post","type-post","status-publish","format-standard","has-post-thumbnail","hentry","category-premi-2012"],"_links":{"self":[{"href":"https:\/\/helena.jubany.cat\/associacio\/wp-json\/wp\/v2\/posts\/116","targetHints":{"allow":["GET"]}}],"collection":[{"href":"https:\/\/helena.jubany.cat\/associacio\/wp-json\/wp\/v2\/posts"}],"about":[{"href":"https:\/\/helena.jubany.cat\/associacio\/wp-json\/wp\/v2\/types\/post"}],"author":[{"embeddable":true,"href":"https:\/\/helena.jubany.cat\/associacio\/wp-json\/wp\/v2\/users\/1"}],"replies":[{"embeddable":true,"href":"https:\/\/helena.jubany.cat\/associacio\/wp-json\/wp\/v2\/comments?post=116"}],"version-history":[{"count":1,"href":"https:\/\/helena.jubany.cat\/associacio\/wp-json\/wp\/v2\/posts\/116\/revisions"}],"predecessor-version":[{"id":3072,"href":"https:\/\/helena.jubany.cat\/associacio\/wp-json\/wp\/v2\/posts\/116\/revisions\/3072"}],"wp:featuredmedia":[{"embeddable":true,"href":"https:\/\/helena.jubany.cat\/associacio\/wp-json\/wp\/v2\/media\/114"}],"wp:attachment":[{"href":"https:\/\/helena.jubany.cat\/associacio\/wp-json\/wp\/v2\/media?parent=116"}],"wp:term":[{"taxonomy":"category","embeddable":true,"href":"https:\/\/helena.jubany.cat\/associacio\/wp-json\/wp\/v2\/categories?post=116"},{"taxonomy":"post_tag","embeddable":true,"href":"https:\/\/helena.jubany.cat\/associacio\/wp-json\/wp\/v2\/tags?post=116"}],"curies":[{"name":"wp","href":"https:\/\/api.w.org\/{rel}","templated":true}]}}