{"id":111,"date":"2012-06-05T14:53:01","date_gmt":"2012-06-05T14:53:01","guid":{"rendered":"http:\/\/www.jubanywp.cat.mialias.net\/associacio\/2012\/06\/05\/bases-v-premi-literari-helena-jubany-2012\/"},"modified":"2023-12-06T19:07:06","modified_gmt":"2023-12-06T19:07:06","slug":"bases-2012","status":"publish","type":"post","link":"https:\/\/helena.jubany.cat\/associacio\/bases-2012\/","title":{"rendered":"Bases V Premi literari Helena Jubany (2012)"},"content":{"rendered":"<p>El diari Ara i l\u2019associaci\u00f3 cultural Helena Jubany i Lorente, amb el suport de l\u2019Ajuntament de Matar\u00f3, i la col\u00b7laboraci\u00f3 de la Biblioteca Frederic Alonso i Orfila de Sentmenat, la llibreria Robafaves de Matar\u00f3, l\u2019Associaci\u00f3 Tant\u00e0gora de Barcelona, i l\u2019espai \u00c0gora de Sabadell, amb la finalitat de mantenir viu el record de l\u2019Helena, enamorada del m\u00f3n dels llibres des de tots els angles (lectora obstinada, periodista de cr\u00f2niques culturals, llibretera, bibliotec\u00e0ria, autora de ressenyes, correctora, escriptora novella i narradora de contes), i d\u2019encomanar el seu gust per la lectura i la ficci\u00f3 liter\u00e0ria tant en el vessant escrit com en el de la transmissi\u00f3 oral, convoca el V premi Helena Jubany de narraci\u00f3 curta o recull de contes per a ser explicats d\u2019acord amb les bases seg\u00fcents:<\/p>\n<p><a href=\"http:\/\/helena.jubany.cat\/associacio\/wp-content\/uploads\/2012\/06\/bases_V_premi_helena_jubany-2012-1.pdf\">Bases V premi Helena Jubany (2012)<\/a><\/p>\n<p><!--more--><\/p>\n<h3>1) PARTICIPANTS<\/h3>\n<p>Podran optar al premi tots els treballs consistents en narracions curtes o recull de contes in\u00e8dits i no publicats a Internet, originals i escrits en llengua catalana, que tinguin, en conjunt, una extensi\u00f3 m\u00ednima de 10 fulls (que han de contenir 21000 car\u00e0cters, espais inclosos) i m\u00e0xima de 25 fulls i que no hagin estat premiats en altres concursos.<\/p>\n<p>L\u2019autoria pot ser individual o col\u00b7lectiva i cada autor nom\u00e9s podr\u00e0 presentar una obra. No podran participar en aquest concurs les persones que ja hagin obtingut el Premi Helena Jubany en anys anteriors. El fet de participar-hi implica la total acceptaci\u00f3 d\u2019aquestes bases.<\/p>\n<h3>2) LES OBRES<\/h3>\n<p>Les obres presentades han d\u2019anar adre\u00e7ades a un p\u00fablic que tingui de 12 a 99 anys.<\/p>\n<h3>3) EL PREMI<\/h3>\n<p>El premi consistir\u00e0 en 3.000 euros i la publicaci\u00f3 i distribuci\u00f3 de l\u2019obra amb el diari ARA.<\/p>\n<h3>4) PRESENTACI\u00d3 D\u2019ORIGINALS<\/h3>\n<p>Els originals es presentaran en cinc c\u00f2pies, mecanografiats en fulls DIN A4 escrits per una sola cara, a doble espai, amb lletra tipus Times New Roman de cos 12 i degudament relligats. F\u00f3ra bo que se\u2019n present\u00e9s tamb\u00e9 una versi\u00f3 oral enregistrada en un DVD o en MP3 (la veu podria ser la de l\u2019autor o la d\u2019una altra persona).<\/p>\n<p>Les obres hauran de tenir t\u00edtol i aniran signades amb pseud\u00f2nim. S\u2019hauran de presentar acompanyades d\u2019una plica amb el lema o t\u00edtol; a dins hi haur\u00e0: a) el nom i cognoms de l\u2019autor; b) el NIF, el n\u00famero del passaport o de qualsevol altre document oficial identificatiu; c) l\u2019adre\u00e7a postal i l\u2019electr\u00f2nica; i d) el tel\u00e8fon.<\/p>\n<p>. Tamb\u00e9 se n\u2019ha d\u2019enviar una c\u00f2pia en format digital, en versi\u00f3 Open Office o Microsoft Word, a les adreces electr\u00f2niques seg\u00fcents: <a href=\"mailto:helena@jubany.cat\">helena@jubany.cat<\/a> i <a href=\"mailto:premihjubany@robafaves.com.\">premihjubany@robafaves.com.<\/a><\/p>\n<p>El termini d\u2019admissi\u00f3 dels treballs es clour\u00e0 el dia 1 d\u2019octubre de 2012 a les 8 del vespre.<\/p>\n<h3>5) EL JURAT<\/h3>\n<p>El jurat estar\u00e0 format per Elvira Carri\u00f3, professora de teatre d\u2019IES Pla d\u2019en Boet, Lloren\u00e7 Soldevila, professor de la Universitat de Vic, Llu\u00efsa Esteve, bibliotec\u00e0ria i professora, N\u00faria Ribas, directora de la biblioteca de Sentmenat, Pep Duran, llibreter de Robafaves i traginer de contes, Roser Ros, presidenta de Tant\u00e0gora, Roser Trilla, professora de llengua i literatura, i Joan Jubany, que actuar\u00e0 de secretari sense vot.<\/p>\n<p>A l\u2019hora d\u2019emetre el veredicte, el jurat tindr\u00e0 en compte la qualitat liter\u00e0ria de les obres presentades i el fet que tinguin caracter\u00edstiques tals que les facin adequades per ser transmeses oralment.<\/p>\n<p>El premi i la dotaci\u00f3 \u00e9s indivisible i el veredicte \u00e9s inapel\u00b7lable. El jurat podr\u00e0 declarar desert el premi si considera que cap de les obres presentades no n\u2019\u00e9s mereixedora. Tamb\u00e9 t\u00e9 la facultat d\u2019interpretar aquestes bases i de suplir-ne les llacunes com cregui convenient.<\/p>\n<p>El jurat, si ho creu escaient, podr\u00e0 proposar la publicaci\u00f3 de les obres finalistes no premiades que consideri que excel\u00b7leixen per la seva qualitat.<\/p>\n<h3>6) LLIURAMENT DEL PREMI<\/h3>\n<p>El lliurament del premi es far\u00e0 a Matar\u00f3 el dia 2 de desembre de 2012 al lloc i hora que es faran p\u00fablics oportunament.<\/p>\n<p>El guanyador o guanyadora es compromet a assistir a l\u2019acte de lliurament del premi. Davant la impossibilitat d\u2019assistir-hi personalment, podr\u00e0 delegar, per escrit, la seva representaci\u00f3 en una altra persona.<\/p>\n<h3>7) PUBLICACI\u00d3 DE L\u2019OBRA<\/h3>\n<p>L\u2019atorgament del premi suposa:<\/p>\n<p>\u2022 La distribuci\u00f3 gratu\u00efta amb el diari ARA el dia que l\u2019ARA estimi oport\u00fa.<\/p>\n<p>\u2022 Que l\u2019autor de l\u2019obra guardonada en cedeix exclusivament durant 15 anys els drets d\u2019explotaci\u00f3 en qualsevol llengua i per qualsevol mitj\u00e0 a l\u2019Associaci\u00f3 Cultural Helena Jubany i Lorente, que podr\u00e0 pactar les condicions de publicaci\u00f3 amb les editorials i cedir-los els drets d\u2019explotaci\u00f3.<\/p>\n<p>\u2022 Que en cas de dur a terme una publicaci\u00f3 a part de la que far\u00e0 el diari ARA, l\u2019autor guardonat s\u2019obliga a subscriure el contracte o contractes d\u2019edici\u00f3, de cessi\u00f3 de drets d\u2019explotaci\u00f3 sobre l\u2019obra premiada i tots els documents que calgui per formalitzar oportunament les cessions.<\/p>\n<p>\u2022 Que la decisi\u00f3 sobre la modalitat en qu\u00e8 s\u2019hagu\u00e9s d\u2019efectuar cada edici\u00f3 de l\u2019obra, les il\u00b7lustracions i registres orals que haguessin d\u2019acompanyar el text premiat i la distribuci\u00f3 comercial correspondria \u00fanicament i exclusiva a l\u2019editorial.<\/p>\n<p>\u2022 Que els drets d\u2019autor es comptarien sobre el 10% del preu de venda al p\u00fablic sense IVA per les edicions en qu\u00e8 nom\u00e9s figur\u00e9s el text escrit i el 6% per les edicions en qu\u00e8 el text an\u00e9s acompanyat d\u2019il\u00b7lustracions.<\/p>\n<p>\u2022 En cas que l\u2019Associaci\u00f3 ced\u00eds els drets d\u2019explotaci\u00f3 a tercers per a la traducci\u00f3 i publicaci\u00f3 de l\u2019obra en lleg\u00fces que no siguin el catal\u00e0 ni l\u2019espanyol, la remuneraci\u00f3 de l\u2019autor seria del 50% dels ingressos nets que se n\u2019obtinguessin.<\/p>\n<h3>8) RETORN D\u2019ORIGINALS<\/h3>\n<p>Els originals no premiats es podran recollir, havent avisat amb anterioritat, a la llibreria Robafaves de Matar\u00f3 en un termini m\u00e0xim de dos mesos a comptar des de la data de lliurament del premi. Un cop transcorregut aquest termini, l\u2019organitzaci\u00f3 entendr\u00e0 que els autors hi renuncien i els destruir\u00e0. Els autors que vulguin rebre els exemplars per correu hauran d\u2019assumir les despeses d\u2019enviament.<\/p>\n<p>Matar\u00f3, maig de 2012<\/p>\n<p><a href=\"http:\/\/helena.jubany.cat\/associacio\/wp-content\/uploads\/2012\/06\/bases_V_premi_helena_jubany-2012-1.pdf\">Bases V premi Helena Jubany (2012)<\/a><\/p>\n","protected":false},"excerpt":{"rendered":"<p>El diari Ara i l\u2019associaci\u00f3 cultural Helena Jubany i Lorente, amb el suport de l\u2019Ajuntament de Matar\u00f3, i la col\u00b7laboraci\u00f3 de la Biblioteca Frederic Alonso i Orfila de Sentmenat, la llibreria Robafaves de Matar\u00f3, l\u2019Associaci\u00f3 Tant\u00e0gora de Barcelona, i l\u2019espai \u00c0gora de Sabadell, amb la finalitat de mantenir viu el record de l\u2019Helena, enamorada del [&hellip;]<\/p>\n","protected":false},"author":1,"featured_media":108,"comment_status":"open","ping_status":"open","sticky":false,"template":"","format":"standard","meta":{"_et_pb_use_builder":"","_et_pb_old_content":"","_et_gb_content_width":"","footnotes":""},"categories":[5],"tags":[25],"class_list":["post-111","post","type-post","status-publish","format-standard","has-post-thumbnail","hentry","category-premi-2012","tag-bases-del-premi"],"_links":{"self":[{"href":"https:\/\/helena.jubany.cat\/associacio\/wp-json\/wp\/v2\/posts\/111","targetHints":{"allow":["GET"]}}],"collection":[{"href":"https:\/\/helena.jubany.cat\/associacio\/wp-json\/wp\/v2\/posts"}],"about":[{"href":"https:\/\/helena.jubany.cat\/associacio\/wp-json\/wp\/v2\/types\/post"}],"author":[{"embeddable":true,"href":"https:\/\/helena.jubany.cat\/associacio\/wp-json\/wp\/v2\/users\/1"}],"replies":[{"embeddable":true,"href":"https:\/\/helena.jubany.cat\/associacio\/wp-json\/wp\/v2\/comments?post=111"}],"version-history":[{"count":5,"href":"https:\/\/helena.jubany.cat\/associacio\/wp-json\/wp\/v2\/posts\/111\/revisions"}],"predecessor-version":[{"id":4496,"href":"https:\/\/helena.jubany.cat\/associacio\/wp-json\/wp\/v2\/posts\/111\/revisions\/4496"}],"wp:featuredmedia":[{"embeddable":true,"href":"https:\/\/helena.jubany.cat\/associacio\/wp-json\/wp\/v2\/media\/108"}],"wp:attachment":[{"href":"https:\/\/helena.jubany.cat\/associacio\/wp-json\/wp\/v2\/media?parent=111"}],"wp:term":[{"taxonomy":"category","embeddable":true,"href":"https:\/\/helena.jubany.cat\/associacio\/wp-json\/wp\/v2\/categories?post=111"},{"taxonomy":"post_tag","embeddable":true,"href":"https:\/\/helena.jubany.cat\/associacio\/wp-json\/wp\/v2\/tags?post=111"}],"curies":[{"name":"wp","href":"https:\/\/api.w.org\/{rel}","templated":true}]}}